{"id":539992,"date":"2022-08-04T14:16:27","date_gmt":"2022-08-04T12:16:27","guid":{"rendered":"https:\/\/www.hashtag.al\/?p=539992"},"modified":"2022-08-04T15:34:54","modified_gmt":"2022-08-04T13:34:54","slug":"hesht-se-7-vjecarja-vdiq-nga-neglizhenca-e-burrit-ish-burrit-dhe-bosit-tend-te-perjetshem-plas-keq-mes-evi-kokalarit-dhe-delina-ficos","status":"publish","type":"post","link":"https:\/\/www.hashtag.al\/index.php\/2022\/08\/04\/hesht-se-7-vjecarja-vdiq-nga-neglizhenca-e-burrit-ish-burrit-dhe-bosit-tend-te-perjetshem-plas-keq-mes-evi-kokalarit-dhe-delina-ficos\/","title":{"rendered":"\u201cHesht se 7-vje\u00e7arja vdiq nga neglizhenca e burrit, ish-burrit dhe bosit t\u00ebnd t\u00eb p\u00ebrjetsh\u00ebm\u201d- Plas keq mes Evi Kokalarit dhe Delina Ficos","gt_translate_keys":[{"key":"rendered","format":"text"}]},"content":{"rendered":"<p><span style=\"color: #000000;\"><a href=\"https:\/\/www.hashtag.al\/wp-content\/uploads\/2022\/08\/kokalari-fico.jpg\"><img loading=\"lazy\" decoding=\"async\" class=\"aligncenter size-full wp-image-539995\" src=\"https:\/\/www.hashtag.al\/wp-content\/uploads\/2022\/08\/kokalari-fico.jpg\" alt=\"\" width=\"2000\" height=\"1000\" srcset=\"https:\/\/www.hashtag.al\/wp-content\/uploads\/2022\/08\/kokalari-fico.jpg 2000w, https:\/\/www.hashtag.al\/wp-content\/uploads\/2022\/08\/kokalari-fico-300x150.jpg 300w, https:\/\/www.hashtag.al\/wp-content\/uploads\/2022\/08\/kokalari-fico-1024x512.jpg 1024w, https:\/\/www.hashtag.al\/wp-content\/uploads\/2022\/08\/kokalari-fico-768x384.jpg 768w, https:\/\/www.hashtag.al\/wp-content\/uploads\/2022\/08\/kokalari-fico-1536x768.jpg 1536w\" sizes=\"auto, (max-width: 2000px) 100vw, 2000px\" \/><\/a><\/span><\/p>\n<p><span style=\"color: #000000;\">Aktivistja Evi Kokalari dhe bashk\u00ebshortja e ministrit t\u00eb Brendsh\u00ebm Bledi \u00c7u\u00e7it, Delina Fico, jan\u00eb futur p\u00ebrs\u00ebri n\u00eb nj\u00eb debat n\u00eb rrjet p\u00ebrmes komentesh.<\/span><\/p>\n<p><span style=\"color: #000000;\">Kokalari reagoi lidhur me nj\u00eb koment t\u00eb b\u00ebr\u00eb viral t\u00eb zonj\u00ebs Fico, ku ajo shprehet se ngjarje si ajo e Himar\u00ebs ku humbi jet\u00ebn nj\u00eb 7-vje\u00e7are ndodhin kudo, n\u00eb \u00e7do vend t\u00eb bot\u00ebs.<\/span><\/p>\n<p><span style=\"color: #000000;\">Zonja Kokalari e etiketon at\u00eb n\u00eb nj\u00eb postim n\u00eb \u201cFacebook\u201d dhe i k\u00ebrkon t\u00eb hesht\u00eb mbi ngjarjen, sepse shkaku qe neglizhenca e burrit t\u00eb saj minist\u00ebr dhe qeveris\u00eb s\u00eb kryeministrit Edi Rama, me t\u00eb cilin p\u00ebrflitet se ka qen\u00eb n\u00eb nj\u00eb lidhje rreth 6-vje\u00e7are para martes\u00ebs s\u00eb saj me \u00c7u\u00e7in.<\/span><\/p>\n<p><em><span style=\"color: #000000;\">\u201cThuajini Delina Ficos t\u00eb mbaj qet\u00ebsi t\u00eb lutem dhe t\u00eb mos komentoi, sepse megjith\u00ebse ka t\u00eb drejt\u00eb kur thot\u00eb q\u00eb k\u00ebto tragjedi ndodhin n\u00eb t\u00eb gjith\u00eb bot\u00ebn, anashkalon faktin q\u00eb shkaku qe nj\u00eb neglizhenc\u00eb e plot\u00eb e qeveris\u00eb s\u00eb burrit, ish-burrit dhe bosit t\u00eb saj t\u00eb p\u00ebrjetsh\u00ebm.<\/span><\/em><\/p>\n<p><em><span style=\"color: #000000;\">Doja t\u00eb thoja, k\u00ebto pallavra t\u2019i mbaj p\u00ebr n\u00eb dhom\u00ebn e gjumit, kur ti duhet t\u00eb qet\u00ebsoi \u00c7u\u00e7in, se ky popull nuk mban m\u00eb, t\u00eb pakt\u00ebn jo kur vjen tek f\u00ebmija.<\/span><\/em><\/p>\n<p><span style=\"color: #000000;\"><em>Kjo tragjedi \u00ebsht\u00eb nj\u00eb neglizhenc\u00eb totale e qeveris\u00eb Rama, \u00ebsht\u00eb kaq e thjesht\u00eb.\u201d-<\/em> shkruan Kokalari.<\/span><\/p>\n<p><span style=\"color: #000000;\">Por Fico sigurisht nuk i ka pritur mir\u00eb k\u00ebto fjal\u00eb t\u00eb Kokalarit dhe ka shp\u00ebrthyer n\u00eb nj\u00eb lum\u00eb komentesh, jo vet\u00ebm ndaj aktivistes demokrate por edhe ndjek\u00ebsve t\u00eb saj q\u00eb komentonin n\u00eb k\u00ebt\u00eb postim.<\/span><\/p>\n<p><span style=\"color: #000000;\">Fico i k\u00ebrkon Kokalarit t\u00eb heq\u00eb dor\u00eb nga \u201cobsesioni\u201d q\u00eb ka p\u00ebr t\u00eb.<\/span><\/p>\n<p><span style=\"color: #000000;\"><em>\u201cO ti kompetente e keqkuptuar q\u00eb s\u2019di t\u00eb b\u0113sh asgj\u00eb n\u00eb jet\u00eb ve\u00e7 t\u00eb dal\u00ebsh n\u00eb mexhlis mediatik p\u00ebr t\u00eb th\u00ebn\u00eb ose budallall\u00ebqe ose g\u00ebnjeshtra, a do t\u00eb heq\u00ebsh dor\u00eb nga obsesioni q\u00eb ke me mua? Ta kam th\u00ebn\u00eb edhe her\u00eb tjet\u00ebr: Nuk ta kthej dot dashurin\u00eb xheloze\u00a0q\u00eb ke p\u00ebr mua, duke p\u00ebrfshir\u00eb edhe p\u00ebr dhom\u00ebn time t\u00eb gjumit. Dhe kush mendon se je &#8211; Zoti apo Enver Hoxha &#8211; q\u00eb t\u00eb m\u00eb tregosh mua ose kujtdo tjet\u00ebr se \u00e7far\u00eb t\u00eb them apo mos them?<\/em>\u201d- shkruan Fico, e cila vijon t\u00eb postoj\u00eb komente n\u00eb profilin e Kokalarit, ku i kund\u00ebrp\u00ebrgjigjet komentuesve.<\/span><\/p>\n<p><span style=\"color: #000000;\">Kujtojm\u00eb se ky nuk \u00ebsht\u00eb debati i par\u00eb mes Ficos dhe Kokalarit, pasi ato kan\u00eb shp\u00ebrthyer n\u00eb lum\u00eb akuzash kundra nj\u00ebra tjetr\u00ebs edhe pas nj\u00eb debati televiziv dy vite m\u00eb par\u00eb, p\u00ebr zgjedhjet n\u00eb Shtetet e Bashkuara t\u00eb Amerik\u00ebs.<\/span><\/p>\n<p><a href=\"https:\/\/www.hashtag.al\/wp-content\/uploads\/2022\/08\/delina.jpg\"><img loading=\"lazy\" decoding=\"async\" class=\"alignright wp-image-539993 size-medium\" src=\"https:\/\/www.hashtag.al\/wp-content\/uploads\/2022\/08\/delina-300x143.jpg\" alt=\"\" width=\"300\" height=\"143\" srcset=\"https:\/\/www.hashtag.al\/wp-content\/uploads\/2022\/08\/delina-300x143.jpg 300w, https:\/\/www.hashtag.al\/wp-content\/uploads\/2022\/08\/delina.jpg 467w\" sizes=\"auto, (max-width: 300px) 100vw, 300px\" \/><\/a><a href=\"https:\/\/www.hashtag.al\/wp-content\/uploads\/2022\/08\/kok.jpg\"><img loading=\"lazy\" decoding=\"async\" class=\"alignleft wp-image-539994 size-medium\" src=\"https:\/\/www.hashtag.al\/wp-content\/uploads\/2022\/08\/kok-300x154.jpg\" alt=\"\" width=\"300\" height=\"154\" srcset=\"https:\/\/www.hashtag.al\/wp-content\/uploads\/2022\/08\/kok-300x154.jpg 300w, https:\/\/www.hashtag.al\/wp-content\/uploads\/2022\/08\/kok.jpg 500w\" sizes=\"auto, (max-width: 300px) 100vw, 300px\" \/><\/a><\/p>\n<p>&nbsp;<\/p>\n<p>&nbsp;<\/p>\n<p>&nbsp;<\/p>\n<p>&nbsp;<\/p>\n<p><span style=\"color: #000000;\"><strong>P\u00ebrplasja e Ficos me komentuesit e Kokalarit:<\/strong><\/span><\/p>\n<p><a href=\"https:\/\/www.hashtag.al\/wp-content\/uploads\/2022\/08\/1kom.jpg\"><img loading=\"lazy\" decoding=\"async\" class=\"aligncenter size-full wp-image-539999\" src=\"https:\/\/www.hashtag.al\/wp-content\/uploads\/2022\/08\/1kom.jpg\" alt=\"\" width=\"466\" height=\"400\" srcset=\"https:\/\/www.hashtag.al\/wp-content\/uploads\/2022\/08\/1kom.jpg 466w, https:\/\/www.hashtag.al\/wp-content\/uploads\/2022\/08\/1kom-300x258.jpg 300w\" sizes=\"auto, (max-width: 466px) 100vw, 466px\" \/><\/a><a href=\"https:\/\/www.hashtag.al\/wp-content\/uploads\/2022\/08\/2kom.jpg\"><img loading=\"lazy\" decoding=\"async\" class=\"aligncenter size-full wp-image-540000\" src=\"https:\/\/www.hashtag.al\/wp-content\/uploads\/2022\/08\/2kom.jpg\" alt=\"\" width=\"479\" height=\"286\" srcset=\"https:\/\/www.hashtag.al\/wp-content\/uploads\/2022\/08\/2kom.jpg 479w, https:\/\/www.hashtag.al\/wp-content\/uploads\/2022\/08\/2kom-300x179.jpg 300w\" sizes=\"auto, (max-width: 479px) 100vw, 479px\" \/><\/a><a href=\"https:\/\/www.hashtag.al\/wp-content\/uploads\/2022\/08\/3kom.jpg\"><img loading=\"lazy\" decoding=\"async\" class=\"aligncenter size-full wp-image-540001\" src=\"https:\/\/www.hashtag.al\/wp-content\/uploads\/2022\/08\/3kom.jpg\" alt=\"\" width=\"473\" height=\"393\" srcset=\"https:\/\/www.hashtag.al\/wp-content\/uploads\/2022\/08\/3kom.jpg 473w, https:\/\/www.hashtag.al\/wp-content\/uploads\/2022\/08\/3kom-300x249.jpg 300w\" sizes=\"auto, (max-width: 473px) 100vw, 473px\" \/><\/a><\/p>\n<p>&nbsp;<\/p>\n<p>&nbsp;<\/p>\n","protected":false,"gt_translate_keys":[{"key":"rendered","format":"html"}]},"excerpt":{"rendered":"<p>Aktivistja Evi Kokalari dhe bashk\u00ebshortja e ministrit t\u00eb Brendsh\u00ebm Bledi \u00c7u\u00e7it, Delina Fico, jan\u00eb futur p\u00ebrs\u00ebri n\u00eb nj\u00eb debat n\u00eb rrjet p\u00ebrmes komentesh. Kokalari reagoi lidhur me nj\u00eb koment t\u00eb b\u00ebr\u00eb viral t\u00eb zonj\u00ebs Fico, ku ajo shprehet se ngjarje si ajo e Himar\u00ebs ku humbi jet\u00ebn nj\u00eb 7-vje\u00e7are ndodhin kudo, n\u00eb \u00e7do vend t\u00eb [&hellip;]<\/p>\n","protected":false,"gt_translate_keys":[{"key":"rendered","format":"html"}]},"author":30,"featured_media":539995,"comment_status":"closed","ping_status":"closed","sticky":false,"template":"","format":"standard","meta":{"footnotes":""},"categories":[22,65,13],"tags":[],"class_list":["post-539992","post","type-post","status-publish","format-standard","has-post-thumbnail","hentry","category-ballina","category-lajme","category-te-fundit"],"gt_translate_keys":[{"key":"link","format":"url"}],"_links":{"self":[{"href":"https:\/\/www.hashtag.al\/index.php\/wp-json\/wp\/v2\/posts\/539992","targetHints":{"allow":["GET"]}}],"collection":[{"href":"https:\/\/www.hashtag.al\/index.php\/wp-json\/wp\/v2\/posts"}],"about":[{"href":"https:\/\/www.hashtag.al\/index.php\/wp-json\/wp\/v2\/types\/post"}],"author":[{"embeddable":true,"href":"https:\/\/www.hashtag.al\/index.php\/wp-json\/wp\/v2\/users\/30"}],"replies":[{"embeddable":true,"href":"https:\/\/www.hashtag.al\/index.php\/wp-json\/wp\/v2\/comments?post=539992"}],"version-history":[{"count":0,"href":"https:\/\/www.hashtag.al\/index.php\/wp-json\/wp\/v2\/posts\/539992\/revisions"}],"wp:featuredmedia":[{"embeddable":true,"href":"https:\/\/www.hashtag.al\/index.php\/wp-json\/wp\/v2\/media\/539995"}],"wp:attachment":[{"href":"https:\/\/www.hashtag.al\/index.php\/wp-json\/wp\/v2\/media?parent=539992"}],"wp:term":[{"taxonomy":"category","embeddable":true,"href":"https:\/\/www.hashtag.al\/index.php\/wp-json\/wp\/v2\/categories?post=539992"},{"taxonomy":"post_tag","embeddable":true,"href":"https:\/\/www.hashtag.al\/index.php\/wp-json\/wp\/v2\/tags?post=539992"}],"curies":[{"name":"wp","href":"https:\/\/api.w.org\/{rel}","templated":true}]}}