{"id":539867,"date":"2022-08-03T17:04:56","date_gmt":"2022-08-03T15:04:56","guid":{"rendered":"https:\/\/www.hashtag.al\/?p=539867"},"modified":"2022-08-03T17:52:34","modified_gmt":"2022-08-03T15:52:34","slug":"stoltenberg-bisedon-me-vucicin-per-tensionet-ne-veri-te-kosoves-nato-gati-te-nderhyje-nese-rrezikohet-stabiliteti","status":"publish","type":"post","link":"https:\/\/www.hashtag.al\/index.php\/2022\/08\/03\/stoltenberg-bisedon-me-vucicin-per-tensionet-ne-veri-te-kosoves-nato-gati-te-nderhyje-nese-rrezikohet-stabiliteti\/","title":{"rendered":"Stoltenberg bisedon me Vu\u00e7i\u00e7in p\u00ebr tensionet n\u00eb Veri t\u00eb Kosov\u00ebs: NATO gati t\u00eb nd\u00ebrhyj\u00eb n\u00ebse rrezikohet stabiliteti","gt_translate_keys":[{"key":"rendered","format":"text"}]},"content":{"rendered":"<p><span style=\"color: #000000;\"><a style=\"color: #000000;\" href=\"https:\/\/www.hashtag.al\/wp-content\/uploads\/2022\/05\/stoltenbergg.jpg\"><img loading=\"lazy\" decoding=\"async\" class=\"aligncenter size-full wp-image-523932\" src=\"https:\/\/www.hashtag.al\/wp-content\/uploads\/2022\/05\/stoltenbergg.jpg\" alt=\"\" width=\"864\" height=\"486\" srcset=\"https:\/\/www.hashtag.al\/wp-content\/uploads\/2022\/05\/stoltenbergg.jpg 864w, https:\/\/www.hashtag.al\/wp-content\/uploads\/2022\/05\/stoltenbergg-300x169.jpg 300w, https:\/\/www.hashtag.al\/wp-content\/uploads\/2022\/05\/stoltenbergg-768x432.jpg 768w\" sizes=\"auto, (max-width: 864px) 100vw, 864px\" \/><\/a><\/span><\/p>\n<p><span style=\"color: #000000;\">Sekretari i P\u00ebrgjithsh\u00ebm i NATO-s, Jens Stoltenberg, ka zhvilluar nj\u00eb bised\u00eb me presidentin serb Aleksand\u00ebr Vu\u00e7i\u00e7 pas tensioneve n\u00eb Veri t\u00eb Kosov\u00ebs.<\/span><\/p>\n<p><span style=\"color: #000000;\">N\u00eb nj\u00eb postim n\u00eb \u201cTwitter\u201d, Stoltenberg shprehet se t\u00eb dyja pal\u00ebt duhet t\u00eb angazhohen n\u00eb m\u00ebnyr\u00eb konstruktive n\u00eb dialogun e nd\u00ebrmjet\u00ebsuar nga BE-ja.<\/span><\/p>\n<p><span style=\"color: #000000;\">Ai shtoi se NATO \u00ebsht\u00eb e gatshme t\u00eb nd\u00ebrhyj\u00eb n\u00ebse rrezikohet stabiliteti.<\/span><\/p>\n<p><span style=\"color: #000000;\"><em>\u201cFola me Presidentin e Serbis\u00eb Aleksandar Vu\u00e7i\u00e7 p\u00ebr tensionet n\u00eb veri t\u00eb Kosov\u00ebs. T\u00eb gjitha pal\u00ebt duhet t\u00eb angazhohen n\u00eb m\u00ebnyr\u00eb konstruktive n\u00eb dialogun e nd\u00ebrmjet\u00ebsuar nga BE-ja dhe t\u00eb zgjidhin dallimet p\u00ebrmes diplomacis\u00eb.<\/em><\/span><\/p>\n<p><span style=\"color: #000000;\"><em>NATO q\u00ebndron e gatshm e t\u00eb nd\u00ebrhyj\u00eb n\u00ebse rrezikohet stabiliteti, bazuar n\u00eb mandatin e OKB-s\u00eb.\u201d<\/em>&#8211; shkruan ai.<\/span><\/p>\n","protected":false,"gt_translate_keys":[{"key":"rendered","format":"html"}]},"excerpt":{"rendered":"<p>Sekretari i P\u00ebrgjithsh\u00ebm i NATO-s, Jens Stoltenberg, ka zhvilluar nj\u00eb bised\u00eb me presidentin serb Aleksand\u00ebr Vu\u00e7i\u00e7 pas tensioneve n\u00eb Veri t\u00eb Kosov\u00ebs. N\u00eb nj\u00eb postim n\u00eb \u201cTwitter\u201d, Stoltenberg shprehet se t\u00eb dyja pal\u00ebt duhet t\u00eb angazhohen n\u00eb m\u00ebnyr\u00eb konstruktive n\u00eb dialogun e nd\u00ebrmjet\u00ebsuar nga BE-ja. Ai shtoi se NATO \u00ebsht\u00eb e gatshme t\u00eb nd\u00ebrhyj\u00eb n\u00ebse [&hellip;]<\/p>\n","protected":false,"gt_translate_keys":[{"key":"rendered","format":"html"}]},"author":30,"featured_media":523932,"comment_status":"closed","ping_status":"closed","sticky":false,"template":"","format":"standard","meta":{"footnotes":""},"categories":[149,13],"tags":[],"class_list":["post-539867","post","type-post","status-publish","format-standard","has-post-thumbnail","hentry","category-kosoverajon","category-te-fundit"],"gt_translate_keys":[{"key":"link","format":"url"}],"_links":{"self":[{"href":"https:\/\/www.hashtag.al\/index.php\/wp-json\/wp\/v2\/posts\/539867","targetHints":{"allow":["GET"]}}],"collection":[{"href":"https:\/\/www.hashtag.al\/index.php\/wp-json\/wp\/v2\/posts"}],"about":[{"href":"https:\/\/www.hashtag.al\/index.php\/wp-json\/wp\/v2\/types\/post"}],"author":[{"embeddable":true,"href":"https:\/\/www.hashtag.al\/index.php\/wp-json\/wp\/v2\/users\/30"}],"replies":[{"embeddable":true,"href":"https:\/\/www.hashtag.al\/index.php\/wp-json\/wp\/v2\/comments?post=539867"}],"version-history":[{"count":0,"href":"https:\/\/www.hashtag.al\/index.php\/wp-json\/wp\/v2\/posts\/539867\/revisions"}],"wp:featuredmedia":[{"embeddable":true,"href":"https:\/\/www.hashtag.al\/index.php\/wp-json\/wp\/v2\/media\/523932"}],"wp:attachment":[{"href":"https:\/\/www.hashtag.al\/index.php\/wp-json\/wp\/v2\/media?parent=539867"}],"wp:term":[{"taxonomy":"category","embeddable":true,"href":"https:\/\/www.hashtag.al\/index.php\/wp-json\/wp\/v2\/categories?post=539867"},{"taxonomy":"post_tag","embeddable":true,"href":"https:\/\/www.hashtag.al\/index.php\/wp-json\/wp\/v2\/tags?post=539867"}],"curies":[{"name":"wp","href":"https:\/\/api.w.org\/{rel}","templated":true}]}}