{"id":539797,"date":"2022-08-03T12:51:13","date_gmt":"2022-08-03T10:51:13","guid":{"rendered":"https:\/\/www.hashtag.al\/?p=539797"},"modified":"2022-08-03T12:52:37","modified_gmt":"2022-08-03T10:52:37","slug":"agjencia-e-mbikeqyrjes-policore-njoftim-per-ngjarjen-ne-himare-ku-u-vra-7-vjecarja","status":"publish","type":"post","link":"https:\/\/www.hashtag.al\/index.php\/2022\/08\/03\/agjencia-e-mbikeqyrjes-policore-njoftim-per-ngjarjen-ne-himare-ku-u-vra-7-vjecarja\/","title":{"rendered":"Agjencia e Mbik\u00ebqyrjes Policore njoftim p\u00ebr ngjarjen n\u00eb Himar\u00eb ku u vra 7-vje\u00e7arja","gt_translate_keys":[{"key":"rendered","format":"text"}]},"content":{"rendered":"<p><span style=\"color: #000000;\"><img loading=\"lazy\" decoding=\"async\" class=\"aligncenter size-full wp-image-539798\" src=\"https:\/\/www.hashtag.al\/wp-content\/uploads\/2022\/08\/potam.jpg\" alt=\"\" width=\"1600\" height=\"900\" srcset=\"https:\/\/www.hashtag.al\/wp-content\/uploads\/2022\/08\/potam.jpg 1600w, https:\/\/www.hashtag.al\/wp-content\/uploads\/2022\/08\/potam-300x169.jpg 300w, https:\/\/www.hashtag.al\/wp-content\/uploads\/2022\/08\/potam-1024x576.jpg 1024w, https:\/\/www.hashtag.al\/wp-content\/uploads\/2022\/08\/potam-768x432.jpg 768w, https:\/\/www.hashtag.al\/wp-content\/uploads\/2022\/08\/potam-1536x864.jpg 1536w\" sizes=\"auto, (max-width: 1600px) 100vw, 1600px\" \/><\/span><\/p>\n<p><span style=\"color: #000000;\">Agjencia e Mbik\u00ebqyrjes Policore ka njoftuar se ka arrestuar punonj\u00ebsin e policis\u00eb A.T. lidhur me ngjarjen e djeshme n\u00eb Himar\u00eb ku u vra nj\u00eb 7-vje\u00e7are q\u00eb u p\u00ebrplas nga nj\u00eb mjet detar q\u00eb drejtohej prej tij. <\/span><\/p>\n<p><span style=\"color: #000000;\">Ai akuzohet p\u00ebr \u2018vrasje nga pakujdesia\u2019 nd\u00ebrsa n\u00eb njoftim jepet edhe dinamika e ngjarjes. <\/span><\/p>\n<p><span style=\"color: #000000;\">N\u00eb njoftim AMP-ja thekson se A.T. pasi \u00ebsht\u00eb futur n\u00eb nj\u00eb zon\u00eb t\u00eb caktuar p\u00ebr pushuesit me mjet lundrues duke shkelur ligjin, n\u00eb p\u00ebrpjekje p\u00ebr t\u00eb kthyer mjetin s\u00ebrish n\u00eb det ka kryer manov\u00ebr t\u00eb pakujdesshme duke goditur 7-vje\u00e7aren me pjes\u00ebn e pasme t\u00eb mjetit lundrues duke i shkaktuar asaj vdekjen. <\/span><\/p>\n<p><span style=\"color: #000000;\">N\u00eb reagimin e AMP-s\u00eb thuhet se po kryhen hetime edhe ndaj drejtuesve t\u00eb strukturave policore t\u00eb Vlor\u00ebs e Himar\u00ebs.<\/span><\/p>\n<p><span style=\"color: #000000;\"><strong>Njoftimi<\/strong><\/span><\/p>\n<p><span style=\"color: #000000;\"><strong><em>\u201c<\/em><\/strong><em>Agjencia e Mbik\u00ebqyrjes Policore (AMP) arrestoi n\u00eb flagranc\u00eb punonj\u00ebsin e Policis\u00eb s\u00eb Shtetit, A.T., me detyr\u00eb Shef i Seksionit t\u00eb Policimit n\u00eb Komunitet n\u00eb Komisariatin e Policis\u00eb Elbasan, p\u00ebr vepr\u00ebn penale \u201cVrasje e kryer nga pakujdesia\u201d parashikuar nga neni 85 i Kodit Penal, n\u00eb rrethanat e m\u00ebposhtme:<\/em><\/span><\/p>\n<p><span style=\"color: #000000;\"><em>N\u00eb dat\u00ebn 02.08.2022, rreth or\u00ebs 14:00, shtetasi A.T., i cili ishte me pushime n\u00eb Himar\u00eb, ka qen\u00eb duke drejtuar nj\u00eb mjet lundrues me dy motor\u00eb, nga Porto Palermo drejt Potamit, nd\u00ebrsa n\u00eb bord kishte edhe familjar\u00eb t\u00eb tij.<\/em><\/span><\/p>\n<p><span style=\"color: #000000;\"><em>N\u00eb vendin e quajtur plazhi i Potamit, n\u00eb kund\u00ebrshtim me rregullat e qarkullimit ujor, shtetasi A.T. ka futur mjetin lundrues n\u00eb hap\u00ebsir\u00ebn ujore t\u00eb p\u00ebrcaktuar p\u00ebr pushuesit. Kjo hap\u00ebsir\u00eb ujore ka qen\u00eb e rrethuar me bova plastike, sipas p\u00ebrcaktimeve n\u00eb aktet ligjore q\u00eb normojn\u00eb k\u00ebt\u00eb aktivitet. <\/em><\/span><\/p>\n<p><span style=\"color: #000000;\"><em>Pasi ka zbarkuar n\u00eb breg personat e tjer\u00eb n\u00eb bord, shtetasi A.T. ka kryer manovrime t\u00eb pakujdesshme p\u00ebr t\u00eb kthyer mjetin lundrues s\u00ebrish n\u00eb det t\u00eb hapur. Nga k\u00ebto manovrime t\u00eb pakujdesshme, 15 metra larg bregut, drejtuesi i mjetit A.T., ka goditur me pjes\u00ebn e prapme t\u00eb mjetit lundrues, shtetasen e mitur J.A., duke i shkaktuar plag\u00eb t\u00eb r\u00ebnda q\u00eb kan\u00eb sjell\u00eb humbjen e menj\u00ebhershme t\u00eb jet\u00ebs.<\/em><\/span><\/p>\n<p><span style=\"color: #000000;\"><em>Pas veprimeve hetimore n\u00eb vendngjarje, administrimin e provave q\u00eb dokumentojn\u00eb faj\u00ebsin\u00eb e shtetasit A.T. p\u00ebr vepr\u00ebn penale t\u00eb \u201cVrasjes s\u00eb kryer nga pakujdesia\u201d, hetimet jan\u00eb shtrir\u00eb edhe ndaj strukturave policore, t\u00eb cilat n\u00eb fush\u00ebn e veprimtaris\u00eb q\u00eb u ngarkon ligji, kan\u00eb p\u00ebrgjegj\u00ebsin\u00eb p\u00ebr kontrollin dhe monitorimin e sigurimit t\u00eb hap\u00ebsirave ujore t\u00eb rrethuar me bova p\u00ebr pushuesit. Gjithashtu grupi hetimor ka sekuestruar mjetit lundrues, i cili rezulton me dokumentacion t\u00eb rregullt ligjor. <\/em><\/span><\/p>\n<p><span style=\"color: #000000;\"><em>Nga veprimet proceduriale t\u00eb kryera deri n\u00eb k\u00ebt\u00eb faz\u00eb, jan\u00eb marr\u00eb n\u00eb cil\u00ebsin\u00eb e personave ndaj t\u00eb cil\u00ebve zhvillohen hetime, drejtuesit e strukturave policore:<\/em><\/span><\/p>\n<p><span style=\"color: #000000;\"><em>&#8211; Kryekomisar SH.H., me detyr\u00eb Drejtor i Drejtoris\u00eb dhe Migracionit n\u00eb DVKM Vlor\u00eb;<\/em><\/span><\/p>\n<p><span style=\"color: #000000;\"><em>&#8211; Komisar F.M. me detyr\u00eb Shef i Sektorit t\u00eb Kufirit n\u00eb DVKM Vlor\u00eb;<\/em><\/span><\/p>\n<p><span style=\"color: #000000;\"><em>&#8211; N\u00ebnkomisar V.LL., me detyr\u00eb Shef i Komisarjatit t\u00eb Policis\u00eb Himar\u00eb;<\/em><\/span><\/p>\n<p><span style=\"color: #000000;\"><em>&#8211; N\u00ebnkomisar N.B., me detyr\u00eb Shef Stacioni i Policis\u00eb Kufitare Dh\u00ebrmi;<\/em><\/span><\/p>\n<p><span style=\"color: #000000;\"><em>&#8211; N\u00ebnkomisar A.D., me detyr\u00eb Shef i Seksionit t\u00eb Rendit n\u00eb Komisariatin e Policis\u00eb Himar\u00eb.<\/em><\/span><\/p>\n<p><span style=\"color: #000000;\"><em>Materialet proceduriale i d\u00ebrgohen Prokuroris\u00eb s\u00eb Rrethit Gjyq\u00ebsor Vlor\u00eb dhe grupi hetimor i AMP vijon hetimet p\u00ebr t\u00eb dokumentuar me prova ligjore p\u00ebrgjegj\u00ebsin\u00eb penale t\u00eb punonj\u00ebsve t\u00eb Policis\u00eb, t\u00eb sip\u00ebrp\u00ebrmendur.<\/em><\/span><\/p>\n<p><span style=\"color: #000000;\"><em>AMP mbetet e p\u00ebrkushtuar n\u00eb misionin e saj p\u00ebr garantimin e zbatimit t\u00eb ligjit dhe fton qytetar\u00ebt t\u00eb denoncojn\u00eb \u00e7do rast t\u00eb abuzimit apo shkeljes s\u00eb ligjit nga ana e punonj\u00ebsve t\u00eb Policis\u00eb s\u00eb Shtetit, duke telefonuar n\u00eb numrin e gjelb\u00ebr 0800 90 90.\u201d<\/em><\/span><\/p>\n","protected":false,"gt_translate_keys":[{"key":"rendered","format":"html"}]},"excerpt":{"rendered":"<p>Agjencia e Mbik\u00ebqyrjes Policore ka njoftuar se ka arrestuar punonj\u00ebsin e policis\u00eb A.T. lidhur me ngjarjen e djeshme n\u00eb Himar\u00eb ku u vra nj\u00eb 7-vje\u00e7are q\u00eb u p\u00ebrplas nga nj\u00eb mjet detar q\u00eb drejtohej prej tij. Ai akuzohet p\u00ebr \u2018vrasje nga pakujdesia\u2019 nd\u00ebrsa n\u00eb njoftim jepet edhe dinamika e ngjarjes. N\u00eb njoftim AMP-ja thekson se [&hellip;]<\/p>\n","protected":false,"gt_translate_keys":[{"key":"rendered","format":"html"}]},"author":51,"featured_media":539798,"comment_status":"closed","ping_status":"closed","sticky":false,"template":"","format":"standard","meta":{"footnotes":""},"categories":[65,13],"tags":[],"class_list":["post-539797","post","type-post","status-publish","format-standard","has-post-thumbnail","hentry","category-lajme","category-te-fundit"],"gt_translate_keys":[{"key":"link","format":"url"}],"_links":{"self":[{"href":"https:\/\/www.hashtag.al\/index.php\/wp-json\/wp\/v2\/posts\/539797","targetHints":{"allow":["GET"]}}],"collection":[{"href":"https:\/\/www.hashtag.al\/index.php\/wp-json\/wp\/v2\/posts"}],"about":[{"href":"https:\/\/www.hashtag.al\/index.php\/wp-json\/wp\/v2\/types\/post"}],"author":[{"embeddable":true,"href":"https:\/\/www.hashtag.al\/index.php\/wp-json\/wp\/v2\/users\/51"}],"replies":[{"embeddable":true,"href":"https:\/\/www.hashtag.al\/index.php\/wp-json\/wp\/v2\/comments?post=539797"}],"version-history":[{"count":0,"href":"https:\/\/www.hashtag.al\/index.php\/wp-json\/wp\/v2\/posts\/539797\/revisions"}],"wp:featuredmedia":[{"embeddable":true,"href":"https:\/\/www.hashtag.al\/index.php\/wp-json\/wp\/v2\/media\/539798"}],"wp:attachment":[{"href":"https:\/\/www.hashtag.al\/index.php\/wp-json\/wp\/v2\/media?parent=539797"}],"wp:term":[{"taxonomy":"category","embeddable":true,"href":"https:\/\/www.hashtag.al\/index.php\/wp-json\/wp\/v2\/categories?post=539797"},{"taxonomy":"post_tag","embeddable":true,"href":"https:\/\/www.hashtag.al\/index.php\/wp-json\/wp\/v2\/tags?post=539797"}],"curies":[{"name":"wp","href":"https:\/\/api.w.org\/{rel}","templated":true}]}}