{"id":539790,"date":"2022-08-03T12:39:34","date_gmt":"2022-08-03T10:39:34","guid":{"rendered":"https:\/\/www.hashtag.al\/?p=539790"},"modified":"2022-08-03T12:40:45","modified_gmt":"2022-08-03T10:40:45","slug":"tragjedia-ne-himar-rama-sulmon-berishen-e-meten-cetat-e-udhehequra-nga-non-gratat-e-ata-me-identitete-te-dyfishta-ligesi-e-verber-e-vampireve-politike-e-mediatike","status":"publish","type":"post","link":"https:\/\/www.hashtag.al\/index.php\/2022\/08\/03\/tragjedia-ne-himar-rama-sulmon-berishen-e-meten-cetat-e-udhehequra-nga-non-gratat-e-ata-me-identitete-te-dyfishta-ligesi-e-verber-e-vampireve-politike-e-mediatike\/","title":{"rendered":"Tragjedia n\u00eb Himar\u00eb, Rama sulmon Berish\u00ebn e Met\u00ebn: \u00c7etat e udh\u00ebhequra nga non gratat e ata me identitete t\u00eb dyfishta, vampir\u00eb politik\u00eb e mediatik\u00eb&#8230;","gt_translate_keys":[{"key":"rendered","format":"text"}]},"content":{"rendered":"<p><img loading=\"lazy\" decoding=\"async\" class=\"aligncenter wp-image-539791 size-full\" src=\"https:\/\/www.hashtag.al\/wp-content\/uploads\/2022\/08\/Edi-Rama-me-gisht-e1659523133654.jpg\" alt=\"\" width=\"1250\" height=\"821\" srcset=\"https:\/\/www.hashtag.al\/wp-content\/uploads\/2022\/08\/Edi-Rama-me-gisht-e1659523133654.jpg 1250w, https:\/\/www.hashtag.al\/wp-content\/uploads\/2022\/08\/Edi-Rama-me-gisht-e1659523133654-300x197.jpg 300w, https:\/\/www.hashtag.al\/wp-content\/uploads\/2022\/08\/Edi-Rama-me-gisht-e1659523133654-1024x673.jpg 1024w, https:\/\/www.hashtag.al\/wp-content\/uploads\/2022\/08\/Edi-Rama-me-gisht-e1659523133654-768x504.jpg 768w\" sizes=\"auto, (max-width: 1250px) 100vw, 1250px\" \/><\/p>\n<p><span style=\"color: #000000;\">Kryeministri Rama e ka quajtur sezonin turistik t\u00eb k\u00ebtij viti m\u00eb t\u00eb rregulltin e m\u00eb t\u00eb pastrin ndonj\u00ebher\u00eb nd\u00ebrsa deri dje edhe m\u00eb t\u00eb qetin e t\u00eb sigurtin. <\/span><\/p>\n<p><span style=\"color: #000000;\">N\u00eb disa postime n\u00eb Twitter ai ka sulmuar kreun e PD-s\u00eb Berisha e at\u00eb t\u00eb Partis\u00eb s\u00eb Liris\u00eb Meta duke th\u00ebn\u00eb se tragjedia e djeshme n\u00eb Himar\u00eb dhe p\u00ebrdorimin e saj prej tyre tregon sh\u00ebmtin\u00eb e pacip\u00eb t\u00eb shpirtit t\u00eb tyre. <\/span><\/p>\n<p><span style=\"color: #000000;\">Kreu i qeveris\u00eb ka sulmuar edhe ato q\u00eb i quan vampir\u00eb politik\u00eb e mediatik\u00eb q\u00eb sipas tij s\u2019l\u00ebn\u00eb plag\u00eb pa futur goj\u00ebn e tyre t\u00eb p\u00ebrdal\u00eb n\u00eb k\u00ebrkim t\u00eb p\u00ebrfitimit miz\u00ebrab\u00ebl n\u00eb shkelje t\u00eb kodeve familjare, morale e komb\u00ebtare.<\/span><\/p>\n<p><span style=\"color: #000000;\">Rama shkruan se shtimi i turizmit e bashk\u00eb me t\u00eb edhe ai i numrit t\u00eb mjeteve lundruese \u00ebsht\u00eb sfid\u00eb e vazhdueshme nd\u00ebrsa n\u00eb fund b\u00ebn thirrje p\u00ebr d\u00ebnim ekstrem ndaj fajtorit t\u00eb tragjedis\u00eb.<\/span><\/p>\n<p><span style=\"color: #000000;\"><em>\u201cKy \u00ebsht\u00eb sezoni m\u00eb i organizuar, m\u00eb i rregullt e m\u00eb i past\u00ebr turistik ndonj\u00ebher\u00eb fal\u00eb pun\u00ebs s\u00eb palodhur q\u00eb kemi nisur qysh shtatorin e shkuar!Ishte deri dje edhe sezoni m\u00eb i qet\u00eb e m\u00eb i sigurt\u00eb,me plazhet publike dhe rrjetin e vrojtuesve t\u00eb plazhit organizuar si asnj\u00ebher\u00eb tjet\u00ebr! <\/em><\/span><\/p>\n<p><span style=\"color: #000000;\"><em>Tragjedia e djeshme ka tronditur t\u00eb madh e t\u00eb vog\u00ebl dhe ka krijuar nj\u00eb ndjenj\u00eb t\u00eb r\u00ebnd\u00eb shqet\u00ebsimi, nd\u00ebrkoh\u00eb q\u00eb Policia e Shtetit po merr t\u00eb gjitha masat p\u00ebr t\u00eb reaguar shum\u00eb m\u00eb fort ndaj sfid\u00ebs s\u00eb garantimit t\u00eb rendit ligjor jo vet\u00ebm n\u00eb qarkullimin rrugor, po edhe at\u00eb ujor. <\/em><\/span><\/p>\n<p><span style=\"color: #000000;\"><em>Vizioni i Shqip\u00ebris\u00eb turistike dhe ambicia q\u00eb kjo t\u00eb jet\u00eb dekada e kthimit t\u00eb vendit ton\u00eb n\u00eb kampionin rajonal t\u00eb turizmit, lidhet edhe me rritjen e lart\u00eb t\u00eb mjeteve lundruese dhe sfid\u00ebn e disiplinimit t\u00eb tyre, q\u00eb nuk \u00ebsht\u00eb nj\u00eb fjal\u00eb goje n\u00eb nj\u00eb vend ku deri dje ato s&#8217;ekzistonin! <\/em><\/span><\/p>\n<p><span style=\"color: #000000;\"><em>Shkarkimi i gjith\u00eb trup\u00ebs s\u00eb drejtoris\u00eb s\u00eb kufirit Vlor\u00eb dhe vendosja e nj\u00eb fokusi t\u00eb shtuar mbi qarkullimin ujor,jan\u00eb hapat e duhur q\u00eb do t\u00eb pasohen nga hapa t\u00eb tjer\u00eb,n\u00eb kushtet kur rritja e p\u00ebrvitshme e numrit t\u00eb mjeteve lundruese p\u00ebrb\u00ebn nj\u00eb sfid\u00eb t\u00eb vazhdueshme p\u00ebr t\u00eb gjith\u00eb!<\/em><\/span><\/p>\n<p><span style=\"color: #000000;\"><em> Madh\u00ebsia e tragjedis\u00eb s\u00eb djeshme n\u00eb Himar\u00eb e b\u00ebn edhe m\u00eb t\u00eb madhe se \u00e7do her\u00eb tjet\u00ebr,lig\u00ebsin\u00eb e verb\u00ebr t\u00eb vampir\u00ebve politik\u00eb e mediatik\u00eb q\u00eb s&#8217;len\u00eb plag\u00eb pa futur goj\u00ebn e tyre t\u00eb p\u00ebrdal\u00eb, duke k\u00ebrkuar p\u00ebrfitimet e tyre mizerab\u00ebl n\u00eb shkelje t\u00eb \u00e7do kodi moral, familjar, komb\u00ebtar! <\/em><\/span><\/p>\n<p><span style=\"color: #000000;\"><em>Sa p\u00ebr \u00e7etat e udh\u00ebhequra nga nongratat dhe nga ata me identitet t\u00eb dyfisht\u00eb q\u00eb k\u00ebrkojn\u00eb ta kthejn\u00eb\u00a0 k\u00ebt\u00eb vdekje tragjike n\u00eb motiv lufte politike, kjo s&#8217;\u00ebsht\u00eb as e para as e fundit her\u00eb kur nj\u00eb fatkeq\u00ebsi q\u00eb trondit shoq\u00ebrin\u00eb, ekspozon sh\u00ebmtin\u00eb e pacip\u00eb t\u00eb shpirtit t\u00eb tyre! Uroj edhe nj\u00ebher\u00eb q\u00eb drejt\u00ebsia t&#8217;i jap\u00eb nd\u00ebshkimin m\u00eb ekstrem fajtorit p\u00ebr k\u00ebt\u00eb tragjedi!\u201d<\/em><\/span><\/p>\n","protected":false,"gt_translate_keys":[{"key":"rendered","format":"html"}]},"excerpt":{"rendered":"<p>Kryeministri Rama e ka quajtur sezonin turistik t\u00eb k\u00ebtij viti m\u00eb t\u00eb rregulltin e m\u00eb t\u00eb pastrin ndonj\u00ebher\u00eb nd\u00ebrsa deri dje edhe m\u00eb t\u00eb qetin e t\u00eb sigurtin. N\u00eb disa postime n\u00eb Twitter ai ka sulmuar kreun e PD-s\u00eb Berisha e at\u00eb t\u00eb Partis\u00eb s\u00eb Liris\u00eb Meta duke th\u00ebn\u00eb se tragjedia e djeshme n\u00eb Himar\u00eb [&hellip;]<\/p>\n","protected":false,"gt_translate_keys":[{"key":"rendered","format":"html"}]},"author":51,"featured_media":539791,"comment_status":"closed","ping_status":"closed","sticky":false,"template":"","format":"standard","meta":{"footnotes":""},"categories":[65,13],"tags":[],"class_list":["post-539790","post","type-post","status-publish","format-standard","has-post-thumbnail","hentry","category-lajme","category-te-fundit"],"gt_translate_keys":[{"key":"link","format":"url"}],"_links":{"self":[{"href":"https:\/\/www.hashtag.al\/index.php\/wp-json\/wp\/v2\/posts\/539790","targetHints":{"allow":["GET"]}}],"collection":[{"href":"https:\/\/www.hashtag.al\/index.php\/wp-json\/wp\/v2\/posts"}],"about":[{"href":"https:\/\/www.hashtag.al\/index.php\/wp-json\/wp\/v2\/types\/post"}],"author":[{"embeddable":true,"href":"https:\/\/www.hashtag.al\/index.php\/wp-json\/wp\/v2\/users\/51"}],"replies":[{"embeddable":true,"href":"https:\/\/www.hashtag.al\/index.php\/wp-json\/wp\/v2\/comments?post=539790"}],"version-history":[{"count":0,"href":"https:\/\/www.hashtag.al\/index.php\/wp-json\/wp\/v2\/posts\/539790\/revisions"}],"wp:featuredmedia":[{"embeddable":true,"href":"https:\/\/www.hashtag.al\/index.php\/wp-json\/wp\/v2\/media\/539791"}],"wp:attachment":[{"href":"https:\/\/www.hashtag.al\/index.php\/wp-json\/wp\/v2\/media?parent=539790"}],"wp:term":[{"taxonomy":"category","embeddable":true,"href":"https:\/\/www.hashtag.al\/index.php\/wp-json\/wp\/v2\/categories?post=539790"},{"taxonomy":"post_tag","embeddable":true,"href":"https:\/\/www.hashtag.al\/index.php\/wp-json\/wp\/v2\/tags?post=539790"}],"curies":[{"name":"wp","href":"https:\/\/api.w.org\/{rel}","templated":true}]}}