{"id":539598,"date":"2022-08-02T15:03:23","date_gmt":"2022-08-02T13:03:23","guid":{"rendered":"https:\/\/www.hashtag.al\/?p=539598"},"modified":"2022-08-02T15:03:23","modified_gmt":"2022-08-02T13:03:23","slug":"eurodeputeti-nxjerr-videon-serbia-po-luan-me-zjarrin-kjo-ndodh-per-5-minuta-nese-vucici-vendos-ta-pushtoje-kosoven","status":"publish","type":"post","link":"https:\/\/www.hashtag.al\/index.php\/2022\/08\/02\/eurodeputeti-nxjerr-videon-serbia-po-luan-me-zjarrin-kjo-ndodh-per-5-minuta-nese-vucici-vendos-ta-pushtoje-kosoven\/","title":{"rendered":"Eurodeputeti nxjerr videon: Serbia po luan me zjarrin, kjo ndodh p\u00ebr 5 minuta n\u00ebse Vu\u00e7i\u00e7i vendos ta pushtoj\u00eb Kosov\u00ebn","gt_translate_keys":[{"key":"rendered","format":"text"}]},"content":{"rendered":"<p><span style=\"color: #000000;\"><a href=\"https:\/\/www.hashtag.al\/wp-content\/uploads\/2022\/08\/Angel-Dzhambazki.jpg\"><img loading=\"lazy\" decoding=\"async\" class=\"aligncenter size-full wp-image-539599\" src=\"https:\/\/www.hashtag.al\/wp-content\/uploads\/2022\/08\/Angel-Dzhambazki.jpg\" alt=\"\" width=\"2560\" height=\"1322\" srcset=\"https:\/\/www.hashtag.al\/wp-content\/uploads\/2022\/08\/Angel-Dzhambazki.jpg 2560w, https:\/\/www.hashtag.al\/wp-content\/uploads\/2022\/08\/Angel-Dzhambazki-300x155.jpg 300w, https:\/\/www.hashtag.al\/wp-content\/uploads\/2022\/08\/Angel-Dzhambazki-1024x529.jpg 1024w, https:\/\/www.hashtag.al\/wp-content\/uploads\/2022\/08\/Angel-Dzhambazki-768x397.jpg 768w, https:\/\/www.hashtag.al\/wp-content\/uploads\/2022\/08\/Angel-Dzhambazki-1536x793.jpg 1536w, https:\/\/www.hashtag.al\/wp-content\/uploads\/2022\/08\/Angel-Dzhambazki-2048x1058.jpg 2048w\" sizes=\"auto, (max-width: 2560px) 100vw, 2560px\" \/><\/a><\/span><\/p>\n<p><span style=\"color: #000000;\">Politikani bullgar Angel Dzhambazki, i cili \u00ebsht\u00eb deputet n\u00eb Parlamentin Europian, ka reaguar lidhur me deklaratat e fundit t\u00eb presidentit serb Aleksandar Vu\u00e7i\u00e7 p\u00ebr Kosov\u00ebn.<\/span><\/p>\n<p><span style=\"color: #000000;\">N\u00eb nj\u00eb postim n\u00eb Twitter, ai ndau nj\u00eb video p\u00ebr t\u00eb treguar se \u00e7far\u00eb do t\u00eb ndodhte p\u00ebr 5 minuta n\u00ebse Vu\u00e7i\u00e7i do t\u00eb vendoste p\u00ebr ta pushtuar Kosov\u00ebn dhe tha se Serbia po luan me zjarrin.<\/span><\/p>\n<p><span style=\"color: #000000;\"><em>\u201cSerbia po luan me zjarrin. N\u00ebse Vu\u00e7i\u00e7 nuk e kontrollon veten, do t\u00eb digjen. Ne q\u00ebndrojm\u00eb me Kosov\u00ebn!\u201d-<\/em> shkroi Dzhambazki.<\/span><\/p>\n<blockquote class=\"twitter-tweet\">\n<p dir=\"ltr\" lang=\"en\"><a href=\"https:\/\/twitter.com\/hashtag\/Serbia?src=hash&amp;ref_src=twsrc%5Etfw\">#Serbia<\/a>\ud83c\uddf7\ud83c\uddf8 is playing with fire. If Vucic does not get a grip they will get burned.<br \/>\nWe stand with <a href=\"https:\/\/twitter.com\/hashtag\/Kosovo?src=hash&amp;ref_src=twsrc%5Etfw\">#Kosovo<\/a>\ud83c\uddfd\ud83c\uddf0! <a href=\"https:\/\/t.co\/Iy9JJTOxC5\">pic.twitter.com\/Iy9JJTOxC5<\/a><\/p>\n<p>\u2014 \u0414\u0436\u0430\u043c\u0431\u0430\u0437\u043a\u0438 (@djambazki) <a href=\"https:\/\/twitter.com\/djambazki\/status\/1554108180619214850?ref_src=twsrc%5Etfw\">August 1, 2022<\/a><\/p><\/blockquote>\n<p><script async src=\"https:\/\/platform.twitter.com\/widgets.js\" charset=\"utf-8\"><\/script><\/p>\n<p><span style=\"color: #000000;\">Ky koment vjen pasi presidenti serb, Aleksandar Vu\u00e7i\u00e7 k\u00ebrc\u00ebnoi Kosov\u00ebn pak para se t\u00eb hynin n\u00eb fuqi dy vendime q\u00eb Qeveria e Kosov\u00ebs i mori n\u00eb fund t\u00eb qershorit p\u00ebr reciprocitet me Serbin\u00eb. Si dhe pas rritjes s\u00eb tensioneve n\u00eb Veri t\u00eb Kosov\u00ebs nga situata.<\/span><\/p>\n<p><span style=\"color: #000000;\"><em>\u201cN\u00ebse ata nuk duan t\u00eb ruajn\u00eb paqen, un\u00eb po ju them \u2013 Serbia do t\u00eb fitoj\u00eb.\u201d-<\/em> paralajm\u00ebronte Vu\u00e7i\u00e7 n\u00eb nj\u00eb intervist\u00eb.<\/span><\/p>\n<p><span style=\"color: #000000;\">Tensionet u shfaq\u00ebn menj\u00ebher\u00eb me vendosjen e barrikadave n\u00eb dy vendkalimet kufitare n\u00eb Jarinj\u00eb dhe B\u00ebrnjak.<\/span><\/p>\n","protected":false,"gt_translate_keys":[{"key":"rendered","format":"html"}]},"excerpt":{"rendered":"<p>Politikani bullgar Angel Dzhambazki, i cili \u00ebsht\u00eb deputet n\u00eb Parlamentin Europian, ka reaguar lidhur me deklaratat e fundit t\u00eb presidentit serb Aleksandar Vu\u00e7i\u00e7 p\u00ebr Kosov\u00ebn. N\u00eb nj\u00eb postim n\u00eb Twitter, ai ndau nj\u00eb video p\u00ebr t\u00eb treguar se \u00e7far\u00eb do t\u00eb ndodhte p\u00ebr 5 minuta n\u00ebse Vu\u00e7i\u00e7i do t\u00eb vendoste p\u00ebr ta pushtuar Kosov\u00ebn dhe [&hellip;]<\/p>\n","protected":false,"gt_translate_keys":[{"key":"rendered","format":"html"}]},"author":30,"featured_media":539599,"comment_status":"closed","ping_status":"closed","sticky":false,"template":"","format":"standard","meta":{"footnotes":""},"categories":[149,13],"tags":[],"class_list":["post-539598","post","type-post","status-publish","format-standard","has-post-thumbnail","hentry","category-kosoverajon","category-te-fundit"],"gt_translate_keys":[{"key":"link","format":"url"}],"_links":{"self":[{"href":"https:\/\/www.hashtag.al\/index.php\/wp-json\/wp\/v2\/posts\/539598","targetHints":{"allow":["GET"]}}],"collection":[{"href":"https:\/\/www.hashtag.al\/index.php\/wp-json\/wp\/v2\/posts"}],"about":[{"href":"https:\/\/www.hashtag.al\/index.php\/wp-json\/wp\/v2\/types\/post"}],"author":[{"embeddable":true,"href":"https:\/\/www.hashtag.al\/index.php\/wp-json\/wp\/v2\/users\/30"}],"replies":[{"embeddable":true,"href":"https:\/\/www.hashtag.al\/index.php\/wp-json\/wp\/v2\/comments?post=539598"}],"version-history":[{"count":0,"href":"https:\/\/www.hashtag.al\/index.php\/wp-json\/wp\/v2\/posts\/539598\/revisions"}],"wp:featuredmedia":[{"embeddable":true,"href":"https:\/\/www.hashtag.al\/index.php\/wp-json\/wp\/v2\/media\/539599"}],"wp:attachment":[{"href":"https:\/\/www.hashtag.al\/index.php\/wp-json\/wp\/v2\/media?parent=539598"}],"wp:term":[{"taxonomy":"category","embeddable":true,"href":"https:\/\/www.hashtag.al\/index.php\/wp-json\/wp\/v2\/categories?post=539598"},{"taxonomy":"post_tag","embeddable":true,"href":"https:\/\/www.hashtag.al\/index.php\/wp-json\/wp\/v2\/tags?post=539598"}],"curies":[{"name":"wp","href":"https:\/\/api.w.org\/{rel}","templated":true}]}}