{"id":539583,"date":"2022-08-02T14:35:05","date_gmt":"2022-08-02T12:35:05","guid":{"rendered":"https:\/\/www.hashtag.al\/?p=539583"},"modified":"2022-08-02T14:49:00","modified_gmt":"2022-08-02T12:49:00","slug":"ka-ardhur-ne-tirane-kush-eshte-ambasadorja-e-be-se-christiane-hohmann","status":"publish","type":"post","link":"https:\/\/www.hashtag.al\/index.php\/2022\/08\/02\/ka-ardhur-ne-tirane-kush-eshte-ambasadorja-e-be-se-christiane-hohmann\/","title":{"rendered":"Ka ardhur n\u00eb Tiran\u00eb, kush \u00ebsht\u00eb ambasadorja e BE-s\u00eb, Christiane Hohmann","gt_translate_keys":[{"key":"rendered","format":"text"}]},"content":{"rendered":"<p><span style=\"color: #000000;\"><a href=\"https:\/\/www.hashtag.al\/wp-content\/uploads\/2022\/06\/Christiane-Hohmann.jpg\"><img loading=\"lazy\" decoding=\"async\" class=\"aligncenter size-full wp-image-528653\" src=\"https:\/\/www.hashtag.al\/wp-content\/uploads\/2022\/06\/Christiane-Hohmann.jpg\" alt=\"\" width=\"1200\" height=\"801\" srcset=\"https:\/\/www.hashtag.al\/wp-content\/uploads\/2022\/06\/Christiane-Hohmann.jpg 1200w, https:\/\/www.hashtag.al\/wp-content\/uploads\/2022\/06\/Christiane-Hohmann-300x200.jpg 300w, https:\/\/www.hashtag.al\/wp-content\/uploads\/2022\/06\/Christiane-Hohmann-1024x684.jpg 1024w, https:\/\/www.hashtag.al\/wp-content\/uploads\/2022\/06\/Christiane-Hohmann-768x513.jpg 768w\" sizes=\"auto, (max-width: 1200px) 100vw, 1200px\" \/><\/a><\/span><\/p>\n<p><span style=\"color: #000000;\">Ka ardhur n\u00eb Tiran\u00eb ambasadorja e re e Delegacionit t\u00eb Bashkimit Evropian n\u00eb Shqip\u00ebri, Christiane Hohmann, e cila nuk ka vonuar nisjen e detyrave dhe takimet zyrtare.<\/span><\/p>\n<p><span style=\"color: #000000;\">Ajo zhvilloi sot nj\u00eb takim dhe i paraqiti Letrat Kredenciale, presidentit t\u00eb ri t\u00eb Shqip\u00ebris\u00eb, Bajram Begaj.<\/span><\/p>\n<p><span style=\"color: #000000;\">Hohmann do t\u00eb z\u00ebvend\u00ebsoj\u00eb Luigi Sorec\u00ebn si ambasador i BE-s\u00eb n\u00eb vendin ton\u00eb. \u00a0Hohmann ka qen\u00eb ambasadore e Gjermanis\u00eb n\u00eb Estoni. M\u00eb par\u00eb ajo ka sh\u00ebrbyer edhe si ambasadore gjermane n\u00eb Bosnj\u00eb dhe Hercegovin\u00eb.<\/span><\/p>\n<p><span style=\"color: #000000;\"><a href=\"https:\/\/www.hashtag.al\/wp-content\/uploads\/2022\/08\/WhatsApp-Image-2022-08-02-at-2.07.46-PM.jpeg\"><img loading=\"lazy\" decoding=\"async\" class=\"aligncenter size-full wp-image-539586\" src=\"https:\/\/www.hashtag.al\/wp-content\/uploads\/2022\/08\/WhatsApp-Image-2022-08-02-at-2.07.46-PM.jpeg\" alt=\"\" width=\"1090\" height=\"893\" srcset=\"https:\/\/www.hashtag.al\/wp-content\/uploads\/2022\/08\/WhatsApp-Image-2022-08-02-at-2.07.46-PM.jpeg 1090w, https:\/\/www.hashtag.al\/wp-content\/uploads\/2022\/08\/WhatsApp-Image-2022-08-02-at-2.07.46-PM-300x246.jpeg 300w, https:\/\/www.hashtag.al\/wp-content\/uploads\/2022\/08\/WhatsApp-Image-2022-08-02-at-2.07.46-PM-1024x839.jpeg 1024w, https:\/\/www.hashtag.al\/wp-content\/uploads\/2022\/08\/WhatsApp-Image-2022-08-02-at-2.07.46-PM-768x629.jpeg 768w\" sizes=\"auto, (max-width: 1090px) 100vw, 1090px\" \/><\/a><\/span><\/p>\n<p><span style=\"color: #000000;\">Sikurse b\u00ebri me dije Presidenca, Begaj u takua sot me ambasadoren e re t\u00eb BE-s\u00eb dhe i pranoi Letrat Kredenciale.<\/span><\/p>\n<p><span style=\"color: #000000;\">Pasi i uroi mir\u00ebseardhjen n\u00eb Shqip\u00ebri dhe e siguroi p\u00ebr mb\u00ebshtetjen e tij dhe t\u00eb institucioneve shqiptare, Presidenti Begaj shprehu mir\u00ebnjohjen p\u00ebr mb\u00ebshtetjen politike dhe asistenc\u00ebn financiare q\u00eb BE i ka dh\u00ebn\u00eb Shqip\u00ebris\u00eb n\u00eb tre dekadat e fundit.<\/span><\/p>\n<p><span style=\"color: #000000;\">N\u00eb m\u00ebnyr\u00eb t\u00eb ve\u00e7ant\u00eb, Presidenti Begaj shprehu mir\u00ebnjohjen p\u00ebr asistenc\u00ebn financiare t\u00eb dh\u00ebn\u00eb p\u00ebr p\u00ebrballimin e d\u00ebmeve t\u00eb m\u00ebdha nga t\u00ebrmeti i n\u00ebntorit t\u00eb vitit 2019, si dhe p\u00ebr p\u00ebrballimin e leht\u00ebsimin e situat\u00ebs gjat\u00eb pandemis\u00eb s\u00eb Covid 19.<\/span><\/p>\n<p><span style=\"color: #000000;\">Presidenti i Republik\u00ebs shprehu gjithashtu besimin se ardhja e zonj\u00ebs Hohmann n\u00eb Tiran\u00eb do t\u2019i jap\u00eb nj\u00eb shtytje t\u00eb re marr\u00ebdh\u00ebnieve t\u00eb Shqip\u00ebris\u00eb me institucionet e Bashkimit Evropian, si dhe vet\u00eb procesit t\u00eb negociatave t\u00eb aderimit n\u00eb BE.<\/span><\/p>\n<p><span style=\"color: #000000;\"><a href=\"https:\/\/www.hashtag.al\/wp-content\/uploads\/2022\/08\/WhatsApp-Image-2022-08-02-at-2.07.46-PM-1.jpeg\"><img loading=\"lazy\" decoding=\"async\" class=\"aligncenter size-full wp-image-539585\" src=\"https:\/\/www.hashtag.al\/wp-content\/uploads\/2022\/08\/WhatsApp-Image-2022-08-02-at-2.07.46-PM-1.jpeg\" alt=\"\" width=\"1280\" height=\"853\" srcset=\"https:\/\/www.hashtag.al\/wp-content\/uploads\/2022\/08\/WhatsApp-Image-2022-08-02-at-2.07.46-PM-1.jpeg 1280w, https:\/\/www.hashtag.al\/wp-content\/uploads\/2022\/08\/WhatsApp-Image-2022-08-02-at-2.07.46-PM-1-300x200.jpeg 300w, https:\/\/www.hashtag.al\/wp-content\/uploads\/2022\/08\/WhatsApp-Image-2022-08-02-at-2.07.46-PM-1-1024x682.jpeg 1024w, https:\/\/www.hashtag.al\/wp-content\/uploads\/2022\/08\/WhatsApp-Image-2022-08-02-at-2.07.46-PM-1-768x512.jpeg 768w\" sizes=\"auto, (max-width: 1280px) 100vw, 1280px\" \/><\/a><\/span><\/p>\n<p><span style=\"color: #000000;\">Begaj theksoi nd\u00ebr t\u00eb tjera dhe vullnetin politik t\u00eb institucioneve shqiptare p\u00ebr t\u00eb p\u00ebrparuar n\u00eb rrug\u00ebn e reformave, duke theksuar se integrimi evropian mbetet projekti dhe prioriteti m\u00eb madhor i Shqip\u00ebris\u00eb dhe shqiptar\u00ebve.<\/span><\/p>\n<p><span style=\"color: #000000;\"><em>\u201cI nd\u00ebrgjegjsh\u00ebm p\u00ebr sfidat dhe v\u00ebshtir\u00ebsit\u00eb q\u00eb vet\u00eb BE-ja e Vendet An\u00ebtare t\u00eb saj po kalojn\u00eb pas agresionit rus n\u00eb Ukrain\u00eb, shpreh besimin se v\u00ebmendja e Bashkimit Evropian ndaj rajonit t\u00eb Ballkanit Per\u00ebndimor do t\u00eb jet\u00eb edhe m\u00eb e madhe, duke e konsideruar procesin e zgjerimit si instrumentin m\u00eb t\u00eb mir\u00eb gjeopolitik p\u00ebr adresimin e k\u00ebrc\u00ebnimeve ndaj paqes dhe siguris\u00eb s\u00eb rajonit dhe t\u00eb kontinentit n\u00eb t\u00ebr\u00ebsi.\u201d<\/em> \u2013tha Begaj.<\/span><\/p>\n<p><strong><span style=\"color: #000000;\"><a href=\"https:\/\/www.hashtag.al\/wp-content\/uploads\/2022\/08\/WhatsApp-Image-2022-08-02-at-2.07.46-PM-2.jpeg\"><img loading=\"lazy\" decoding=\"async\" class=\"aligncenter size-full wp-image-539584\" src=\"https:\/\/www.hashtag.al\/wp-content\/uploads\/2022\/08\/WhatsApp-Image-2022-08-02-at-2.07.46-PM-2.jpeg\" alt=\"\" width=\"1280\" height=\"853\" srcset=\"https:\/\/www.hashtag.al\/wp-content\/uploads\/2022\/08\/WhatsApp-Image-2022-08-02-at-2.07.46-PM-2.jpeg 1280w, https:\/\/www.hashtag.al\/wp-content\/uploads\/2022\/08\/WhatsApp-Image-2022-08-02-at-2.07.46-PM-2-300x200.jpeg 300w, https:\/\/www.hashtag.al\/wp-content\/uploads\/2022\/08\/WhatsApp-Image-2022-08-02-at-2.07.46-PM-2-1024x682.jpeg 1024w, https:\/\/www.hashtag.al\/wp-content\/uploads\/2022\/08\/WhatsApp-Image-2022-08-02-at-2.07.46-PM-2-768x512.jpeg 768w\" sizes=\"auto, (max-width: 1280px) 100vw, 1280px\" \/><\/a><\/span><\/strong><\/p>\n<p><strong><span style=\"color: #000000;\">Kush \u00ebsht\u00eb Christiane Hohmann?<\/span><\/strong><\/p>\n<p><span style=\"color: #000000;\">Hohmann ka lindur n\u00eb Potsdam, i cili \u00ebsht\u00eb kryeqyteti dhe qyteti m\u00eb i madh i shtetit gjerman t\u00eb Brandenburgut.<\/span><\/p>\n<p><span style=\"color: #000000;\">Pas mbarimit t\u00eb shkoll\u00ebs s\u00eb mesme n\u00eb vitin 1983, Christiane Hohmann filloi studimet si nd\u00ebrmjet\u00ebse gjuh\u00ebsore p\u00ebr anglisht dhe fr\u00ebngjisht n\u00eb Berlin, t\u00eb cilat\u00a0i\u00a0p\u00ebrfundoi n\u00eb vitin 1988.<\/span><\/p>\n<p><span style=\"color: #000000;\">Nga viti 1988 deri n\u00eb 1991 ajo ishte studente hulumtuese p\u00ebr let\u00ebrsin\u00eb angleze n\u00eb Universitetin Humboldt n\u00eb Berlin dhe m\u00eb pas p\u00ebrfundoi sh\u00ebrbimin p\u00ebrgatitor p\u00ebr sh\u00ebrbimin e lart\u00eb t\u00eb jasht\u00ebm midis viteve 1991 dhe 1993.<\/span><\/p>\n<p><span style=\"color: #000000;\">Pas diplomimit, ajo fillimisht u pun\u00ebsua n\u00eb Ministrin\u00eb e Jashtme Federale n\u00eb Berlin dhe nga viti 1994 deri n\u00eb 1997 n\u00eb Ambasad\u00ebn n\u00eb Shtetet e Bashkuara.\u00a0<\/span><\/p>\n<p><span style=\"color: #000000;\">M\u00eb pas, ajo punoi p\u00ebrs\u00ebri n\u00eb Zyr\u00ebn e Jashtme Federale midis viteve 1997 dhe 2000 dhe si p\u00ebrfaq\u00ebsuese e p\u00ebrhershme e ambasadorit n\u00eb Kamerun nga viti 2000 deri n\u00eb 2003 .<\/span><\/p>\n<p><span style=\"color: #000000;\">Pas nj\u00eb detyre tjet\u00ebr n\u00eb Zyr\u00ebn e Jashtme Federale midis 2003 dhe 2005, ajo punoi si zyrtare shk\u00ebmbimi n\u00eb Komisionin Evropian n\u00eb Bruksel nga 2005 deri n\u00eb 2010.<\/span><\/p>\n<p><span style=\"color: #000000;\">M\u00eb pas, ajo punoi s\u00ebrish n\u00eb Ambasad\u00ebn n\u00eb SHBA nd\u00ebrmjet viteve 2010 dhe 2013 dhe, pas kthimit t\u00eb saj, drejtoi nj\u00eb departament n\u00eb Ministrin\u00eb e Jashtme Federale nga viti 2013 deri n\u00eb vitin 2016.<\/span><\/p>\n<p><span style=\"color: #000000;\">N\u00eb vitin 2016 Christiane Hohmann z\u00ebvend\u00ebsoi Christian Hellbach si Ambasador i Republik\u00ebs Federale t\u00eb Gjermanis\u00eb n\u00eb Bosnje dhe Hercegovin\u00eb.<\/span><\/p>\n<p><span style=\"color: #000000;\">N\u00eb korrik 2019 ajo u transferua n\u00eb Ambasad\u00ebn Gjermane n\u00eb Talin\/Estoni dhe e ka mbajtur k\u00ebt\u00eb detyr\u00eb deri n\u00eb marrjen e detyr\u00ebs si p\u00ebrfaq\u00ebsuese e BE-s\u00eb n\u00eb Shqip\u00ebri.<\/span><\/p>\n<p><a href=\"https:\/\/www.hashtag.al\/wp-content\/uploads\/2022\/08\/Christiane-Hohmann21042018.jpg\"><img loading=\"lazy\" decoding=\"async\" class=\"aligncenter size-full wp-image-539587\" src=\"https:\/\/www.hashtag.al\/wp-content\/uploads\/2022\/08\/Christiane-Hohmann21042018.jpg\" alt=\"\" width=\"600\" height=\"345\" srcset=\"https:\/\/www.hashtag.al\/wp-content\/uploads\/2022\/08\/Christiane-Hohmann21042018.jpg 600w, https:\/\/www.hashtag.al\/wp-content\/uploads\/2022\/08\/Christiane-Hohmann21042018-300x173.jpg 300w, https:\/\/www.hashtag.al\/wp-content\/uploads\/2022\/08\/Christiane-Hohmann21042018-250x145.jpg 250w\" sizes=\"auto, (max-width: 600px) 100vw, 600px\" \/><\/a><\/p>\n","protected":false,"gt_translate_keys":[{"key":"rendered","format":"html"}]},"excerpt":{"rendered":"<p>Ka ardhur n\u00eb Tiran\u00eb ambasadorja e re e Delegacionit t\u00eb Bashkimit Evropian n\u00eb Shqip\u00ebri, Christiane Hohmann, e cila nuk ka vonuar nisjen e detyrave dhe takimet zyrtare. Ajo zhvilloi sot nj\u00eb takim dhe i paraqiti Letrat Kredenciale, presidentit t\u00eb ri t\u00eb Shqip\u00ebris\u00eb, Bajram Begaj. Hohmann do t\u00eb z\u00ebvend\u00ebsoj\u00eb Luigi Sorec\u00ebn si ambasador i BE-s\u00eb n\u00eb [&hellip;]<\/p>\n","protected":false,"gt_translate_keys":[{"key":"rendered","format":"html"}]},"author":30,"featured_media":539587,"comment_status":"closed","ping_status":"closed","sticky":false,"template":"","format":"standard","meta":{"footnotes":""},"categories":[22,65,13],"tags":[],"class_list":["post-539583","post","type-post","status-publish","format-standard","has-post-thumbnail","hentry","category-ballina","category-lajme","category-te-fundit"],"gt_translate_keys":[{"key":"link","format":"url"}],"_links":{"self":[{"href":"https:\/\/www.hashtag.al\/index.php\/wp-json\/wp\/v2\/posts\/539583","targetHints":{"allow":["GET"]}}],"collection":[{"href":"https:\/\/www.hashtag.al\/index.php\/wp-json\/wp\/v2\/posts"}],"about":[{"href":"https:\/\/www.hashtag.al\/index.php\/wp-json\/wp\/v2\/types\/post"}],"author":[{"embeddable":true,"href":"https:\/\/www.hashtag.al\/index.php\/wp-json\/wp\/v2\/users\/30"}],"replies":[{"embeddable":true,"href":"https:\/\/www.hashtag.al\/index.php\/wp-json\/wp\/v2\/comments?post=539583"}],"version-history":[{"count":0,"href":"https:\/\/www.hashtag.al\/index.php\/wp-json\/wp\/v2\/posts\/539583\/revisions"}],"wp:featuredmedia":[{"embeddable":true,"href":"https:\/\/www.hashtag.al\/index.php\/wp-json\/wp\/v2\/media\/539587"}],"wp:attachment":[{"href":"https:\/\/www.hashtag.al\/index.php\/wp-json\/wp\/v2\/media?parent=539583"}],"wp:term":[{"taxonomy":"category","embeddable":true,"href":"https:\/\/www.hashtag.al\/index.php\/wp-json\/wp\/v2\/categories?post=539583"},{"taxonomy":"post_tag","embeddable":true,"href":"https:\/\/www.hashtag.al\/index.php\/wp-json\/wp\/v2\/tags?post=539583"}],"curies":[{"name":"wp","href":"https:\/\/api.w.org\/{rel}","templated":true}]}}