{"id":539529,"date":"2022-08-02T11:48:24","date_gmt":"2022-08-02T09:48:24","guid":{"rendered":"https:\/\/www.hashtag.al\/?p=539529"},"modified":"2022-08-02T11:48:24","modified_gmt":"2022-08-02T09:48:24","slug":"pranga-35-vjecarit-ne-durres-akuzohet-se-dhunoi-bashkeshorten-e-i-demtoi-makinen-vjehrrit","status":"publish","type":"post","link":"https:\/\/www.hashtag.al\/index.php\/2022\/08\/02\/pranga-35-vjecarit-ne-durres-akuzohet-se-dhunoi-bashkeshorten-e-i-demtoi-makinen-vjehrrit\/","title":{"rendered":"Pranga 35-vje\u00e7arit n\u00eb Durr\u00ebs, akuzohet se dhunoi bashk\u00ebshorten e i d\u00ebmtoi makin\u00ebn vjehrrit","gt_translate_keys":[{"key":"rendered","format":"text"}]},"content":{"rendered":"<p><span style=\"color: #000000;\"><img loading=\"lazy\" decoding=\"async\" class=\"aligncenter size-full wp-image-512922\" src=\"https:\/\/www.hashtag.al\/wp-content\/uploads\/2022\/03\/policiadurres.jpg\" alt=\"\" width=\"1109\" height=\"903\" \/><\/span><\/p>\n<p><span style=\"color: #000000;\">Nj\u00eb 35-vje\u00e7ar \u00ebsht\u00eb arrestuar n\u00eb Durr\u00ebs pasi akuzohet p\u00ebr dhun\u00eb n\u00eb familje. <\/span><\/p>\n<p><span style=\"color: #000000;\">N\u00eb pranga ka r\u00ebn\u00eb personi me iniciale A.H. baues n\u00eb Arapaj, i cili p\u00ebrve\u00e7 dhun\u00ebs n\u00eb familjes akuzohet se i ka d\u00ebmtuar makin\u00ebn vjehrrit.<\/span><\/p>\n<p><span style=\"color: #000000;\"><strong>Njoftimi<\/strong><\/span><\/p>\n<p><span style=\"color: #000000;\"><em>\u201cSpecialist\u00ebt p\u00ebr Hetimin e Krimeve n\u00eb Komisariatin e Policis\u00eb Durr\u00ebs arrestuan n\u00eb flagranc\u00eb, p\u00ebr veprat penale &#8220;Dhuna n\u00eb familje&#8221; dhe &#8220;Shkat\u00ebrrimi i pron\u00ebs&#8221;, shtetasin A. H., 35 vje\u00e7, banues n\u00eb Arapaj, Durr\u00ebs, pasi ka ushtuar dhun\u00eb ndaj bashk\u00ebshortes dhe vjeh\u00ebrrit t\u00eb tij, si dhe i ka d\u00ebmtuar k\u00ebtij t\u00eb fundit, automjetin.\u201d<\/em><\/span><\/p>\n","protected":false,"gt_translate_keys":[{"key":"rendered","format":"html"}]},"excerpt":{"rendered":"<p>Nj\u00eb 35-vje\u00e7ar \u00ebsht\u00eb arrestuar n\u00eb Durr\u00ebs pasi akuzohet p\u00ebr dhun\u00eb n\u00eb familje. N\u00eb pranga ka r\u00ebn\u00eb personi me iniciale A.H. baues n\u00eb Arapaj, i cili p\u00ebrve\u00e7 dhun\u00ebs n\u00eb familjes akuzohet se i ka d\u00ebmtuar makin\u00ebn vjehrrit. Njoftimi \u201cSpecialist\u00ebt p\u00ebr Hetimin e Krimeve n\u00eb Komisariatin e Policis\u00eb Durr\u00ebs arrestuan n\u00eb flagranc\u00eb, p\u00ebr veprat penale &#8220;Dhuna n\u00eb [&hellip;]<\/p>\n","protected":false,"gt_translate_keys":[{"key":"rendered","format":"html"}]},"author":51,"featured_media":498110,"comment_status":"closed","ping_status":"closed","sticky":false,"template":"","format":"standard","meta":{"footnotes":""},"categories":[65,13],"tags":[],"class_list":["post-539529","post","type-post","status-publish","format-standard","has-post-thumbnail","hentry","category-lajme","category-te-fundit"],"gt_translate_keys":[{"key":"link","format":"url"}],"_links":{"self":[{"href":"https:\/\/www.hashtag.al\/index.php\/wp-json\/wp\/v2\/posts\/539529","targetHints":{"allow":["GET"]}}],"collection":[{"href":"https:\/\/www.hashtag.al\/index.php\/wp-json\/wp\/v2\/posts"}],"about":[{"href":"https:\/\/www.hashtag.al\/index.php\/wp-json\/wp\/v2\/types\/post"}],"author":[{"embeddable":true,"href":"https:\/\/www.hashtag.al\/index.php\/wp-json\/wp\/v2\/users\/51"}],"replies":[{"embeddable":true,"href":"https:\/\/www.hashtag.al\/index.php\/wp-json\/wp\/v2\/comments?post=539529"}],"version-history":[{"count":0,"href":"https:\/\/www.hashtag.al\/index.php\/wp-json\/wp\/v2\/posts\/539529\/revisions"}],"wp:featuredmedia":[{"embeddable":true,"href":"https:\/\/www.hashtag.al\/index.php\/wp-json\/wp\/v2\/media\/498110"}],"wp:attachment":[{"href":"https:\/\/www.hashtag.al\/index.php\/wp-json\/wp\/v2\/media?parent=539529"}],"wp:term":[{"taxonomy":"category","embeddable":true,"href":"https:\/\/www.hashtag.al\/index.php\/wp-json\/wp\/v2\/categories?post=539529"},{"taxonomy":"post_tag","embeddable":true,"href":"https:\/\/www.hashtag.al\/index.php\/wp-json\/wp\/v2\/tags?post=539529"}],"curies":[{"name":"wp","href":"https:\/\/api.w.org\/{rel}","templated":true}]}}