{"id":539307,"date":"2022-08-01T11:13:52","date_gmt":"2022-08-01T09:13:52","guid":{"rendered":"https:\/\/www.hashtag.al\/?p=539307"},"modified":"2022-08-01T11:13:52","modified_gmt":"2022-08-01T09:13:52","slug":"rama-kosoven-e-mbeshtes-100-miqesia-me-vucic-sme-pengon-te-ndahem-me-te-ku-sjemi-dakord","status":"publish","type":"post","link":"https:\/\/www.hashtag.al\/index.php\/2022\/08\/01\/rama-kosoven-e-mbeshtes-100-miqesia-me-vucic-sme-pengon-te-ndahem-me-te-ku-sjemi-dakord\/","title":{"rendered":"Rama: Kosov\u00ebn e mb\u00ebshtes 100%, miq\u00ebsia me Vu\u00e7i\u00e7 s\u2019m\u00eb pengon t\u00eb ndahem me t\u00eb ku s\u2019jemi dakord","gt_translate_keys":[{"key":"rendered","format":"text"}]},"content":{"rendered":"<p><img loading=\"lazy\" decoding=\"async\" class=\"aligncenter size-full wp-image-539308\" src=\"https:\/\/www.hashtag.al\/wp-content\/uploads\/2022\/08\/rama1.jpg\" alt=\"\" width=\"1326\" height=\"804\" srcset=\"https:\/\/www.hashtag.al\/wp-content\/uploads\/2022\/08\/rama1.jpg 1326w, https:\/\/www.hashtag.al\/wp-content\/uploads\/2022\/08\/rama1-300x182.jpg 300w, https:\/\/www.hashtag.al\/wp-content\/uploads\/2022\/08\/rama1-1024x621.jpg 1024w, https:\/\/www.hashtag.al\/wp-content\/uploads\/2022\/08\/rama1-768x466.jpg 768w\" sizes=\"auto, (max-width: 1326px) 100vw, 1326px\" \/><\/p>\n<p>Kryeministri Rama ka p\u00ebrs\u00ebritur mb\u00ebshtetjen p\u00ebr qeverin\u00eb e Kosov\u00ebs lidhur me situat\u00ebn n\u00eb veri t\u00eb vendit duke theksuar se Prishtina ka t\u00eb gjith\u00eb t\u00eb drejt\u00ebn dhe detyr\u00ebn q\u00eb t\u00eb mbroj\u00eb sovranitetin n\u00eb gjith\u00eb territorin e saj.<\/p>\n<p>Kreu i qeveris\u00eb tha se marr\u00ebveshja n\u00eb fjal\u00eb \u00ebsht\u00eb dakord\u00ebsuar mes pal\u00ebve gjat\u00eb bisedimeve n\u00eb Bruksel dhe ajo duhet zbatuar nga Beogradi.<\/p>\n<p>Gjat\u00eb fjal\u00ebs s\u00eb tij Rama tha se pavar\u00ebsisht marr\u00ebdh\u00ebnies miq\u00ebsore me presidentin serb Vu\u00e7i\u00e7, kjo nuk e pengon at\u00eb q\u00eb t\u00eb t\u00eb ndahet me t\u00eb p\u00ebr \u00e7\u00ebshtjet ku nuk jan\u00eb dakord.<\/p>\n<p><em>\u201cNgjarja e djeshme \u00ebsht\u00eb pasaqyr\u00eb e v\u00ebshtir\u00ebsis\u00eb s\u00eb thell\u00eb q\u00eb ka n\u00eb k\u00ebt\u00eb marr\u00ebdh\u00ebnie. Ushtrimi i sovranitetit n\u00eb gjith\u00eb territorin e Kosov\u00ebs bazuar n\u00eb marr\u00ebveshjen e dakord\u00ebsuar mes Kosov\u00ebs e Serbis\u00eb lidhur me tem\u00ebn q\u00eb \u00ebsht\u00eb b\u00ebr\u00eb shkak i k\u00ebtij acarimi \u00ebsht\u00eb nj\u00eb detyr\u00eb dhe e drejt\u00eb e institucioneve t\u00eb Kosov\u00ebs dhe n\u00eb k\u00ebt\u00eb pik\u00eb e mb\u00ebshtes 100% qeverin\u00eb e Kosov\u00ebs q\u00eb k\u00ebrkon q\u00eb marr\u00ebveshja t\u00eb zbatohet. P\u00ebrg\u00ebzoj Albin Kurtin p\u00ebr sensin e vet\u00ebp\u00ebrmbajtjes dhe d\u00ebgjimin e aleat\u00ebve q\u00eb k\u00ebshilluan nj\u00eb shtyrje 30 ditore p\u00ebr t\u2019i dh\u00ebn\u00eb koh\u00eb q\u00eb t\u00eb sqarohet gjith\u00e7ka. K\u00ebto situata nuk tregojn\u00eb q\u00eb Ballkani i hapur \u00ebsht\u00eb i panevojsh\u00ebm apo i gabuar. Ato nu tregojn\u00eb q\u00eb qasja jon\u00eb ndaj Serbis\u00eb dhe politika e paqes \u00ebsht\u00eb e panevojshme. Ato tregojn\u00eb pik\u00ebrisht pse Ballkani i Hapur duhet. Pse Kosova duhet t\u00eb vij\u00eb t\u00eb ulet n\u00eb tavolin\u00ebn e Ballkanit t\u00eb Hapur. Me presidentin e Serbis\u00eb marr\u00ebdh\u00ebnia miq\u00ebsore nuk m\u00eb pengon t\u00eb ndahem aty ku nuk jemi dakord.\u201d<\/em> &#8211; tha Rama.<\/p>\n","protected":false,"gt_translate_keys":[{"key":"rendered","format":"html"}]},"excerpt":{"rendered":"<p>Kryeministri Rama ka p\u00ebrs\u00ebritur mb\u00ebshtetjen p\u00ebr qeverin\u00eb e Kosov\u00ebs lidhur me situat\u00ebn n\u00eb veri t\u00eb vendit duke theksuar se Prishtina ka t\u00eb gjith\u00eb t\u00eb drejt\u00ebn dhe detyr\u00ebn q\u00eb t\u00eb mbroj\u00eb sovranitetin n\u00eb gjith\u00eb territorin e saj. Kreu i qeveris\u00eb tha se marr\u00ebveshja n\u00eb fjal\u00eb \u00ebsht\u00eb dakord\u00ebsuar mes pal\u00ebve gjat\u00eb bisedimeve n\u00eb Bruksel dhe ajo duhet [&hellip;]<\/p>\n","protected":false,"gt_translate_keys":[{"key":"rendered","format":"html"}]},"author":51,"featured_media":539308,"comment_status":"closed","ping_status":"closed","sticky":false,"template":"","format":"standard","meta":{"footnotes":""},"categories":[65,13],"tags":[],"class_list":["post-539307","post","type-post","status-publish","format-standard","has-post-thumbnail","hentry","category-lajme","category-te-fundit"],"gt_translate_keys":[{"key":"link","format":"url"}],"_links":{"self":[{"href":"https:\/\/www.hashtag.al\/index.php\/wp-json\/wp\/v2\/posts\/539307","targetHints":{"allow":["GET"]}}],"collection":[{"href":"https:\/\/www.hashtag.al\/index.php\/wp-json\/wp\/v2\/posts"}],"about":[{"href":"https:\/\/www.hashtag.al\/index.php\/wp-json\/wp\/v2\/types\/post"}],"author":[{"embeddable":true,"href":"https:\/\/www.hashtag.al\/index.php\/wp-json\/wp\/v2\/users\/51"}],"replies":[{"embeddable":true,"href":"https:\/\/www.hashtag.al\/index.php\/wp-json\/wp\/v2\/comments?post=539307"}],"version-history":[{"count":0,"href":"https:\/\/www.hashtag.al\/index.php\/wp-json\/wp\/v2\/posts\/539307\/revisions"}],"wp:featuredmedia":[{"embeddable":true,"href":"https:\/\/www.hashtag.al\/index.php\/wp-json\/wp\/v2\/media\/539308"}],"wp:attachment":[{"href":"https:\/\/www.hashtag.al\/index.php\/wp-json\/wp\/v2\/media?parent=539307"}],"wp:term":[{"taxonomy":"category","embeddable":true,"href":"https:\/\/www.hashtag.al\/index.php\/wp-json\/wp\/v2\/categories?post=539307"},{"taxonomy":"post_tag","embeddable":true,"href":"https:\/\/www.hashtag.al\/index.php\/wp-json\/wp\/v2\/tags?post=539307"}],"curies":[{"name":"wp","href":"https:\/\/api.w.org\/{rel}","templated":true}]}}