{"id":539210,"date":"2022-07-31T19:53:56","date_gmt":"2022-07-31T17:53:56","guid":{"rendered":"https:\/\/www.hashtag.al\/?p=539210"},"modified":"2022-07-31T21:18:20","modified_gmt":"2022-07-31T19:18:20","slug":"tensione-ne-veri-te-kosoves-serbet-vendosin-bllokada-prishtina-mbyll-dy-pika-kufitare","status":"publish","type":"post","link":"https:\/\/www.hashtag.al\/index.php\/2022\/07\/31\/tensione-ne-veri-te-kosoves-serbet-vendosin-bllokada-prishtina-mbyll-dy-pika-kufitare\/","title":{"rendered":"Tensione n\u00eb veri t\u00eb Kosov\u00ebs, serb\u00ebt vendosin bllokada, Prishtina mbyll dy pika kufitare","gt_translate_keys":[{"key":"rendered","format":"text"}]},"content":{"rendered":"<p><span style=\"color: #000000;\"><img loading=\"lazy\" decoding=\"async\" class=\"aligncenter size-full wp-image-539211\" src=\"https:\/\/www.hashtag.al\/wp-content\/uploads\/2022\/07\/kamione.jpg\" alt=\"\" width=\"1173\" height=\"679\" srcset=\"https:\/\/www.hashtag.al\/wp-content\/uploads\/2022\/07\/kamione.jpg 1173w, https:\/\/www.hashtag.al\/wp-content\/uploads\/2022\/07\/kamione-300x174.jpg 300w, https:\/\/www.hashtag.al\/wp-content\/uploads\/2022\/07\/kamione-1024x593.jpg 1024w, https:\/\/www.hashtag.al\/wp-content\/uploads\/2022\/07\/kamione-768x445.jpg 768w, https:\/\/www.hashtag.al\/wp-content\/uploads\/2022\/07\/kamione-250x145.jpg 250w\" sizes=\"auto, (max-width: 1173px) 100vw, 1173px\" \/><\/span><\/p>\n<p><span style=\"color: #000000;\">Policia e Kosov\u00ebs ka mbyllur kufirin p\u00ebr qarkullimin e mjeteve n\u00eb pikat kufitare n\u00eb B\u00ebrnjak dhe Jarinj\u00eb, p\u00ebr shkak t\u00eb bllokimit t\u00eb rrug\u00ebve nga ana e serb\u00ebve lokal\u00eb n\u00eb drejtim t\u00eb k\u00ebtyre pik\u00eb kalimeve kufitare.<\/span><\/p>\n<p><span style=\"color: #000000;\">Ajo ka njoftuar qytetar\u00ebt q\u00eb t\u00eb shfryt\u00ebzojn\u00eb pikat e tjera kufitare p\u00ebr t\u00eb kaluar. Serb\u00ebt kan\u00eb bllokuar rrug\u00ebt n\u00eb shenj\u00eb pak\u00ebnaq\u00ebsie ndaj masave t\u00eb reciprocitetit t\u00eb autoriteteve kosovare p\u00ebr let\u00ebrnjoftimet dhe targat e l\u00ebshuara nga Serbia, t\u00eb cilat hyjn\u00eb n\u00eb fuqi nga dita e nes\u00ebrme.<\/span><\/p>\n<p><span style=\"color: #000000;\">Serb\u00ebt n\u00eb veri t\u00eb Kosov\u00ebs kan\u00eb bllokuar me kamion\u00eb rrug\u00ebn magjistrale n\u00eb af\u00ebrsi t\u00eb pik\u00ebkalimit kufitar t\u00eb Jarinj\u00ebs, q\u00eb gjendet n\u00eb Komun\u00ebn e Leposaviqit.<\/span><\/p>\n<p><span style=\"color: #000000;\">Bllokadat vijn\u00eb nj\u00eb dit\u00eb para se t\u00eb hyjn\u00eb n\u00eb fuqi dy vendime t\u00eb Qeveris\u00eb s\u00eb Kosov\u00ebs q\u00eb kan\u00eb t\u00eb b\u00ebjn\u00eb me targat dhe dokumentet serbe.<\/span><\/p>\n<p><span style=\"color: #000000;\">Qeveria ka th\u00ebn\u00eb se m\u00eb 1 gusht do t\u00eb nis\u00eb l\u00ebshimi i t\u00eb ashtuquajturave dokumente p\u00ebr hyrje-dalje p\u00ebr t\u00eb gjith\u00eb shtetasit e Serbis\u00eb q\u00eb hyjn\u00eb n\u00eb Kosov\u00eb.<\/span><\/p>\n<p><span style=\"color: #000000;\">Ky dokument do l\u00ebshohet n\u00eb t\u00eb gjitha pik\u00ebkalimet tok\u00ebsore dhe ajrore dhe do jet\u00eb i vlefsh\u00ebm p\u00ebr 90 dit\u00eb, ashtu sikurse dokumenti q\u00eb autoritetet serbe l\u00ebshojn\u00eb p\u00ebr shtetasit e Kosov\u00ebs kur t\u00eb hyjn\u00eb n\u00eb Serbi, shkruan <span style=\"color: #0000ff;\"><a style=\"color: #0000ff;\" href=\"https:\/\/www.evropaelire.org\/a\/bllokada-serbet-veri-\/31967743.html\">REL<\/a>.<\/span><\/span><\/p>\n<p><iframe loading=\"lazy\" src=\"https:\/\/www.evropaelire.org\/embed\/player\/0\/31967774.html?type=video\" width=\"640\" height=\"360\" frameborder=\"0\" scrolling=\"no\" allowfullscreen=\"allowfullscreen\"><\/iframe><\/p>\n","protected":false,"gt_translate_keys":[{"key":"rendered","format":"html"}]},"excerpt":{"rendered":"<p>Policia e Kosov\u00ebs ka mbyllur kufirin p\u00ebr qarkullimin e mjeteve n\u00eb pikat kufitare n\u00eb B\u00ebrnjak dhe Jarinj\u00eb, p\u00ebr shkak t\u00eb bllokimit t\u00eb rrug\u00ebve nga ana e serb\u00ebve lokal\u00eb n\u00eb drejtim t\u00eb k\u00ebtyre pik\u00eb kalimeve kufitare. Ajo ka njoftuar qytetar\u00ebt q\u00eb t\u00eb shfryt\u00ebzojn\u00eb pikat e tjera kufitare p\u00ebr t\u00eb kaluar. Serb\u00ebt kan\u00eb bllokuar rrug\u00ebt n\u00eb shenj\u00eb [&hellip;]<\/p>\n","protected":false,"gt_translate_keys":[{"key":"rendered","format":"html"}]},"author":51,"featured_media":539211,"comment_status":"closed","ping_status":"closed","sticky":false,"template":"","format":"standard","meta":{"footnotes":""},"categories":[149],"tags":[],"class_list":["post-539210","post","type-post","status-publish","format-standard","has-post-thumbnail","hentry","category-kosoverajon"],"gt_translate_keys":[{"key":"link","format":"url"}],"_links":{"self":[{"href":"https:\/\/www.hashtag.al\/index.php\/wp-json\/wp\/v2\/posts\/539210","targetHints":{"allow":["GET"]}}],"collection":[{"href":"https:\/\/www.hashtag.al\/index.php\/wp-json\/wp\/v2\/posts"}],"about":[{"href":"https:\/\/www.hashtag.al\/index.php\/wp-json\/wp\/v2\/types\/post"}],"author":[{"embeddable":true,"href":"https:\/\/www.hashtag.al\/index.php\/wp-json\/wp\/v2\/users\/51"}],"replies":[{"embeddable":true,"href":"https:\/\/www.hashtag.al\/index.php\/wp-json\/wp\/v2\/comments?post=539210"}],"version-history":[{"count":0,"href":"https:\/\/www.hashtag.al\/index.php\/wp-json\/wp\/v2\/posts\/539210\/revisions"}],"wp:featuredmedia":[{"embeddable":true,"href":"https:\/\/www.hashtag.al\/index.php\/wp-json\/wp\/v2\/media\/539211"}],"wp:attachment":[{"href":"https:\/\/www.hashtag.al\/index.php\/wp-json\/wp\/v2\/media?parent=539210"}],"wp:term":[{"taxonomy":"category","embeddable":true,"href":"https:\/\/www.hashtag.al\/index.php\/wp-json\/wp\/v2\/categories?post=539210"},{"taxonomy":"post_tag","embeddable":true,"href":"https:\/\/www.hashtag.al\/index.php\/wp-json\/wp\/v2\/tags?post=539210"}],"curies":[{"name":"wp","href":"https:\/\/api.w.org\/{rel}","templated":true}]}}