{"id":539161,"date":"2022-07-31T18:11:31","date_gmt":"2022-07-31T16:11:31","guid":{"rendered":"https:\/\/www.hashtag.al\/?p=539161"},"modified":"2022-07-31T18:12:23","modified_gmt":"2022-07-31T16:12:23","slug":"tedi-blushi-dorezimi-i-butrintit-ne-duart-e-albanofobit-richard-hodges-akt-i-larte-tradhtie-kombetare","status":"publish","type":"post","link":"https:\/\/www.hashtag.al\/index.php\/2022\/07\/31\/tedi-blushi-dorezimi-i-butrintit-ne-duart-e-albanofobit-richard-hodges-akt-i-larte-tradhtie-kombetare\/","title":{"rendered":"Tedi Blushi: Dor\u00ebzimi i Butrintit n\u00eb duart e albanofobit Richard Hodges, akt i lart\u00eb tradhtie komb\u00ebtare","gt_translate_keys":[{"key":"rendered","format":"text"}]},"content":{"rendered":"<p><span style=\"color: #000000;\"><a href=\"https:\/\/www.hashtag.al\/wp-content\/uploads\/2022\/07\/blushi.jpg\"><img loading=\"lazy\" decoding=\"async\" class=\"aligncenter size-full wp-image-539117\" src=\"https:\/\/www.hashtag.al\/wp-content\/uploads\/2022\/07\/blushi.jpg\" alt=\"\" width=\"891\" height=\"437\" srcset=\"https:\/\/www.hashtag.al\/wp-content\/uploads\/2022\/07\/blushi.jpg 891w, https:\/\/www.hashtag.al\/wp-content\/uploads\/2022\/07\/blushi-300x147.jpg 300w, https:\/\/www.hashtag.al\/wp-content\/uploads\/2022\/07\/blushi-768x377.jpg 768w\" sizes=\"auto, (max-width: 891px) 100vw, 891px\" \/><\/a><\/span><\/p>\n<p><span style=\"color: #000000;\">Sekretari i P\u00ebrgjithsh\u00ebm i Partis\u00eb s\u00eb Liris\u00eb, Tedi Blushi ka k\u00ebrkuar anulimin e koncensionit p\u00ebr menaxhimin e Butrintit, nd\u00ebrsa kritikon deklaratat e kreut t\u00eb Fondacionit t\u00eb Zgjedhur p\u00ebr menaxhimin, Richard Hodge.<\/span><\/p>\n<p><span style=\"color: #000000;\">Blushi shkruan n\u00eb nj\u00eb postim n\u00eb rrjetet sociale se dor\u00ebzimi i Butrintit n\u00eb duart e Hodges \u00ebsht\u00eb akt i lart\u00eb tradhtie komb\u00ebtare i Edi Ram\u00ebs.<\/span><\/p>\n<p><span style=\"color: #000000;\"><em>\u201cDor\u00ebzimi i Butrintit n\u00eb duart e albanofobit, Richard Hodges akt i lart\u00eb tradhtie komb\u00ebtare i Edi Ram\u00ebs!\u201d-<\/em> shkruan ai.<\/span><\/p>\n<p><span style=\"color: #000000;\">Blushi k\u00ebrkon reagim nga shqiptar\u00ebt, n\u00eb ve\u00e7anti t\u00eb ekspert\u00ebve t\u00eb fush\u00ebs dhe q\u00eb qeveria t\u00eb anuloj\u00eb menj\u00ebher\u00eb koncensionin.<\/span><\/p>\n<p><strong><span style=\"color: #000000;\">KOMENTI I PLOT\u00cb I BLUSHIT<\/span><\/strong><\/p>\n<p><span style=\"color: #000000;\">Dor\u00ebzimi i Butrintit n\u00eb duart e albanofobit, Richard Hodges akt i lart\u00eb tradhtie komb\u00ebtare i Edi Ram\u00ebs!<\/span><\/p>\n<p><span style=\"color: #000000;\">T\u00eb anulohet urgjentisht koncensioni korruptiv dhe antikushtetues!<\/span><\/p>\n<p><span style=\"color: #000000;\">Partia e Liris\u00eb d\u00ebnon me forc\u00eb aktin e rradh\u00ebs t\u00eb tradh\u00ebtis\u00eb komb\u00ebtare t\u00eb Edi Ram\u00ebs p\u00ebr dor\u00ebzimin e Parkut Komb\u00ebtar t\u00eb Butrintit n\u00eb duart e nj\u00eb albanofobi, si Richard Hodges.<\/span><\/p>\n<p><span style=\"color: #000000;\">Caktimi i Hodges, si an\u00ebtar i bordit drejtues n\u00eb koncensionin korruptiv dhe antikushtetues t\u00eb Butrintit dhe drejtues shkencor i planit t\u00eb menaxhimit t\u00eb tij, \u00ebsht\u00eb nj\u00eb tjet\u00ebr tregues i qart\u00eb i v\u00ebnies n\u00eb funksion nga Edi Rama, p\u00ebr llogari t\u00eb armiqve t\u00eb Shqip\u00ebris\u00eb, t\u00eb axhend\u00ebs s\u00eb shkat\u00ebrrimit, shpopullimit dhe goditjes pa m\u00ebshir\u00eb t\u00eb identitetit ton\u00eb komb\u00ebtar.<\/span><\/p>\n<p><span style=\"color: #000000;\">Urrejtja e madhe ndaj historis\u00eb dhe trash\u00ebgimis\u00eb kulturore shqiptare, nxjerrja n\u00eb ankand e kufijve t\u00eb Shqip\u00ebris\u00eb dhe t\u00eb Kosov\u00ebs, shkat\u00ebrrimi n\u00eb Tiran\u00eb, Durr\u00ebs dhe n\u00eb t\u00eb gjitha qytetet e vendit t\u00eb simboleve tona komb\u00ebtare dhe s\u00ebfundmi dor\u00ebzimi i Butrintit n\u00eb duart e albanofobit Richard Hodges, provojn\u00eb qart\u00eb se Edi Rama nuk \u00ebsht\u00eb gj\u00eb tjet\u00ebr ve\u00e7se nj\u00eb Esad Pash\u00eb i ri.<\/span><\/p>\n<p><span style=\"color: #000000;\">I b\u00ebjm\u00eb thirrje t\u00eb gjith\u00eb shqiptar\u00ebve t\u00eb ndersh\u00ebm dhe patriot\u00eb, n\u00eb ve\u00e7anti komunitetit t\u00eb shkenc\u00ebtar\u00ebve, historian\u00ebve, arkeolog\u00ebve, ekspert\u00ebve t\u00eb mbrojtjes s\u00eb trash\u00ebgimis\u00eb kulturore, si dhe t\u00eb gjith\u00eb intelektual\u00ebve t\u00eb reagojn\u00eb fuqish\u00ebm n\u00eb mbrojtje t\u00eb k\u00ebtij atentati t\u00eb rradh\u00ebs q\u00eb Edi Rama po i b\u00ebn kombit shqiptar.<\/span><\/p>\n<p><span style=\"color: #000000;\">K\u00ebrkojm\u00eb me forc\u00eb nga Qeveria t\u00eb anuloj\u00eb menj\u00ebher\u00eb koncensionin korruptiv dhe antikushtetues t\u00eb Parkut Komb\u00ebtar t\u00eb Butrintit!<\/span><\/p>\n<p><span style=\"color: #000000;\">I kujtojm\u00eb Qeveris\u00eb se sipas Konvent\u00ebs s\u00eb Trash\u00ebgimis\u00eb Bot\u00ebrore t\u00eb Parisit, p\u00ebrgjegj\u00ebsia e ruajtjes dhe administrimit t\u00eb pasurive q\u00eb p\u00ebrb\u00ebjn\u00eb trash\u00ebgimit\u00eb kulturore universale nuk mund t\u00eb kaloj\u00eb kurrsesi n\u00eb nj\u00eb organiz\u00ebm shoq\u00ebror si\u00e7 jan\u00eb OJF-t\u00eb, por ajo duhet t\u00eb ngelet p\u00ebrgjegj\u00ebsi e shtetit q\u00eb ka n\u00ebnshkruar Konvent\u00ebn.<\/span><\/p>\n<p><span style=\"color: #000000;\">Parku Komb\u00ebtar i Butrintit \u00ebsht\u00eb nj\u00eb pasuri e paluajtshme me vlera t\u00eb pa\u00e7muara kulturore dhe universale, e regjistruar n\u00eb list\u00ebn e Trash\u00ebgimis\u00eb Kulturore t\u00eb UNESCO-s, q\u00eb Partia e Liris\u00eb n\u00eb aleanc\u00eb me shqiptar\u00ebt do ta mbrojn\u00eb me \u00e7do \u00e7mim.<\/span><\/p>\n","protected":false,"gt_translate_keys":[{"key":"rendered","format":"html"}]},"excerpt":{"rendered":"<p>Sekretari i P\u00ebrgjithsh\u00ebm i Partis\u00eb s\u00eb Liris\u00eb, Tedi Blushi ka k\u00ebrkuar anulimin e koncensionit p\u00ebr menaxhimin e Butrintit, nd\u00ebrsa kritikon deklaratat e kreut t\u00eb Fondacionit t\u00eb Zgjedhur p\u00ebr menaxhimin, Richard Hodge. Blushi shkruan n\u00eb nj\u00eb postim n\u00eb rrjetet sociale se dor\u00ebzimi i Butrintit n\u00eb duart e Hodges \u00ebsht\u00eb akt i lart\u00eb tradhtie komb\u00ebtare i Edi [&hellip;]<\/p>\n","protected":false,"gt_translate_keys":[{"key":"rendered","format":"html"}]},"author":30,"featured_media":539117,"comment_status":"closed","ping_status":"closed","sticky":false,"template":"","format":"standard","meta":{"footnotes":""},"categories":[65,13],"tags":[],"class_list":["post-539161","post","type-post","status-publish","format-standard","has-post-thumbnail","hentry","category-lajme","category-te-fundit"],"gt_translate_keys":[{"key":"link","format":"url"}],"_links":{"self":[{"href":"https:\/\/www.hashtag.al\/index.php\/wp-json\/wp\/v2\/posts\/539161","targetHints":{"allow":["GET"]}}],"collection":[{"href":"https:\/\/www.hashtag.al\/index.php\/wp-json\/wp\/v2\/posts"}],"about":[{"href":"https:\/\/www.hashtag.al\/index.php\/wp-json\/wp\/v2\/types\/post"}],"author":[{"embeddable":true,"href":"https:\/\/www.hashtag.al\/index.php\/wp-json\/wp\/v2\/users\/30"}],"replies":[{"embeddable":true,"href":"https:\/\/www.hashtag.al\/index.php\/wp-json\/wp\/v2\/comments?post=539161"}],"version-history":[{"count":0,"href":"https:\/\/www.hashtag.al\/index.php\/wp-json\/wp\/v2\/posts\/539161\/revisions"}],"wp:featuredmedia":[{"embeddable":true,"href":"https:\/\/www.hashtag.al\/index.php\/wp-json\/wp\/v2\/media\/539117"}],"wp:attachment":[{"href":"https:\/\/www.hashtag.al\/index.php\/wp-json\/wp\/v2\/media?parent=539161"}],"wp:term":[{"taxonomy":"category","embeddable":true,"href":"https:\/\/www.hashtag.al\/index.php\/wp-json\/wp\/v2\/categories?post=539161"},{"taxonomy":"post_tag","embeddable":true,"href":"https:\/\/www.hashtag.al\/index.php\/wp-json\/wp\/v2\/tags?post=539161"}],"curies":[{"name":"wp","href":"https:\/\/api.w.org\/{rel}","templated":true}]}}