{"id":538983,"date":"2022-07-30T18:00:01","date_gmt":"2022-07-30T16:00:01","guid":{"rendered":"https:\/\/www.hashtag.al\/?p=538983"},"modified":"2022-07-30T18:00:01","modified_gmt":"2022-07-30T16:00:01","slug":"dy-humbje-jete-1019-raste-te-reja-me-koronavirus-ne-vend","status":"publish","type":"post","link":"https:\/\/www.hashtag.al\/index.php\/2022\/07\/30\/dy-humbje-jete-1019-raste-te-reja-me-koronavirus-ne-vend\/","title":{"rendered":"Dy humbje jete, 1019 raste t\u00eb reja me koronavirus n\u00eb vend","gt_translate_keys":[{"key":"rendered","format":"text"}]},"content":{"rendered":"<p><span style=\"color: #000000;\"><img loading=\"lazy\" decoding=\"async\" class=\"aligncenter size-full wp-image-503915\" src=\"https:\/\/www.hashtag.al\/wp-content\/uploads\/2022\/02\/infektivi.jpeg\" alt=\"\" width=\"768\" height=\"433\" srcset=\"https:\/\/www.hashtag.al\/wp-content\/uploads\/2022\/02\/infektivi.jpeg 768w, https:\/\/www.hashtag.al\/wp-content\/uploads\/2022\/02\/infektivi-300x169.jpeg 300w\" sizes=\"auto, (max-width: 768px) 100vw, 768px\" \/><\/span><\/p>\n<p><span style=\"color: #000000;\">Dy humbje jete jan\u00eb regjistruar s\u00eb fundmi n\u00eb vend lidhur me koronavirusin e ri duke e \u00e7uar numrin e p\u00ebrgjithsh\u00ebm t\u00eb viktimave t\u00eb raportuara nga Shqip\u00ebria q\u00eb prej shpalljes s\u00eb pandemis\u00eb n\u00eb 3543. <\/span><\/p>\n<p><span style=\"color: #000000;\">Personat q\u00eb kan\u00eb humbur jet\u00ebn jan\u00eb nj\u00eb 70-vje\u00e7are nga Tirana e nj\u00eb 71-vje\u00e7ar nga Kor\u00e7a. <\/span><\/p>\n<p><span style=\"color: #000000;\">Nga 2260 testime t\u00eb b\u00ebra jan\u00eb gjetur 1019 raste t\u00eb reja me Covid-19. N\u00eb spital po marrin mjekim 27 pacient\u00eb.<\/span><\/p>\n","protected":false,"gt_translate_keys":[{"key":"rendered","format":"html"}]},"excerpt":{"rendered":"<p>Dy humbje jete jan\u00eb regjistruar s\u00eb fundmi n\u00eb vend lidhur me koronavirusin e ri duke e \u00e7uar numrin e p\u00ebrgjithsh\u00ebm t\u00eb viktimave t\u00eb raportuara nga Shqip\u00ebria q\u00eb prej shpalljes s\u00eb pandemis\u00eb n\u00eb 3543. Personat q\u00eb kan\u00eb humbur jet\u00ebn jan\u00eb nj\u00eb 70-vje\u00e7are nga Tirana e nj\u00eb 71-vje\u00e7ar nga Kor\u00e7a. Nga 2260 testime t\u00eb b\u00ebra jan\u00eb gjetur [&hellip;]<\/p>\n","protected":false,"gt_translate_keys":[{"key":"rendered","format":"html"}]},"author":51,"featured_media":503915,"comment_status":"closed","ping_status":"closed","sticky":false,"template":"","format":"standard","meta":{"footnotes":""},"categories":[65,13],"tags":[],"class_list":["post-538983","post","type-post","status-publish","format-standard","has-post-thumbnail","hentry","category-lajme","category-te-fundit"],"gt_translate_keys":[{"key":"link","format":"url"}],"_links":{"self":[{"href":"https:\/\/www.hashtag.al\/index.php\/wp-json\/wp\/v2\/posts\/538983","targetHints":{"allow":["GET"]}}],"collection":[{"href":"https:\/\/www.hashtag.al\/index.php\/wp-json\/wp\/v2\/posts"}],"about":[{"href":"https:\/\/www.hashtag.al\/index.php\/wp-json\/wp\/v2\/types\/post"}],"author":[{"embeddable":true,"href":"https:\/\/www.hashtag.al\/index.php\/wp-json\/wp\/v2\/users\/51"}],"replies":[{"embeddable":true,"href":"https:\/\/www.hashtag.al\/index.php\/wp-json\/wp\/v2\/comments?post=538983"}],"version-history":[{"count":0,"href":"https:\/\/www.hashtag.al\/index.php\/wp-json\/wp\/v2\/posts\/538983\/revisions"}],"wp:featuredmedia":[{"embeddable":true,"href":"https:\/\/www.hashtag.al\/index.php\/wp-json\/wp\/v2\/media\/503915"}],"wp:attachment":[{"href":"https:\/\/www.hashtag.al\/index.php\/wp-json\/wp\/v2\/media?parent=538983"}],"wp:term":[{"taxonomy":"category","embeddable":true,"href":"https:\/\/www.hashtag.al\/index.php\/wp-json\/wp\/v2\/categories?post=538983"},{"taxonomy":"post_tag","embeddable":true,"href":"https:\/\/www.hashtag.al\/index.php\/wp-json\/wp\/v2\/tags?post=538983"}],"curies":[{"name":"wp","href":"https:\/\/api.w.org\/{rel}","templated":true}]}}