{"id":538878,"date":"2022-07-30T10:16:43","date_gmt":"2022-07-30T08:16:43","guid":{"rendered":"https:\/\/www.hashtag.al\/?p=538878"},"modified":"2022-07-30T10:16:43","modified_gmt":"2022-07-30T08:16:43","slug":"meta-bashke-me-monen-ju-urojme-nje-fundjave-te-mbare","status":"publish","type":"post","link":"https:\/\/www.hashtag.al\/index.php\/2022\/07\/30\/meta-bashke-me-monen-ju-urojme-nje-fundjave-te-mbare\/","title":{"rendered":"Meta: Bashk\u00eb me Mon\u00ebn ju urojm\u00eb nj\u00eb fundjav\u00eb t\u00eb mbar\u00eb","gt_translate_keys":[{"key":"rendered","format":"text"}]},"content":{"rendered":"<p><span style=\"color: #000000;\"><a href=\"https:\/\/www.hashtag.al\/wp-content\/uploads\/2022\/07\/Capture446.jpg\"><img loading=\"lazy\" decoding=\"async\" class=\"aligncenter size-full wp-image-538879\" src=\"https:\/\/www.hashtag.al\/wp-content\/uploads\/2022\/07\/Capture446.jpg\" alt=\"\" width=\"686\" height=\"468\" srcset=\"https:\/\/www.hashtag.al\/wp-content\/uploads\/2022\/07\/Capture446.jpg 686w, https:\/\/www.hashtag.al\/wp-content\/uploads\/2022\/07\/Capture446-300x205.jpg 300w\" sizes=\"auto, (max-width: 686px) 100vw, 686px\" \/><\/a><\/span><\/p>\n<p><span style=\"color: #000000;\">Kryetari i Partis\u00eb s\u00eb Liris\u00eb, Ilir Meta ka ndar\u00eb k\u00ebt\u00eb m\u00ebngjes me publikun, nj\u00eb foto ku shihet krah t\u00eb shoqes Monika Kryemadhi.<\/span><\/p>\n<p><span style=\"color: #000000;\">N\u00eb mesazhin q\u00eb shoq\u00ebron foton, Meta shprehet se bashk\u00eb me Kryemadhin u urojn\u00eb ndjek\u00ebsve nj\u00eb fundjav\u00eb t\u00eb mbar\u00eb.<\/span><\/p>\n<p><span style=\"color: #000000;\"><em>\u201cBashk\u00eb me Mon\u00ebn ju urojm\u00eb nj\u00eb fundjav\u00eb t\u00eb mbar\u00eb.\u201d-<\/em> shkruan ai.<\/span><\/p>\n<p><span style=\"color: #000000;\">Q\u00eb pas largimit nga Presidenca, Meta vazhdimisht ka publikuar foto me bashk\u00ebshorten e tij, apo f\u00ebmij\u00ebt, me t\u00eb cil\u00ebt po kalon m\u00eb shum\u00eb koh\u00eb. Ndon\u00ebse ka vijuar aktiv q\u00eb dit\u00ebn e par\u00eb pas dor\u00ebzimit t\u00eb detyr\u00ebs, me marrjen e drejtimit t\u00eb Partis\u00eb s\u00eb Liris\u00eb.<\/span><\/p>\n","protected":false,"gt_translate_keys":[{"key":"rendered","format":"html"}]},"excerpt":{"rendered":"<p>Kryetari i Partis\u00eb s\u00eb Liris\u00eb, Ilir Meta ka ndar\u00eb k\u00ebt\u00eb m\u00ebngjes me publikun, nj\u00eb foto ku shihet krah t\u00eb shoqes Monika Kryemadhi. N\u00eb mesazhin q\u00eb shoq\u00ebron foton, Meta shprehet se bashk\u00eb me Kryemadhin u urojn\u00eb ndjek\u00ebsve nj\u00eb fundjav\u00eb t\u00eb mbar\u00eb. \u201cBashk\u00eb me Mon\u00ebn ju urojm\u00eb nj\u00eb fundjav\u00eb t\u00eb mbar\u00eb.\u201d- shkruan ai. Q\u00eb pas largimit nga [&hellip;]<\/p>\n","protected":false,"gt_translate_keys":[{"key":"rendered","format":"html"}]},"author":30,"featured_media":538879,"comment_status":"closed","ping_status":"closed","sticky":false,"template":"","format":"standard","meta":{"footnotes":""},"categories":[1],"tags":[],"class_list":["post-538878","post","type-post","status-publish","format-standard","has-post-thumbnail","hentry","category-uncategorized"],"gt_translate_keys":[{"key":"link","format":"url"}],"_links":{"self":[{"href":"https:\/\/www.hashtag.al\/index.php\/wp-json\/wp\/v2\/posts\/538878","targetHints":{"allow":["GET"]}}],"collection":[{"href":"https:\/\/www.hashtag.al\/index.php\/wp-json\/wp\/v2\/posts"}],"about":[{"href":"https:\/\/www.hashtag.al\/index.php\/wp-json\/wp\/v2\/types\/post"}],"author":[{"embeddable":true,"href":"https:\/\/www.hashtag.al\/index.php\/wp-json\/wp\/v2\/users\/30"}],"replies":[{"embeddable":true,"href":"https:\/\/www.hashtag.al\/index.php\/wp-json\/wp\/v2\/comments?post=538878"}],"version-history":[{"count":0,"href":"https:\/\/www.hashtag.al\/index.php\/wp-json\/wp\/v2\/posts\/538878\/revisions"}],"wp:featuredmedia":[{"embeddable":true,"href":"https:\/\/www.hashtag.al\/index.php\/wp-json\/wp\/v2\/media\/538879"}],"wp:attachment":[{"href":"https:\/\/www.hashtag.al\/index.php\/wp-json\/wp\/v2\/media?parent=538878"}],"wp:term":[{"taxonomy":"category","embeddable":true,"href":"https:\/\/www.hashtag.al\/index.php\/wp-json\/wp\/v2\/categories?post=538878"},{"taxonomy":"post_tag","embeddable":true,"href":"https:\/\/www.hashtag.al\/index.php\/wp-json\/wp\/v2\/tags?post=538878"}],"curies":[{"name":"wp","href":"https:\/\/api.w.org\/{rel}","templated":true}]}}