{"id":538834,"date":"2022-07-29T19:17:27","date_gmt":"2022-07-29T17:17:27","guid":{"rendered":"https:\/\/www.hashtag.al\/?p=538834"},"modified":"2022-07-29T19:17:27","modified_gmt":"2022-07-29T17:17:27","slug":"gjkko-denon-me-2-vite-e-4-muaj-burg-ish-kryetarin-e-bashkise-lushnje","status":"publish","type":"post","link":"https:\/\/www.hashtag.al\/index.php\/2022\/07\/29\/gjkko-denon-me-2-vite-e-4-muaj-burg-ish-kryetarin-e-bashkise-lushnje\/","title":{"rendered":"GJKKO d\u00ebnon me 2 vite e 4 muaj burg ish-kryetarin e Bashkis\u00eb Lushnj\u00eb","gt_translate_keys":[{"key":"rendered","format":"text"}]},"content":{"rendered":"<p style=\"text-align: justify;\"><span style=\"color: #000000;\"><img loading=\"lazy\" decoding=\"async\" class=\"aligncenter size-full wp-image-491508\" src=\"https:\/\/www.hashtag.al\/wp-content\/uploads\/2021\/12\/fatos-tushe.jpg\" alt=\"\" width=\"669\" height=\"503\" srcset=\"https:\/\/www.hashtag.al\/wp-content\/uploads\/2021\/12\/fatos-tushe.jpg 669w, https:\/\/www.hashtag.al\/wp-content\/uploads\/2021\/12\/fatos-tushe-300x226.jpg 300w\" sizes=\"auto, (max-width: 669px) 100vw, 669px\" \/><\/span><\/p>\n<p style=\"text-align: justify;\"><span style=\"color: #000000;\">P\u00ebr rreth 6 or\u00eb n\u00eb Gjykat\u00ebn e Posa\u00e7me t\u00eb Shkall\u00ebs s\u00eb Par\u00eb p\u00ebr Korrupsionin dhe Krimin e Organizuar \u00ebsht\u00eb zhvilluar seanca gjyq\u00ebsore p\u00ebr ish-kryebashkiakun e Lushnj\u00ebs, Fatos Tushe, i cili akuzohej p\u00ebr shp\u00ebrdorim detyre dhe abuzim me tenderat.<\/span><\/p>\n<p style=\"text-align: justify;\"><span style=\"color: #000000;\">Gjykata e Posa\u00e7me Antikorrupsion ka marr vendimin p\u00ebr ta shpallur fajtor ish-kryebashkiakun p\u00ebr shp\u00ebrdorim detyre dhe e ka d\u00ebnuar me 3 vite e 8 muaj burgim. Por p\u00ebr shkak t\u00eb gjykimit t\u00eb shkurtuar, ai do t\u00eb vuaj\u00eb vet\u00ebm 2 vite e 4 muaj burg.<\/span><\/p>\n<p style=\"text-align: justify;\"><span style=\"color: #000000;\">Gjithashtu trupa gjykuese e kryesuar nga gjyqtari Erion Bani, ka pranuar k\u00ebrkes\u00ebn e SPAK p\u00ebr d\u00ebnim plot\u00ebsues p\u00ebr Tushen, duke i hequr t\u00eb drejt\u00ebn p\u00ebr t\u00eb ushtruar funksione publike p\u00ebr 5 vite.<\/span><\/p>\n<p style=\"text-align: justify;\"><span style=\"color: #000000;\">Nd\u00ebrkoh\u00eb, kujtojm\u00eb se n\u00eb pretenc\u00eb, SPAK fillimisht kishte k\u00ebrkuar d\u00ebnimin me 5 vite burg p\u00ebr Tushen.<\/span><\/p>\n<p style=\"text-align: justify;\"><span style=\"color: #000000;\">Sa i p\u00ebrket ish-kreut t\u00eb Inspektoriatit t\u00eb Nd\u00ebrtimit n\u00eb bashkin\u00eb e Lushnj\u00ebs, Flamur Peqini, ai \u00ebsht\u00eb d\u00ebnuar me 3 vite burg, por p\u00ebr shkak t\u00eb gjykimit t\u00eb shkurtuar d\u00ebnimi i ulet n\u00eb vet\u00ebm 2 vite.<\/span><\/p>\n<p style=\"text-align: justify;\"><span style=\"color: #000000;\">Peqini gjithashtu s\u2019do t\u00eb mund t\u00eb ushtroj\u00eb funksione publike p\u00ebr 5vite.<\/span><\/p>\n<p style=\"text-align: justify;\"><span style=\"color: #000000;\">Ish zv\/kryetari i Bashkis\u00eb, Gentian Nushi \u00ebsht\u00eb d\u00ebnuar me 2 vite e 6 muaj burg, por do t\u00eb q\u00ebndroj\u00eb n\u00eb qeli vet\u00ebm p\u00ebr 1 vit e 8 muaj.<\/span><\/p>\n<p style=\"text-align: justify;\"><span style=\"color: #000000;\">Edhe nj\u00eb nga punonj\u00ebsit e tjer\u00eb t\u00eb bashkis\u00eb, Leonard Sefa \u00ebsht\u00eb d\u00ebnuar nga GJKKO me 1 vit e 6 muaj burg, nd\u00ebrsa ai dhe Nushi nj\u00ebjt\u00eb si zyrtar\u00ebt e tjer\u00eb nuk do t\u00eb mund t\u00eb kryejn\u00eb funksione publike p\u00ebr 5 vite.<\/span><\/p>\n<p style=\"text-align: justify;\">\n","protected":false,"gt_translate_keys":[{"key":"rendered","format":"html"}]},"excerpt":{"rendered":"<p>P\u00ebr rreth 6 or\u00eb n\u00eb Gjykat\u00ebn e Posa\u00e7me t\u00eb Shkall\u00ebs s\u00eb Par\u00eb p\u00ebr Korrupsionin dhe Krimin e Organizuar \u00ebsht\u00eb zhvilluar seanca gjyq\u00ebsore p\u00ebr ish-kryebashkiakun e Lushnj\u00ebs, Fatos Tushe, i cili akuzohej p\u00ebr shp\u00ebrdorim detyre dhe abuzim me tenderat. Gjykata e Posa\u00e7me Antikorrupsion ka marr vendimin p\u00ebr ta shpallur fajtor ish-kryebashkiakun p\u00ebr shp\u00ebrdorim detyre dhe e [&hellip;]<\/p>\n","protected":false,"gt_translate_keys":[{"key":"rendered","format":"html"}]},"author":32,"featured_media":491508,"comment_status":"closed","ping_status":"closed","sticky":false,"template":"","format":"standard","meta":{"footnotes":""},"categories":[65,13],"tags":[],"class_list":["post-538834","post","type-post","status-publish","format-standard","has-post-thumbnail","hentry","category-lajme","category-te-fundit"],"gt_translate_keys":[{"key":"link","format":"url"}],"_links":{"self":[{"href":"https:\/\/www.hashtag.al\/index.php\/wp-json\/wp\/v2\/posts\/538834","targetHints":{"allow":["GET"]}}],"collection":[{"href":"https:\/\/www.hashtag.al\/index.php\/wp-json\/wp\/v2\/posts"}],"about":[{"href":"https:\/\/www.hashtag.al\/index.php\/wp-json\/wp\/v2\/types\/post"}],"author":[{"embeddable":true,"href":"https:\/\/www.hashtag.al\/index.php\/wp-json\/wp\/v2\/users\/32"}],"replies":[{"embeddable":true,"href":"https:\/\/www.hashtag.al\/index.php\/wp-json\/wp\/v2\/comments?post=538834"}],"version-history":[{"count":0,"href":"https:\/\/www.hashtag.al\/index.php\/wp-json\/wp\/v2\/posts\/538834\/revisions"}],"wp:featuredmedia":[{"embeddable":true,"href":"https:\/\/www.hashtag.al\/index.php\/wp-json\/wp\/v2\/media\/491508"}],"wp:attachment":[{"href":"https:\/\/www.hashtag.al\/index.php\/wp-json\/wp\/v2\/media?parent=538834"}],"wp:term":[{"taxonomy":"category","embeddable":true,"href":"https:\/\/www.hashtag.al\/index.php\/wp-json\/wp\/v2\/categories?post=538834"},{"taxonomy":"post_tag","embeddable":true,"href":"https:\/\/www.hashtag.al\/index.php\/wp-json\/wp\/v2\/tags?post=538834"}],"curies":[{"name":"wp","href":"https:\/\/api.w.org\/{rel}","templated":true}]}}