{"id":538830,"date":"2022-07-29T18:27:02","date_gmt":"2022-07-29T16:27:02","guid":{"rendered":"https:\/\/www.hashtag.al\/?p=538830"},"modified":"2022-07-29T18:27:02","modified_gmt":"2022-07-29T16:27:02","slug":"goxhaj-zyrtarisht-kandidat-i-opozites-per-avokat-i-popullit-dorezon-38-fima-per-deputete","status":"publish","type":"post","link":"https:\/\/www.hashtag.al\/index.php\/2022\/07\/29\/goxhaj-zyrtarisht-kandidat-i-opozites-per-avokat-i-popullit-dorezon-38-fima-per-deputete\/","title":{"rendered":"Goxhaj zyrtarisht kandidat i opozit\u00ebs p\u00ebr Avokat i Popullit, dor\u00ebzon 38 fima p\u00ebr deputet\u00eb","gt_translate_keys":[{"key":"rendered","format":"text"}]},"content":{"rendered":"<p style=\"text-align: justify;\"><span style=\"color: #000000;\"><img loading=\"lazy\" decoding=\"async\" class=\"aligncenter size-full wp-image-521191\" src=\"https:\/\/www.hashtag.al\/wp-content\/uploads\/2022\/05\/altingoxhaj.jpg2_.jpg\" alt=\"\" width=\"800\" height=\"454\" srcset=\"https:\/\/www.hashtag.al\/wp-content\/uploads\/2022\/05\/altingoxhaj.jpg2_.jpg 800w, https:\/\/www.hashtag.al\/wp-content\/uploads\/2022\/05\/altingoxhaj.jpg2_-300x170.jpg 300w, https:\/\/www.hashtag.al\/wp-content\/uploads\/2022\/05\/altingoxhaj.jpg2_-768x436.jpg 768w\" sizes=\"auto, (max-width: 800px) 100vw, 800px\" \/><\/span><\/p>\n<p style=\"text-align: justify;\"><span style=\"color: #000000;\">Altin Goxhaj \u00ebsht\u00eb zyrtarisht kandidat i opozit\u00ebs p\u00ebr n\u00eb gar\u00ebn p\u00ebr Avokat t\u00eb Popullit.<\/span><\/p>\n<p style=\"text-align: justify;\"><span style=\"color: #000000;\">Goxhaj ka dor\u00ebzuar n\u00eb Kuvend, 38 firmat nga radh\u00ebt e deputet\u00ebve t\u00eb Partis\u00eb Demokratike, LSI-s\u00eb, LZHK-s\u00eb dhe PR-s\u00eb.<\/span><\/p>\n<p style=\"text-align: justify;\"><span style=\"color: #000000;\">Kushti ligjor ishte q\u00eb 28 deputet\u00eb t\u00eb firmosnin p\u00ebr t\u00eb qen\u00eb kandidat zyrtar p\u00ebr Avokat t\u00eb Popullit.<\/span><\/p>\n<p style=\"text-align: justify;\"><span style=\"color: #000000;\">Goxhaj ka publikuar t\u00eb gjith\u00eb list\u00ebn me deputet\u00ebt q\u00eb firmos\u00ebn p\u00ebr t\u00eb.<\/span><\/p>\n<p style=\"text-align: justify;\"><span style=\"color: #000000;\"><strong>Postimi i plot\u00eb:<\/strong><\/span><\/p>\n<p style=\"text-align: justify;\"><span style=\"color: #000000;\">Sot dor\u00ebzova n\u00ebnshkrimet e 38 deputet\u00ebve t\u00eb Opozit\u00ebs nga PD (nga Sali Berisha tek Dhurata \u00c7upi, nga Tomorr Alizoti tek Sajmir Koreshi, d.m.th i gjith\u00eb spektri i PD), nga LSI, PDIU, LZHK dhe PR.<\/span><\/p>\n<p style=\"text-align: justify;\"><span style=\"color: #000000;\">Kushti Ligjor p\u00ebr t\u00eb kandiduar \u00ebsht\u00eb 28 firma deputet\u00ebsh por un\u00eb dor\u00ebzova plot 38.<\/span><\/p>\n<p style=\"text-align: justify;\"><span style=\"color: #000000;\">38 Deputet\u00ebt e Opozit\u00ebs treguan k\u00ebt\u00eb muaj q\u00eb bashkohen tek kandidatura ime dhe besojm\u00eb q\u00eb n\u00eb Shtator 2022 do t\u00eb vendosim Rilindjen dhe Mafien Soros n\u00eb hall t\u00eb madh p\u00ebr t\u00eb shkelur ligjin q\u00eb t\u00eb mos m\u00eb japin mua vul\u00ebn e Avokatit t\u00eb Popullit t\u00eb tmerruar p\u00ebr raportet n\u00eb anglisht q\u00eb do t\u00eb d\u00ebrgoja n\u00eb t\u00eb gjitha kancelarit\u00eb, parlamentet dhe institucionet e t\u00eb drejtave t\u00eb njeriut n\u00eb Europ\u00eb dhe SHBA p\u00ebr Agjend\u00ebn Soros p\u00ebr Rr\u00ebnimin, Falimentimin dhe Shpopullimin e Shqip\u00ebris\u00eb.<\/span><\/p>\n<p style=\"text-align: justify;\"><span style=\"color: #000000;\">Dhe plot arsye t\u00eb tjera p\u00ebr at\u00eb \u00e7\u2019ka do i garantoja mbrojtje radikale dhe efektive \u00e7do shqiptari nga represioni \u00e7ubrillovi\u00e7ian i Rilindjes p\u00ebr ti detyruar shqiptar\u00ebt t\u00eb braktisin Shqip\u00ebrin\u00eb dhe t\u00eb enden pa atdhe n\u00ebp\u00ebr rrug\u00ebt e bot\u00ebs t\u00eb pashpres\u00eb!<\/span><\/p>\n<p style=\"text-align: justify;\"><span style=\"color: #000000;\">N\u00eb fakt deri n\u00eb Shtator besoj se do t\u00eb kem edhe 10 n\u00ebnshkrime m\u00eb shum\u00eb Kujtoj se ky \u00ebsht\u00eb rasti i par\u00eb n\u00eb 1 vit q\u00eb deputet\u00ebt e Opozit\u00ebs bien dakord p\u00ebr di\u00e7ka n\u00eb k\u00ebto p\u00ebrmasa<\/span><\/p>\n<p style=\"text-align: justify;\"><span style=\"color: #000000;\">Fal\u00ebnderoj p\u00ebr mb\u00ebshtetjen t\u00eb gjith\u00eb deputet\u00ebt e Opozit\u00ebs (dhe sdms Kryetar\u00ebt e partive parlamentare) dhe n\u00eb m\u00ebnyr\u00eb t\u00eb ve\u00e7ant\u00eb ekipin mb\u00ebshtet\u00ebs n\u00eb kandidimin tim Aulon Kalaja, Ilirjana Kucana, Ibsen Elezi, Bislim Ahmetaj, Edvin Kulluri, Edith Harxhi, Andrea Bregu, Ledian Bardhi, etj.<\/span><\/p>\n<p style=\"text-align: justify;\"><span style=\"color: #000000;\">Tani gjith\u00e7ka \u00ebsht\u00eb n\u00eb dor\u00eb t\u00eb politik\u00ebs<\/span><\/p>\n<p style=\"text-align: justify;\"><span style=\"color: #000000;\">Ja dokumenti dhe lista e deputet\u00ebve q\u00eb paraqit\u00ebn mb\u00ebshtetjen p\u00ebr kandidatur\u00ebn time p\u00ebr Kandidat Zyrtar p\u00ebr Avokat i Popullit<\/span><\/p>\n<p style=\"text-align: justify;\"><span style=\"color: #000000;\">Drejtuar:<\/span><\/p>\n<p style=\"text-align: justify;\"><span style=\"color: #000000;\">Kuvendit t\u00eb Shqip\u00ebris\u00eb, Komisioni p\u00ebr \u00c7\u00ebshtjet Ligjore, Administrat\u00ebn Publike dhe t\u00eb Drejtat e Njeriut<\/span><\/p>\n<p style=\"text-align: justify;\"><span style=\"color: #000000;\">D\u00ebrgon:<\/span><\/p>\n<p style=\"text-align: justify;\"><span style=\"color: #000000;\">Altin Goxhaj, kandidat p\u00ebr Avokatin e Popullit<\/span><\/p>\n<p style=\"text-align: justify;\"><span style=\"color: #000000;\">L\u00ebnda:<\/span><\/p>\n<p style=\"text-align: justify;\"><span style=\"color: #000000;\">Paraqitja e mb\u00ebshtetjes me shkrim t\u00eb 38 deputet\u00ebve t\u00eb Opozit\u00ebs n\u00eb Kuvendin e Shqip\u00ebris\u00eb n\u00eb zbatim t\u00eb \u201cNenit 9\u201d \u201cpika 5)\u201d t\u00eb Ligjit p\u00ebr Avokatin e Popullit<\/span><\/p>\n<p style=\"text-align: justify;\"><span style=\"color: #000000;\">P\u00ebrmbajtja e dokumentacionit:<\/span><\/p>\n<p style=\"text-align: justify;\"><span style=\"color: #000000;\">14 flet\u00eb (2 flet\u00eb shpjeguese dhe 12 flet\u00eb me n\u00ebnshkrimet e 38 deputet\u00ebve t\u00eb Opozit\u00ebs)<\/span><\/p>\n<p style=\"text-align: justify;\"><span style=\"color: #000000;\">Baza Ligjore:<\/span><\/p>\n<p style=\"text-align: justify;\"><span style=\"color: #000000;\">Kushtetuta e Republik\u00ebs s\u00eb Shqip\u00ebris\u00eb<\/span><\/p>\n<p style=\"text-align: justify;\"><span style=\"color: #000000;\">Rregullorja e Kuvendit t\u00eb Shqip\u00ebris\u00eb<\/span><\/p>\n<p style=\"text-align: justify;\"><span style=\"color: #000000;\">Ligji p\u00ebr Avokatin e Popullit<\/span><\/p>\n<p style=\"text-align: justify;\"><span style=\"color: #000000;\">Kodi i Pro\u00e7edur\u00ebs Administrative<\/span><\/p>\n<p style=\"text-align: justify;\"><span style=\"color: #000000;\">T\u00eb nderuara Zonja dhe Zot\u00ebrinj,<\/span><\/p>\n<p style=\"text-align: justify;\"><span style=\"color: #000000;\">Ju paraqes list\u00ebn e mb\u00ebshtetjes me shkrim t\u00eb 38 deputet\u00ebve t\u00eb Opozit\u00ebs s\u00eb Kuvendit t\u00eb Shqip\u00ebris\u00eb n\u00eb zbatim t\u00eb \u201cNenit 9\u201d \u201cpika 5)\u201d t\u00eb Ligjit p\u00ebr Avokatin e Popullit, dhe bashk\u00ebngjitur jan\u00eb n\u00ebnshkrimet dhe emrat e deputet\u00ebve t\u00eb Kuvendit t\u00eb Shqip\u00ebris\u00eb.<\/span><\/p>\n<p style=\"text-align: justify;\"><span style=\"color: #000000;\">Sipas rendit t\u00eb deklaratave dhe radh\u00ebs s\u00eb n\u00ebnshkrimeve paraqitur n\u00eb flet\u00ebt bashk\u00ebngjitur (nuk jan\u00eb sipas datave t\u00eb firmosjes):<\/span><\/p>\n<p style=\"text-align: justify;\"><span style=\"color: #000000;\">Lu\u00e7iano Bo\u00e7i &#8211; PDSH \/ fq. 1<\/span><\/p>\n<p style=\"text-align: justify;\"><span style=\"color: #000000;\">Flamur Noka &#8211; PDSH \/ fq. 1<\/span><\/p>\n<p style=\"text-align: justify;\"><span style=\"color: #000000;\">Albana Vokshi &#8211; PDSH \/ fq. 1<\/span><\/p>\n<p style=\"text-align: justify;\"><span style=\"color: #000000;\">Sali Berisha &#8211; PDSH \/ f fq. 1<\/span><\/p>\n<p style=\"text-align: justify;\"><span style=\"color: #000000;\">Isuf \u00c7elaj &#8211; PDSH \/ fq. 1<\/span><\/p>\n<p style=\"text-align: justify;\"><span style=\"color: #000000;\">Bujar Leskaj &#8211; PDSH \/ fq. 1<\/span><\/p>\n<p style=\"text-align: justify;\"><span style=\"color: #000000;\">Luan Ba\u00e7i &#8211; PDSH \/ fq. 1<\/span><\/p>\n<p style=\"text-align: justify;\"><span style=\"color: #000000;\">Edmond Spaho &#8211; PDSH \/ fq. 1<\/span><\/p>\n<p style=\"text-align: justify;\"><span style=\"color: #000000;\">Kas\u00ebm Mahmutaj &#8211; PDSH \/ fq. 1<\/span><\/p>\n<p style=\"text-align: justify;\"><span style=\"color: #000000;\">Elda Hoti &#8211; PDSH \/ fq. 1<\/span><\/p>\n<p style=\"text-align: justify;\"><span style=\"color: #000000;\">Tritan Shehu &#8211; PDSH \/ fq. 1<\/span><\/p>\n<p style=\"text-align: justify;\"><span style=\"color: #000000;\">Agron Shehaj &#8211; PDSH \/ fq. 1<\/span><\/p>\n<p style=\"text-align: justify;\"><span style=\"color: #000000;\">Edi Paloka &#8211; PDSH \/ fq. 1<\/span><\/p>\n<p style=\"text-align: justify;\"><span style=\"color: #000000;\">Ilda Dhori &#8211; PDSH \/ fq. 2<\/span><\/p>\n<p style=\"text-align: justify;\"><span style=\"color: #000000;\">Eralda Bano &#8211; PDSH \/ fq. 2<\/span><\/p>\n<p style=\"text-align: justify;\"><span style=\"color: #000000;\">Saimir Korreshi &#8211; PDSH \/ fq. 2<\/span><\/p>\n<p style=\"text-align: justify;\"><span style=\"color: #000000;\">Ramadan Likaj &#8211; PDSH \/ fq. 2<\/span><\/p>\n<p style=\"text-align: justify;\"><span style=\"color: #000000;\">Xhelal Mziu &#8211; PDSH \/ fq. 2<\/span><\/p>\n<p style=\"text-align: justify;\"><span style=\"color: #000000;\">Zef Hila &#8211; PDSH \/ fq. 2<\/span><\/p>\n<p style=\"text-align: justify;\"><span style=\"color: #000000;\">Lindita Metaliaj &#8211; PDSH \/ fq. 2<\/span><\/p>\n<p style=\"text-align: justify;\"><span style=\"color: #000000;\">Dashnor Sula &#8211; PDSH \/ fq. 2<\/span><\/p>\n<p style=\"text-align: justify;\"><span style=\"color: #000000;\">Lefter G\u00ebshtenja &#8211; PDSH \/ fq. 2<\/span><\/p>\n<p style=\"text-align: justify;\"><span style=\"color: #000000;\">Zheni Gjergji &#8211; PDSH \/ fq. 2<\/span><\/p>\n<p style=\"text-align: justify;\"><span style=\"color: #000000;\">Kastriot Piroli &#8211; PDSH \/ fq. 2<\/span><\/p>\n<p style=\"text-align: justify;\"><span style=\"color: #000000;\">Andia Ulliri &#8211; PDSH \/ fq. 2<\/span><\/p>\n<p style=\"text-align: justify;\"><span style=\"color: #000000;\">Dhurata \u00c7upi &#8211; PDSH \/ fq. 2<\/span><\/p>\n<p style=\"text-align: justify;\"><span style=\"color: #000000;\">Greta Bardeli &#8211; PDSH \/ fq. 2<\/span><\/p>\n<p style=\"text-align: justify;\"><span style=\"color: #000000;\">Emilja Koliqi &#8211; PDSH \/ fq. 2<\/span><\/p>\n<p style=\"text-align: justify;\"><span style=\"color: #000000;\">Tomor Alizoti &#8211; PDSH \/ fq. 3<\/span><\/p>\n<p style=\"text-align: justify;\"><span style=\"color: #000000;\">Ina Zhupa &#8211; PDSH \/ fq. 4<\/span><\/p>\n<p style=\"text-align: justify;\"><span style=\"color: #000000;\">Flamur Hoxha &#8211; PDSH \/ fq. 5<\/span><\/p>\n<p style=\"text-align: justify;\"><span style=\"color: #000000;\">Monika Kryemadhi &#8211; LSI \/ fq. 6<\/span><\/p>\n<p style=\"text-align: justify;\"><span style=\"color: #000000;\">Petrit Vasili &#8211; LSI \/ fq. 7<\/span><\/p>\n<p style=\"text-align: justify;\"><span style=\"color: #000000;\">Agron \u00c7elaj &#8211; LSI \/ fq. 8<\/span><\/p>\n<p style=\"text-align: justify;\"><span style=\"color: #000000;\">Shp\u00ebtim Idrizi &#8211; PDIU \/ fq. 9<\/span><\/p>\n<p style=\"text-align: justify;\"><span style=\"color: #000000;\">Mesila Doda &#8211; PDIU \/ fq. 10<\/span><\/p>\n<p style=\"text-align: justify;\"><span style=\"color: #000000;\">Dashamir Shehi &#8211; LZHK \/ fq. 11<\/span><\/p>\n<p style=\"text-align: justify;\"><span style=\"color: #000000;\">Fatmir Mediu &#8211; PRSH \/ fq. 12<\/span><\/p>\n<p style=\"text-align: justify;\"><span style=\"color: #000000;\">Me respekt<\/span><\/p>\n<p style=\"text-align: justify;\"><span style=\"color: #000000;\">Altin Goxhaj<\/span><\/p>\n","protected":false,"gt_translate_keys":[{"key":"rendered","format":"html"}]},"excerpt":{"rendered":"<p>Altin Goxhaj \u00ebsht\u00eb zyrtarisht kandidat i opozit\u00ebs p\u00ebr n\u00eb gar\u00ebn p\u00ebr Avokat t\u00eb Popullit. Goxhaj ka dor\u00ebzuar n\u00eb Kuvend, 38 firmat nga radh\u00ebt e deputet\u00ebve t\u00eb Partis\u00eb Demokratike, LSI-s\u00eb, LZHK-s\u00eb dhe PR-s\u00eb. Kushti ligjor ishte q\u00eb 28 deputet\u00eb t\u00eb firmosnin p\u00ebr t\u00eb qen\u00eb kandidat zyrtar p\u00ebr Avokat t\u00eb Popullit. Goxhaj ka publikuar t\u00eb gjith\u00eb list\u00ebn [&hellip;]<\/p>\n","protected":false,"gt_translate_keys":[{"key":"rendered","format":"html"}]},"author":32,"featured_media":521191,"comment_status":"closed","ping_status":"closed","sticky":false,"template":"","format":"standard","meta":{"footnotes":""},"categories":[65,13],"tags":[],"class_list":["post-538830","post","type-post","status-publish","format-standard","has-post-thumbnail","hentry","category-lajme","category-te-fundit"],"gt_translate_keys":[{"key":"link","format":"url"}],"_links":{"self":[{"href":"https:\/\/www.hashtag.al\/index.php\/wp-json\/wp\/v2\/posts\/538830","targetHints":{"allow":["GET"]}}],"collection":[{"href":"https:\/\/www.hashtag.al\/index.php\/wp-json\/wp\/v2\/posts"}],"about":[{"href":"https:\/\/www.hashtag.al\/index.php\/wp-json\/wp\/v2\/types\/post"}],"author":[{"embeddable":true,"href":"https:\/\/www.hashtag.al\/index.php\/wp-json\/wp\/v2\/users\/32"}],"replies":[{"embeddable":true,"href":"https:\/\/www.hashtag.al\/index.php\/wp-json\/wp\/v2\/comments?post=538830"}],"version-history":[{"count":0,"href":"https:\/\/www.hashtag.al\/index.php\/wp-json\/wp\/v2\/posts\/538830\/revisions"}],"wp:featuredmedia":[{"embeddable":true,"href":"https:\/\/www.hashtag.al\/index.php\/wp-json\/wp\/v2\/media\/521191"}],"wp:attachment":[{"href":"https:\/\/www.hashtag.al\/index.php\/wp-json\/wp\/v2\/media?parent=538830"}],"wp:term":[{"taxonomy":"category","embeddable":true,"href":"https:\/\/www.hashtag.al\/index.php\/wp-json\/wp\/v2\/categories?post=538830"},{"taxonomy":"post_tag","embeddable":true,"href":"https:\/\/www.hashtag.al\/index.php\/wp-json\/wp\/v2\/tags?post=538830"}],"curies":[{"name":"wp","href":"https:\/\/api.w.org\/{rel}","templated":true}]}}