{"id":538690,"date":"2022-07-28T19:10:46","date_gmt":"2022-07-28T17:10:46","guid":{"rendered":"https:\/\/www.hashtag.al\/?p=538690"},"modified":"2022-07-28T19:10:46","modified_gmt":"2022-07-28T17:10:46","slug":"meta-fton-te-rinjte-ti-bashkohen-partise-se-lirise-te-behemi-bashke-per-te-rikthyer-shpresen","status":"publish","type":"post","link":"https:\/\/www.hashtag.al\/index.php\/2022\/07\/28\/meta-fton-te-rinjte-ti-bashkohen-partise-se-lirise-te-behemi-bashke-per-te-rikthyer-shpresen\/","title":{"rendered":"Meta fton t\u00eb rinjt\u00eb t\u2019i bashkohen Partis\u00eb s\u00eb Liris\u00eb: T\u00eb b\u00ebhemi bashk\u00eb p\u00ebr t\u00eb rikthyer shpres\u00ebn","gt_translate_keys":[{"key":"rendered","format":"text"}]},"content":{"rendered":"<p style=\"text-align: justify;\"><span style=\"color: #000000;\"><img loading=\"lazy\" decoding=\"async\" class=\"aligncenter size-full wp-image-538691\" src=\"https:\/\/www.hashtag.al\/wp-content\/uploads\/2022\/07\/ilir-meta.png\" alt=\"\" width=\"1037\" height=\"604\" srcset=\"https:\/\/www.hashtag.al\/wp-content\/uploads\/2022\/07\/ilir-meta.png 1037w, https:\/\/www.hashtag.al\/wp-content\/uploads\/2022\/07\/ilir-meta-300x175.png 300w, https:\/\/www.hashtag.al\/wp-content\/uploads\/2022\/07\/ilir-meta-1024x596.png 1024w, https:\/\/www.hashtag.al\/wp-content\/uploads\/2022\/07\/ilir-meta-768x447.png 768w, https:\/\/www.hashtag.al\/wp-content\/uploads\/2022\/07\/ilir-meta-250x145.png 250w\" sizes=\"auto, (max-width: 1037px) 100vw, 1037px\" \/><\/span><\/p>\n<p style=\"text-align: justify;\"><span style=\"color: #000000;\">Kryetari i Partis\u00eb s\u00eb Liris\u00eb, Ilir Meta ka ftuar t\u00eb rinjt\u00eb t\u2019i bashkohen k\u00ebsaj partie.<\/span><\/p>\n<p style=\"text-align: justify;\"><span style=\"color: #000000;\">Meta thot\u00eb se PL \u00ebsht\u00eb mund\u00ebsi e shk\u00eblqyer p\u00ebr \u00e7do t\u00eb ri shqiptar q\u00eb ka ide, vizion e energji dhe q\u00eb pret t\u00eb ndryshoj\u00eb t\u00eb ardhmen e tij.<\/span><\/p>\n<p style=\"text-align: justify;\"><span style=\"color: #000000;\">\u201c<em>Partia e Liris\u00eb \u00ebsht\u00eb nj\u00eb mund\u00ebsi e shk\u00eblqyer p\u00ebr \u00e7do t\u00eb ri shqiptar q\u00eb ka ide, vizion, energji, q\u00eb mezi pret t\u00eb ndryshoj\u00eb t\u00eb ardhmen e tij dhe t\u00eb Shqip\u00ebris\u00eb.<\/em><\/span><\/p>\n<p style=\"text-align: justify;\"><span style=\"color: #000000;\"><em>Merrni n\u00eb dor\u00eb fatet tuaja! <\/em><\/span><\/p>\n<p style=\"text-align: justify;\"><span style=\"color: #000000;\"><em>T\u00eb b\u00ebhemi bashk\u00eb n\u00eb nj\u00eb aleanc\u00eb mbar\u00ebkomb\u00ebtare p\u00ebr t\u00eb rikthyer shpres\u00ebn, p\u00ebr t\u00eb sjell\u00eb sa m\u00eb par\u00eb ndryshimin<\/em>!\u201d-shkruan Meta.<\/span><\/p>\n<p><iframe loading=\"lazy\" style=\"border: none; overflow: hidden;\" src=\"https:\/\/www.facebook.com\/plugins\/video.php?href=https%3A%2F%2Fwww.facebook.com%2Filirmetazyrtar%2Fvideos%2F475296941007982%2F&amp;show_text=0&amp;width=476\" width=\"476\" height=\"476\" frameborder=\"0\" scrolling=\"no\" allowfullscreen=\"allowfullscreen\"><\/iframe><\/p>\n","protected":false,"gt_translate_keys":[{"key":"rendered","format":"html"}]},"excerpt":{"rendered":"<p>Kryetari i Partis\u00eb s\u00eb Liris\u00eb, Ilir Meta ka ftuar t\u00eb rinjt\u00eb t\u2019i bashkohen k\u00ebsaj partie. Meta thot\u00eb se PL \u00ebsht\u00eb mund\u00ebsi e shk\u00eblqyer p\u00ebr \u00e7do t\u00eb ri shqiptar q\u00eb ka ide, vizion e energji dhe q\u00eb pret t\u00eb ndryshoj\u00eb t\u00eb ardhmen e tij. \u201cPartia e Liris\u00eb \u00ebsht\u00eb nj\u00eb mund\u00ebsi e shk\u00eblqyer p\u00ebr \u00e7do t\u00eb ri [&hellip;]<\/p>\n","protected":false,"gt_translate_keys":[{"key":"rendered","format":"html"}]},"author":32,"featured_media":538691,"comment_status":"closed","ping_status":"closed","sticky":false,"template":"","format":"standard","meta":{"footnotes":""},"categories":[65,13],"tags":[],"class_list":["post-538690","post","type-post","status-publish","format-standard","has-post-thumbnail","hentry","category-lajme","category-te-fundit"],"gt_translate_keys":[{"key":"link","format":"url"}],"_links":{"self":[{"href":"https:\/\/www.hashtag.al\/index.php\/wp-json\/wp\/v2\/posts\/538690","targetHints":{"allow":["GET"]}}],"collection":[{"href":"https:\/\/www.hashtag.al\/index.php\/wp-json\/wp\/v2\/posts"}],"about":[{"href":"https:\/\/www.hashtag.al\/index.php\/wp-json\/wp\/v2\/types\/post"}],"author":[{"embeddable":true,"href":"https:\/\/www.hashtag.al\/index.php\/wp-json\/wp\/v2\/users\/32"}],"replies":[{"embeddable":true,"href":"https:\/\/www.hashtag.al\/index.php\/wp-json\/wp\/v2\/comments?post=538690"}],"version-history":[{"count":0,"href":"https:\/\/www.hashtag.al\/index.php\/wp-json\/wp\/v2\/posts\/538690\/revisions"}],"wp:featuredmedia":[{"embeddable":true,"href":"https:\/\/www.hashtag.al\/index.php\/wp-json\/wp\/v2\/media\/538691"}],"wp:attachment":[{"href":"https:\/\/www.hashtag.al\/index.php\/wp-json\/wp\/v2\/media?parent=538690"}],"wp:term":[{"taxonomy":"category","embeddable":true,"href":"https:\/\/www.hashtag.al\/index.php\/wp-json\/wp\/v2\/categories?post=538690"},{"taxonomy":"post_tag","embeddable":true,"href":"https:\/\/www.hashtag.al\/index.php\/wp-json\/wp\/v2\/tags?post=538690"}],"curies":[{"name":"wp","href":"https:\/\/api.w.org\/{rel}","templated":true}]}}