{"id":538577,"date":"2022-07-28T11:38:00","date_gmt":"2022-07-28T09:38:00","guid":{"rendered":"https:\/\/www.hashtag.al\/?p=538577"},"modified":"2022-07-28T11:57:03","modified_gmt":"2022-07-28T09:57:03","slug":"petrit-vasili-spak-te-hetoje-autoriteti-i-dosjeve-ne-sherbim-te-nje-skenari-politik-mafioz-per-te-shantazhuar-ish-presidentin-meta","status":"publish","type":"post","link":"https:\/\/www.hashtag.al\/index.php\/2022\/07\/28\/petrit-vasili-spak-te-hetoje-autoriteti-i-dosjeve-ne-sherbim-te-nje-skenari-politik-mafioz-per-te-shantazhuar-ish-presidentin-meta\/","title":{"rendered":"Petrit Vasili: SPAK t\u00eb hetoj\u00eb, Autoriteti i Dosjeve n\u00eb sh\u00ebrbim t\u00eb nj\u00eb skenari politik mafioz p\u00ebr t\u00eb shantazhuar ish-Presidentin Meta","gt_translate_keys":[{"key":"rendered","format":"text"}]},"content":{"rendered":"<p><span style=\"color: #000000;\"><a href=\"https:\/\/www.hashtag.al\/wp-content\/uploads\/2021\/12\/vasili.jpg\"><img loading=\"lazy\" decoding=\"async\" class=\"aligncenter size-full wp-image-489076\" src=\"https:\/\/www.hashtag.al\/wp-content\/uploads\/2021\/12\/vasili.jpg\" alt=\"\" width=\"900\" height=\"600\" srcset=\"https:\/\/www.hashtag.al\/wp-content\/uploads\/2021\/12\/vasili.jpg 900w, https:\/\/www.hashtag.al\/wp-content\/uploads\/2021\/12\/vasili-300x200.jpg 300w, https:\/\/www.hashtag.al\/wp-content\/uploads\/2021\/12\/vasili-768x512.jpg 768w\" sizes=\"auto, (max-width: 900px) 100vw, 900px\" \/><\/a><br \/>\n<\/span><\/p>\n<p><span style=\"color: #000000;\">Petrit Vasili ka reaguar lidhur me letr\u00ebn e Autoritetit t\u00eb Dosjeve, q\u00eb akuzon ish-presidentin Ilir Meta si bashk\u00ebpun\u00ebtor t\u00eb Sigurimit.<\/span><\/p>\n<p><span style=\"color: #000000;\">Vasili k\u00ebrkon nga SPAK q\u00eb Autoriteti i Dosjeve t\u00eb hetohet pasi e akuzon se ka shkelur ligjin \u201c<em>me regji t\u00eb qeveris\u00eb\u201d.<\/em><\/span><\/p>\n<p><span style=\"color: #000000;\">Mbi t\u00eb gjitha pas fakteve q\u00eb kan\u00eb dal\u00eb n\u00eb drit\u00eb mbr\u00ebmjen e kaluar, kur vet\u00eb ish-studenti i p\u00ebrmendur nga Autoriteti i Dosjeve se tentoi t\u00eb arratisej n\u00eb vitin 1989 por u spiunua nga shoku i tij me inicialet I.M, u rr\u00ebfye n\u00eb nj\u00eb intervist\u00eb ekskluzive p\u00ebr Hashtag.al (lexo <span style=\"color: #0000ff;\"><a style=\"color: #0000ff;\" href=\"https:\/\/www.hashtag.al\/index.php\/2022\/07\/27\/ekskluzive-flet-filip-talo-mua-me-denoncoi-shoku-im-por-ai-nuk-eshte-ilir-rexhep-metaj\/?fbclid=IwAR08l_l6vSitfqnunmzGTeLcSEVwoQ9dz032q81q017QKUvIYl8neepZIMk\">k\u00ebtu<\/a><\/span>) dhe mohoi q\u00eb I.M t\u00eb ket\u00eb qen\u00eb ish-presidenti.<\/span><\/p>\n<p><span style=\"color: #000000;\">Sipas Vasilit, Autoriteti i Dosjeve, <em>\u201cu vu haptas n\u00eb sh\u00ebrbim t\u00eb nj\u00eb skenari politik mafioz p\u00ebr t\u00eb shantazhuar ish-Presidentin Meta\u201d.<\/em> Ai k\u00ebrkon q\u00eb SPAK t\u00eb filloj\u00eb urgjentisht hetimin e gjer\u00eb e shum\u00eb t\u00eb thelluar <em>\u201ct\u00eb skenarit politik mafioz<\/em>\u201d si\u00e7 e quan ai t\u00eb zbatuar nga Autoriteti dhe t\u00eb nd\u00ebshkohen p\u00ebrgjegj\u00ebsit.<\/span><\/p>\n<p><strong><span style=\"color: #000000;\">Reagimi i plot\u00eb i Vasilit<\/span><\/strong><\/p>\n<p><span style=\"color: #000000;\">Hetim e nd\u00ebshkim deri n\u00eb fund Autoritetit t\u00eb Dosjeve, q\u00eb dhunoi ligjin dhe shp\u00ebrdoroi detyr\u00ebn me regji t\u00eb qeveris\u00eb!<\/span><\/p>\n<p><span style=\"color: #000000;\">Faktet asgj\u00ebsuese, q\u00eb d\u00ebrrmuan e b\u00ebn\u00eb hi skenarin mafioz kund\u00ebr ish-Presidentit dol\u00ebn n\u00eb drit\u00ebn e diellit dhe Autoriteti i Dosjeve \u00ebsht\u00eb sot n\u00ebn akuz\u00eb t\u00eb r\u00ebnd\u00eb.<\/span><\/p>\n<p><span style=\"color: #000000;\">Shantazhues, veg\u00ebl politike qorre e Edi Ram\u00ebs, shkel\u00ebs e shp\u00ebrdorues i ligjit dhe detyr\u00ebs, kjo \u00ebsht\u00eb fytyra e Autoritetit t\u00eb Dosjeve.<\/span><\/p>\n<p><span style=\"color: #000000;\">Autoriteti i Dosjeve q\u00eb de facto \u00ebsht\u00eb kthyer n\u00eb nj\u00eb zyr\u00eb shtes\u00eb e qeveris\u00eb dhe aspak n\u00eb nj\u00eb institucion i pavarur, u vu haptas n\u00eb sh\u00ebrbim t\u00eb nj\u00eb skenari politik mafioz p\u00ebr t\u00eb shantazhuar ish Presidentin Meta.<\/span><\/p>\n<p><span style=\"color: #000000;\">N\u00eb shp\u00ebrdorim t\u00eb hapur t\u00eb detyr\u00ebs dhe n\u00eb dhunim t\u00eb plot\u00eb t\u00eb ligjit ky Autoritet zbatoi hapur nj\u00eb skenar shantazhi dhe krijimi t\u00eb nj\u00eb konfuzioni plot\u00ebsisht t\u00eb q\u00ebllimsh\u00ebm publik me iniciale emrash dhe me e-mail anonim, ku gjithshka u krye me regji t\u00eb Qeveris\u00eb dhe Ram\u00ebs.<\/span><\/p>\n<p><span style=\"color: #000000;\">Autoriteti i Dosjeve u shnd\u00ebrrua pra n\u00eb m\u00ebnyr\u00eb flagrante n\u00eb nj\u00eb manipulues dhe krijues t\u00eb nj\u00eb konfuzioni t\u00eb q\u00ebllimsh\u00ebm p\u00ebr llogari t\u00eb qeveris\u00eb, e cila \u00ebsht\u00eb n\u00eb gjendje katastrofike nga zbulimi i korrupsionit me fakte trondit\u00ebse.<\/span><\/p>\n<p><span style=\"color: #000000;\">Asnj\u00eb dallim s\u2019ka ky Autoritet Dosjesh nga Sigurimi i shtetit, q\u00eb dikur shantazhonte dhe k\u00ebrc\u00ebnonte me \u00e7do form\u00eb dhe mjet shqiptar\u00ebt n\u00eb funksion t\u00eb diktatur\u00ebs s\u00eb urryer komuniste dhe t\u00eb shkat\u00ebrrimit t\u00eb jet\u00ebs s\u00eb mijra e mijra shqiptar\u00ebve.<\/span><\/p>\n<p><span style=\"color: #000000;\">Kur ky Autoritet arrin t\u00eb guxoj\u00eb t\u00eb shantazhoj\u00eb ish Presidentin e Republikes mendoni se \u00e7\u2019ndodh me qytetar\u00eb t\u00eb thjesht\u00eb.<\/span><\/p>\n<p><span style=\"color: #000000;\">Qytetar\u00ebt e thjesht\u00eb mund t\u00eb b\u00ebhen n\u00eb \u00e7do \u00e7ast viktima t\u00eb shantazhit e manipulimit t\u00eb tij me Dosjet e Sigurimit p\u00ebr q\u00ebllime dhe p\u00ebrfitime nga m\u00eb t\u00eb ultat.<\/span><\/p>\n<p><span style=\"color: #000000;\">V\u00ebnia n\u00eb veprim e k\u00ebtij shantazhi t\u00eb hapur, me regji t\u00eb urdh\u00ebruar nga mafia n\u00eb pushtet, ka asgj\u00ebsuar p\u00ebrfundimisht Autoritetin e Dosjeve si institucion publik e ligjor dhe ka b\u00ebr\u00eb zero autoritetin e tij moral.<\/span><\/p>\n<p><span style=\"color: #000000;\">Autoriteti i Dosjeve \u00ebsht\u00eb sot nj\u00eb institucion i rr\u00ebzuar dhe p\u00ebrfaq\u00ebson thjesht nj\u00eb veg\u00ebl n\u00eb duar t\u00eb Edi Ram\u00ebs q\u00eb gjendet n\u00eb hall t\u00eb madh sepse \u00ebsht\u00eb mb\u00ebrthyer nga korrupsioni dhe hajdut\u00ebria shtet\u00ebrore e faktuar me qindra qindra dokumente e fakte t\u00eb asgj\u00ebsueshme.<\/span><br \/>\n<span style=\"color: #000000;\">Autoriteti \u00ebsht\u00eb realisht n\u00ebn akuz\u00eb t\u00eb r\u00ebnd\u00eb publike p\u00ebr veprimet e tij t\u00eb r\u00ebnda antishtet\u00ebrore.<\/span><\/p>\n<p><span style=\"color: #000000;\">Autoriteti i Dosjeve si Sigurimi i Shtetit t\u00eb koh\u00ebs ton\u00eb duhet dhe do t\u00eb p\u00ebrgjigjet deri n\u00eb nj\u00eb p\u00ebr shkeljen e ligjit, p\u00ebr shantazhin q\u00eb zbatoi me regji t\u00eb qeveris\u00eb dhe p\u00ebr zhg\u00ebnjimin shum\u00eb t\u00eb thell\u00eb, q\u00eb ju solli t\u00eb gjith\u00eb qytetar\u00ebve shqiptar\u00eb.<\/span><\/p>\n<p><span style=\"color: #000000;\">SPAK t\u00eb filloj\u00eb urgjentisht hetimin e gjer\u00eb e shum\u00eb t\u00eb thelluar t\u00eb skenarit politik mafioz t\u00eb zbatuar nga Autoriteti dhe t\u00eb nd\u00ebshkohen me t\u00eb gjith\u00eb rrept\u00ebsin\u00eb e ligjit p\u00ebrgjegj\u00ebsit si\u00e7 e meritojn\u00eb.<\/span><\/p>\n<p><span style=\"color: #000000;\">Asnj\u00eb t\u00eb mos ket\u00eb as iluzionin m\u00eb t\u00eb vog\u00ebl se do mund t\u2019i shp\u00ebtojn\u00eb p\u00ebrgjegj\u00ebsis\u00eb dhe v\u00ebnies p\u00ebrpara drejt\u00ebsis\u00eb p\u00ebr k\u00ebt\u00eb shkat\u00ebrrim e p\u00ebrdorim mafioz t\u00eb shtetit p\u00ebr t\u00eb hequr e devijuar v\u00ebmendjen nga hajdut\u00ebria dhe vjedhjet masive t\u00eb qeveris\u00eb.<\/span><\/p>\n","protected":false,"gt_translate_keys":[{"key":"rendered","format":"html"}]},"excerpt":{"rendered":"<p>Petrit Vasili ka reaguar lidhur me letr\u00ebn e Autoritetit t\u00eb Dosjeve, q\u00eb akuzon ish-presidentin Ilir Meta si bashk\u00ebpun\u00ebtor t\u00eb Sigurimit. Vasili k\u00ebrkon nga SPAK q\u00eb Autoriteti i Dosjeve t\u00eb hetohet pasi e akuzon se ka shkelur ligjin \u201cme regji t\u00eb qeveris\u00eb\u201d. Mbi t\u00eb gjitha pas fakteve q\u00eb kan\u00eb dal\u00eb n\u00eb drit\u00eb mbr\u00ebmjen e kaluar, kur [&hellip;]<\/p>\n","protected":false,"gt_translate_keys":[{"key":"rendered","format":"html"}]},"author":30,"featured_media":489076,"comment_status":"closed","ping_status":"closed","sticky":false,"template":"","format":"standard","meta":{"footnotes":""},"categories":[65,13],"tags":[],"class_list":["post-538577","post","type-post","status-publish","format-standard","has-post-thumbnail","hentry","category-lajme","category-te-fundit"],"gt_translate_keys":[{"key":"link","format":"url"}],"_links":{"self":[{"href":"https:\/\/www.hashtag.al\/index.php\/wp-json\/wp\/v2\/posts\/538577","targetHints":{"allow":["GET"]}}],"collection":[{"href":"https:\/\/www.hashtag.al\/index.php\/wp-json\/wp\/v2\/posts"}],"about":[{"href":"https:\/\/www.hashtag.al\/index.php\/wp-json\/wp\/v2\/types\/post"}],"author":[{"embeddable":true,"href":"https:\/\/www.hashtag.al\/index.php\/wp-json\/wp\/v2\/users\/30"}],"replies":[{"embeddable":true,"href":"https:\/\/www.hashtag.al\/index.php\/wp-json\/wp\/v2\/comments?post=538577"}],"version-history":[{"count":0,"href":"https:\/\/www.hashtag.al\/index.php\/wp-json\/wp\/v2\/posts\/538577\/revisions"}],"wp:featuredmedia":[{"embeddable":true,"href":"https:\/\/www.hashtag.al\/index.php\/wp-json\/wp\/v2\/media\/489076"}],"wp:attachment":[{"href":"https:\/\/www.hashtag.al\/index.php\/wp-json\/wp\/v2\/media?parent=538577"}],"wp:term":[{"taxonomy":"category","embeddable":true,"href":"https:\/\/www.hashtag.al\/index.php\/wp-json\/wp\/v2\/categories?post=538577"},{"taxonomy":"post_tag","embeddable":true,"href":"https:\/\/www.hashtag.al\/index.php\/wp-json\/wp\/v2\/tags?post=538577"}],"curies":[{"name":"wp","href":"https:\/\/api.w.org\/{rel}","templated":true}]}}