{"id":538573,"date":"2022-07-28T11:15:45","date_gmt":"2022-07-28T09:15:45","guid":{"rendered":"https:\/\/www.hashtag.al\/?p=538573"},"modified":"2022-07-28T11:15:45","modified_gmt":"2022-07-28T09:15:45","slug":"presidenti-begaj-mesazh-per-100-vjetorin-e-marredhenieve-diplomatike-mes-shqiperise-dhe-shba-se-mezi-pres-te-punoj-nga-afer","status":"publish","type":"post","link":"https:\/\/www.hashtag.al\/index.php\/2022\/07\/28\/presidenti-begaj-mesazh-per-100-vjetorin-e-marredhenieve-diplomatike-mes-shqiperise-dhe-shba-se-mezi-pres-te-punoj-nga-afer\/","title":{"rendered":"Presidenti Begaj mesazh p\u00ebr 100 vjetorin e marr\u00ebdh\u00ebnieve diplomatike mes Shqip\u00ebris\u00eb dhe SHBA-s\u00eb: Mezi pres t\u00eb punoj nga af\u00ebr","gt_translate_keys":[{"key":"rendered","format":"text"}]},"content":{"rendered":"<p><span style=\"color: #000000;\"><a href=\"https:\/\/www.hashtag.al\/wp-content\/uploads\/2022\/07\/Bajram-Begaj.jpg\"><img loading=\"lazy\" decoding=\"async\" class=\"aligncenter size-full wp-image-538574\" src=\"https:\/\/www.hashtag.al\/wp-content\/uploads\/2022\/07\/Bajram-Begaj.jpg\" alt=\"\" width=\"1280\" height=\"975\" srcset=\"https:\/\/www.hashtag.al\/wp-content\/uploads\/2022\/07\/Bajram-Begaj.jpg 1280w, https:\/\/www.hashtag.al\/wp-content\/uploads\/2022\/07\/Bajram-Begaj-300x229.jpg 300w, https:\/\/www.hashtag.al\/wp-content\/uploads\/2022\/07\/Bajram-Begaj-1024x780.jpg 1024w, https:\/\/www.hashtag.al\/wp-content\/uploads\/2022\/07\/Bajram-Begaj-768x585.jpg 768w\" sizes=\"auto, (max-width: 1280px) 100vw, 1280px\" \/><\/a><\/span><\/p>\n<p><span style=\"color: #000000;\">Presidenti i vendit, Bajram Begaj ka publikuar nj\u00eb mesazh urimi me rastin e 100-vjetorit t\u00eb rivendosjes s\u00eb marr\u00ebdh\u00ebnieve diplomatike mes Shqip\u00ebris\u00eb dhe SHBA-ve.<\/span><\/p>\n<p><em><span style=\"color: #000000;\">\u201c28 korrik 1922 \u2013 28 korrik 2022\/ 100 vjet marr\u00ebdh\u00ebnie diplomatike mes Shqip\u00ebris\u00eb dhe SHBA-s\u00eb.<\/span><\/em><\/p>\n<p><em><span style=\"color: #000000;\">100 vjet bashk\u00ebpunim miq\u00ebsor dhe partneritet i ngusht\u00eb i dy aleat\u00ebve n\u00eb #NATO dhe an\u00ebtar\u00ebve t\u00eb K\u00ebshillit t\u00eb Sigurimit t\u00eb OKB.<\/span><\/em><\/p>\n<p><em><span style=\"color: #000000;\">Mezi pres\u00a0t\u00eb punoj nga af\u00ebr n\u00eb p\u00ebrmir\u00ebsimin e bashk\u00ebpunimit ton\u00eb bazuar n\u00eb Deklarat\u00ebn e Partneritetit Strategjik.\u201d- <\/span><\/em><span style=\"color: #000000;\">shkruan ai.<\/span><\/p>\n<p><span style=\"color: #000000;\">Kujtojm\u00eb se dit\u00ebn e djeshme Begaj u takua me ambasadoren amerikane n\u00eb Tiran\u00eb, zonj\u00ebn Yuri Kim. Ai u shpreh se ky takim i hap rrug\u00eb angazhimit n\u00eb zhvillimin e miq\u00ebsis\u00eb mes dy vendeve.<\/span><\/p>\n<p><a href=\"https:\/\/www.hashtag.al\/wp-content\/uploads\/2022\/07\/begaj-per-100-vjetorin-me-shba.jpg\"><img loading=\"lazy\" decoding=\"async\" class=\"aligncenter size-full wp-image-538575\" src=\"https:\/\/www.hashtag.al\/wp-content\/uploads\/2022\/07\/begaj-per-100-vjetorin-me-shba.jpg\" alt=\"\" width=\"618\" height=\"890\" srcset=\"https:\/\/www.hashtag.al\/wp-content\/uploads\/2022\/07\/begaj-per-100-vjetorin-me-shba.jpg 618w, https:\/\/www.hashtag.al\/wp-content\/uploads\/2022\/07\/begaj-per-100-vjetorin-me-shba-208x300.jpg 208w\" sizes=\"auto, (max-width: 618px) 100vw, 618px\" \/><\/a><\/p>\n","protected":false,"gt_translate_keys":[{"key":"rendered","format":"html"}]},"excerpt":{"rendered":"<p>Presidenti i vendit, Bajram Begaj ka publikuar nj\u00eb mesazh urimi me rastin e 100-vjetorit t\u00eb rivendosjes s\u00eb marr\u00ebdh\u00ebnieve diplomatike mes Shqip\u00ebris\u00eb dhe SHBA-ve. \u201c28 korrik 1922 \u2013 28 korrik 2022\/ 100 vjet marr\u00ebdh\u00ebnie diplomatike mes Shqip\u00ebris\u00eb dhe SHBA-s\u00eb. 100 vjet bashk\u00ebpunim miq\u00ebsor dhe partneritet i ngusht\u00eb i dy aleat\u00ebve n\u00eb #NATO dhe an\u00ebtar\u00ebve t\u00eb K\u00ebshillit [&hellip;]<\/p>\n","protected":false,"gt_translate_keys":[{"key":"rendered","format":"html"}]},"author":30,"featured_media":538574,"comment_status":"closed","ping_status":"closed","sticky":false,"template":"","format":"standard","meta":{"footnotes":""},"categories":[65,13],"tags":[],"class_list":["post-538573","post","type-post","status-publish","format-standard","has-post-thumbnail","hentry","category-lajme","category-te-fundit"],"gt_translate_keys":[{"key":"link","format":"url"}],"_links":{"self":[{"href":"https:\/\/www.hashtag.al\/index.php\/wp-json\/wp\/v2\/posts\/538573","targetHints":{"allow":["GET"]}}],"collection":[{"href":"https:\/\/www.hashtag.al\/index.php\/wp-json\/wp\/v2\/posts"}],"about":[{"href":"https:\/\/www.hashtag.al\/index.php\/wp-json\/wp\/v2\/types\/post"}],"author":[{"embeddable":true,"href":"https:\/\/www.hashtag.al\/index.php\/wp-json\/wp\/v2\/users\/30"}],"replies":[{"embeddable":true,"href":"https:\/\/www.hashtag.al\/index.php\/wp-json\/wp\/v2\/comments?post=538573"}],"version-history":[{"count":0,"href":"https:\/\/www.hashtag.al\/index.php\/wp-json\/wp\/v2\/posts\/538573\/revisions"}],"wp:featuredmedia":[{"embeddable":true,"href":"https:\/\/www.hashtag.al\/index.php\/wp-json\/wp\/v2\/media\/538574"}],"wp:attachment":[{"href":"https:\/\/www.hashtag.al\/index.php\/wp-json\/wp\/v2\/media?parent=538573"}],"wp:term":[{"taxonomy":"category","embeddable":true,"href":"https:\/\/www.hashtag.al\/index.php\/wp-json\/wp\/v2\/categories?post=538573"},{"taxonomy":"post_tag","embeddable":true,"href":"https:\/\/www.hashtag.al\/index.php\/wp-json\/wp\/v2\/tags?post=538573"}],"curies":[{"name":"wp","href":"https:\/\/api.w.org\/{rel}","templated":true}]}}