{"id":538483,"date":"2022-07-27T19:07:45","date_gmt":"2022-07-27T17:07:45","guid":{"rendered":"https:\/\/www.hashtag.al\/?p=538483"},"modified":"2022-07-27T19:07:45","modified_gmt":"2022-07-27T17:07:45","slug":"a-eshte-spiuni-i-m-ish-presidenti-flet-njeriu-qe-firmosi-nuk-me-kujtohet","status":"publish","type":"post","link":"https:\/\/www.hashtag.al\/index.php\/2022\/07\/27\/a-eshte-spiuni-i-m-ish-presidenti-flet-njeriu-qe-firmosi-nuk-me-kujtohet\/","title":{"rendered":"A \u00ebsht\u00eb spiuni I.M. ish-Presidenti? Flet njeriu q\u00eb firmosi: Nuk m\u00eb kujtohet","gt_translate_keys":[{"key":"rendered","format":"text"}]},"content":{"rendered":"<p style=\"text-align: justify;\"><span style=\"color: #000000;\"><img loading=\"lazy\" decoding=\"async\" class=\"aligncenter size-full wp-image-537910\" src=\"https:\/\/www.hashtag.al\/wp-content\/uploads\/2022\/07\/ilir-meta-3.jpg\" alt=\"\" width=\"1500\" height=\"1000\" srcset=\"https:\/\/www.hashtag.al\/wp-content\/uploads\/2022\/07\/ilir-meta-3.jpg 1500w, https:\/\/www.hashtag.al\/wp-content\/uploads\/2022\/07\/ilir-meta-3-300x200.jpg 300w, https:\/\/www.hashtag.al\/wp-content\/uploads\/2022\/07\/ilir-meta-3-1024x683.jpg 1024w, https:\/\/www.hashtag.al\/wp-content\/uploads\/2022\/07\/ilir-meta-3-768x512.jpg 768w\" sizes=\"auto, (max-width: 1500px) 100vw, 1500px\" \/><\/span><\/p>\n<p style=\"text-align: justify;\"><span style=\"color: #000000;\">Autoriteti p\u00ebr Informimin p\u00ebr Dosjet e ish-Sigurimit t\u00eb Shtetit p\u00ebr t\u2019i hedhur \u201cbenzin\u00eb\u201d zjarrit pasi deklaruan se ish-Presidenti Ilir Meta ka qen\u00eb pjes\u00eb e sigurimit t\u00eb shtetit, publikuan edhe nj\u00eb dokument me t\u00eb tjera detaje.<\/span><\/p>\n<p style=\"text-align: justify;\"><span style=\"color: #000000;\">Dokumenti me vendim nr. 227 mban dat\u00ebn 17 maj t\u00eb k\u00ebtij viti thekson se nga verifikimet ka rezultuar se I.M. ka 140 faqe n\u00eb arkivat e ish-sigurimit t\u00eb shtetit dhe p\u00ebr k\u00ebt\u00eb pas k\u00ebrkes\u00ebs q\u00eb ka b\u00ebr\u00eb \u00ebsht\u00eb informuar vet\u00eb personi.<\/span><\/p>\n<p style=\"text-align: justify;\"><span style=\"color: #000000;\">Por partia e ish-Presidentit mohoi se kreu i saj ka k\u00ebrkuar informacion nga ky institucion dhe se rrjedhimisht nuk \u00ebsht\u00eb informuar duke deklaruar se \u201cAutoriteti i Dosjeve duhet t\u00eb gjej\u00eb kush \u00ebsht\u00eb I.M. pasi nuk \u00ebsht\u00eb Ilir Meta\u201d.<\/span><\/p>\n<p style=\"text-align: justify;\"><span style=\"color: #000000;\">N\u00eb fund, dokumenti mban emrat e kreut t\u00eb Autoritetit, Gentiana Sula dhe dy an\u00ebtar\u00ebve, Altin Hoxha dhe Simon Mirakaj, q\u00eb n\u00eb qershor mbylli mandatin.<\/span><\/p>\n<p style=\"text-align: justify;\"><span style=\"color: #000000;\">\u201c5pyetjet.al\u201d e kontaktoi zotin Mirakaj p\u00ebr t\u2019i marr\u00eb nj\u00eb prononcim lidhur me k\u00ebt\u00eb vendim q\u00eb kan\u00eb marr\u00eb n\u00eb maj dhe e pyeti n\u00ebse personi me inicialet I.M. me 140 faqe material si sigurims \u00ebsht\u00eb apo jo Ilir Meta sikur paraqitet n\u00eb nj\u00eb tjet\u00ebr dokument po nga Autoriteti i Dosjeve (<span style=\"color: #0000ff;\"><a style=\"color: #0000ff;\" href=\"https:\/\/5pyetjet.al\/2022\/07\/27\/zyrtare-hapet-dosja-ilir-meta-ka-qene-ish-sigurims-dokumenti\/\">kliko k\u00ebtu<\/a><\/span>), por ai tha se nuk i kujtohet.<\/span><\/p>\n<div id=\"attachment_538488\" style=\"width: 1085px\" class=\"wp-caption aligncenter\"><img loading=\"lazy\" decoding=\"async\" aria-describedby=\"caption-attachment-538488\" class=\"wp-image-538488 size-full\" src=\"https:\/\/www.hashtag.al\/wp-content\/uploads\/2022\/07\/ilirmetadokumenti-1.jpg\" alt=\"\" width=\"1075\" height=\"1132\" srcset=\"https:\/\/www.hashtag.al\/wp-content\/uploads\/2022\/07\/ilirmetadokumenti-1.jpg 1075w, https:\/\/www.hashtag.al\/wp-content\/uploads\/2022\/07\/ilirmetadokumenti-1-285x300.jpg 285w, https:\/\/www.hashtag.al\/wp-content\/uploads\/2022\/07\/ilirmetadokumenti-1-972x1024.jpg 972w, https:\/\/www.hashtag.al\/wp-content\/uploads\/2022\/07\/ilirmetadokumenti-1-768x809.jpg 768w\" sizes=\"auto, (max-width: 1075px) 100vw, 1075px\" \/><p id=\"caption-attachment-538488\" class=\"wp-caption-text\">Dokumenti i Autoritetit t\u00eb Dosjeve<\/p><\/div>\n<p style=\"text-align: justify;\">\n<span style=\"color: #000000;\">\u201cDi q\u00eb p\u00ebrgjigja ka qen\u00eb pozitive sepse \u00ebsht\u00eb verifikuar nga komisioni Bezhani-Mezini dhe personi nuk ka t\u00eb drejt\u00eb kur nj\u00eb person ka marr\u00eb certifikat\u00ebn. Por si verifikuan, kur nuk i lejonte ligji?<\/span><\/p>\n<p style=\"text-align: justify;\"><span style=\"color: #000000;\">T\u00eb them t\u00eb drejt\u00ebn, ka kaluar pak koh\u00eb dhe nuk jam shum\u00eb i qart\u00eb si kemi vepruar. Informacionet i sjell arkivi. Specialist\u00ebt e arkivit. Un\u00eb nuk jam n\u00eb dijeni t\u00eb p\u00ebrgjigjem sakt\u00eb sepse ka kaluar pak koh\u00eb. Nuk m\u00eb kujtohet\u201d tha ai.<\/span><\/p>\n<p style=\"text-align: justify;\"><span style=\"color: #000000;\">Por a \u00ebsht\u00eb lakuar ish-presidenti Meta n\u00eb komision n\u00eb 17 maj kur \u00ebsht\u00eb marr\u00eb vendimi? \u201cJo\u201d tha ai. \u201cP\u00ebrpara se me u em\u00ebruar president nga kuvendi ka ardhur nj\u00eb shkres\u00eb p\u00ebr verifikim dhe ne i kemi kthyer p\u00ebrgjigje duke iu referuar ligjit, p\u00ebr k\u00ebt\u00eb jam i sakt\u00eb.<\/span><\/p>\n<p style=\"text-align: justify;\"><span style=\"color: #000000;\">P\u00ebr k\u00ebt\u00eb pjes\u00eb tjet\u00ebr nuk jam i sakt\u00eb dhe nuk m\u00eb kujtohet. Nuk dua t\u2019i shmangem, por nuk m\u00eb kujtohet, nuk mund t\u00eb t\u00eb flas me hamendje pa qen\u00eb i sigurt\u201d tha ai p\u00ebr \u201c5pyetjet.al\u201d.<\/span><\/p>\n<p><span style=\"color: #000000;\"><span style=\"color: #ff0000;\"><strong>VINI RE:<\/strong><\/span> Artikulli \u00ebsht\u00eb pron\u00eb intelektuale e <a href=\"https:\/\/5pyetjet.al\/2022\/07\/27\/a-eshte-spiuni-i-m-ish-presidenti-flet-njeriu-qe-firmosi-nuk-me-kujtohet\/\"><span style=\"color: #0000ff;\">5pyetjet.al<\/span><\/a><\/span><\/p>\n","protected":false,"gt_translate_keys":[{"key":"rendered","format":"html"}]},"excerpt":{"rendered":"<p>Autoriteti p\u00ebr Informimin p\u00ebr Dosjet e ish-Sigurimit t\u00eb Shtetit p\u00ebr t\u2019i hedhur \u201cbenzin\u00eb\u201d zjarrit pasi deklaruan se ish-Presidenti Ilir Meta ka qen\u00eb pjes\u00eb e sigurimit t\u00eb shtetit, publikuan edhe nj\u00eb dokument me t\u00eb tjera detaje. Dokumenti me vendim nr. 227 mban dat\u00ebn 17 maj t\u00eb k\u00ebtij viti thekson se nga verifikimet ka rezultuar se I.M. [&hellip;]<\/p>\n","protected":false,"gt_translate_keys":[{"key":"rendered","format":"html"}]},"author":32,"featured_media":537910,"comment_status":"closed","ping_status":"closed","sticky":false,"template":"","format":"standard","meta":{"footnotes":""},"categories":[65,13],"tags":[],"class_list":["post-538483","post","type-post","status-publish","format-standard","has-post-thumbnail","hentry","category-lajme","category-te-fundit"],"gt_translate_keys":[{"key":"link","format":"url"}],"_links":{"self":[{"href":"https:\/\/www.hashtag.al\/index.php\/wp-json\/wp\/v2\/posts\/538483","targetHints":{"allow":["GET"]}}],"collection":[{"href":"https:\/\/www.hashtag.al\/index.php\/wp-json\/wp\/v2\/posts"}],"about":[{"href":"https:\/\/www.hashtag.al\/index.php\/wp-json\/wp\/v2\/types\/post"}],"author":[{"embeddable":true,"href":"https:\/\/www.hashtag.al\/index.php\/wp-json\/wp\/v2\/users\/32"}],"replies":[{"embeddable":true,"href":"https:\/\/www.hashtag.al\/index.php\/wp-json\/wp\/v2\/comments?post=538483"}],"version-history":[{"count":0,"href":"https:\/\/www.hashtag.al\/index.php\/wp-json\/wp\/v2\/posts\/538483\/revisions"}],"wp:featuredmedia":[{"embeddable":true,"href":"https:\/\/www.hashtag.al\/index.php\/wp-json\/wp\/v2\/media\/537910"}],"wp:attachment":[{"href":"https:\/\/www.hashtag.al\/index.php\/wp-json\/wp\/v2\/media?parent=538483"}],"wp:term":[{"taxonomy":"category","embeddable":true,"href":"https:\/\/www.hashtag.al\/index.php\/wp-json\/wp\/v2\/categories?post=538483"},{"taxonomy":"post_tag","embeddable":true,"href":"https:\/\/www.hashtag.al\/index.php\/wp-json\/wp\/v2\/tags?post=538483"}],"curies":[{"name":"wp","href":"https:\/\/api.w.org\/{rel}","templated":true}]}}