{"id":538481,"date":"2022-07-27T19:01:16","date_gmt":"2022-07-27T17:01:16","guid":{"rendered":"https:\/\/www.hashtag.al\/?p=538481"},"modified":"2022-07-27T20:57:21","modified_gmt":"2022-07-27T18:57:21","slug":"prokurori-doda-kpa-me-shkarkoi-padrejtesisht-trupa-e-gjykimit-ka-llogaritur-gabim-pasurine","status":"publish","type":"post","link":"https:\/\/www.hashtag.al\/index.php\/2022\/07\/27\/prokurori-doda-kpa-me-shkarkoi-padrejtesisht-trupa-e-gjykimit-ka-llogaritur-gabim-pasurine\/","title":{"rendered":"Prokurori Doda: KPA m\u00eb shkarkoi padrejt\u00ebsisht, trupa e gjykimit ka llogaritur gabim pasurin\u00eb","gt_translate_keys":[{"key":"rendered","format":"text"}]},"content":{"rendered":"<p style=\"text-align: justify;\"><span style=\"color: #000000;\"><img loading=\"lazy\" decoding=\"async\" class=\"aligncenter size-full wp-image-538482\" src=\"https:\/\/www.hashtag.al\/wp-content\/uploads\/2022\/07\/dodaj.jpeg\" alt=\"\" width=\"1536\" height=\"1042\" srcset=\"https:\/\/www.hashtag.al\/wp-content\/uploads\/2022\/07\/dodaj.jpeg 1536w, https:\/\/www.hashtag.al\/wp-content\/uploads\/2022\/07\/dodaj-300x204.jpeg 300w, https:\/\/www.hashtag.al\/wp-content\/uploads\/2022\/07\/dodaj-1024x695.jpeg 1024w, https:\/\/www.hashtag.al\/wp-content\/uploads\/2022\/07\/dodaj-768x521.jpeg 768w\" sizes=\"auto, (max-width: 1536px) 100vw, 1536px\" \/><\/span><\/p>\n<p style=\"text-align: justify;\"><span style=\"color: #000000;\">Ish-prokurori n\u00eb K\u00ebshillin e Lart\u00eb t\u00eb Prokuroris\u00eb Ludovik Dodaj i cili u shkarkua m\u00eb dat\u00ebn 14 korrik 2022 nga Kolegji i Posa\u00e7\u00ebm i Apelimit i \u00ebsht\u00eb drejtuar me nj\u00eb let\u00ebr Operacionit Nd\u00ebrkomb\u00ebtar t\u00eb Monitorimit.<\/span><\/p>\n<p style=\"text-align: justify;\"><span style=\"color: #000000;\">Dodaj i k\u00ebrkon ONM-s\u00eb t\u00eb mbaj\u00eb opinion kund\u00ebr vendimit t\u00eb KPA-s\u00eb p\u00ebr shkarkimin e tij.<\/span><\/p>\n<p style=\"text-align: justify;\"><span style=\"color: #000000;\">Dodaj e etiketon trup\u00ebn gjykyese t\u00eb KPA-s\u00eb si t\u00eb paaft\u00eb dhe t\u00eb padrejt\u00eb t\u00eb cil\u00ebt sipas tij i kan\u00eb hequr mund\u00ebsin\u00eb qytetar\u00ebve t\u00eb ken\u00eb nj\u00eb sistem drejt\u00ebsie me njer\u00ebz t\u00eb drejt\u00eb.<\/span><\/p>\n<p style=\"text-align: justify;\"><span style=\"color: #000000;\">\u201c<em>Trupa e paaft\u00eb ose e padrejt\u00eb e p\u00ebrb\u00ebr\u00eb nga Sokol COMO, Albana Shtylla dhe Rezarta Schuetz i kan\u00eb hequr t\u00eb drejt\u00ebn k\u00ebtij populli t\u00eb ken\u00eb n\u00eb sistem t\u00eb drejt\u00ebsis\u00eb njer\u00ebz t\u00eb drejt\u00eb q\u00eb me siguri nuk i jam i vet\u00ebm, por jam i pak\u00ebt n\u00eb num\u00ebr. Nuk mund t\u00eb justifikohen padrejt\u00ebsi t\u00eb tilla n\u00eb em\u00ebr t\u00eb reform\u00ebs pasi \u00ebsht\u00eb e d\u00ebshtuar reforma n\u00ebse sistemit i mungon nj\u00eb subjekt i past\u00ebr si un\u00eb n\u00eb em\u00ebr t\u00eb shkarkimit t\u00eb dhjet\u00ebrave t\u00eb tjer\u00eb. Kjo nuk \u00ebsht\u00eb luft\u00eb por \u00ebsht\u00eb proces i prezumuar n\u00eb p\u00ebrputhje me parimet themelore t\u00eb ligjit dhe t\u00eb drejt\u00ebs<\/em>\u201d-shkruan ai<\/span><\/p>\n<p style=\"text-align: justify;\"><span style=\"color: #000000;\">Fillimisht Ludovik Dodaj u konfirmua n\u00eb detyr\u00eb nga Komisioni i Pavarur i Kualifikimit por ishte ankimim i Komisionerit Publik Florian Ballhysa q\u00eb kund\u00ebrshtoi vendimin i cili m\u00eb pas n\u00eb Apel e largoi ish-prokurorin nga detyra.<\/span><\/p>\n<p style=\"text-align: justify;\"><span style=\"color: #000000;\">Komisioneri ngriti pik\u00ebpyetje mbi parat\u00eb e deklaruara n\u00eb vitin 2003 t\u00eb Dodajt prej 2.2 milion\u00eb lek\u00ebsh t\u00eb mbajtura n\u00eb sht\u00ebpi si para t\u00eb thata dhe t\u00eb krijuara me burim nga shitja e nj\u00eb sht\u00ebpie n\u00eb Shkod\u00ebr n\u00eb mas\u00ebn 1.9 milion\u00eb lek\u00eb dhe shitjes s\u00eb mobiljeve n\u00eb mas\u00ebn 300 mij\u00eb lek\u00eb gjithashtu ngriti pik\u00ebpyetje n\u00ebse subjekti kishte apo jo n\u00eb dispozicion 45 mij\u00eb euro t\u00eb paguara n\u00eb vitin 2006 p\u00ebr blerjen e apartamentit n\u00eb Durr\u00ebs.<\/span><\/p>\n<p style=\"text-align: justify;\"><span style=\"color: #000000;\">P\u00ebr k\u00ebto pretendime t\u00eb Komisionerit, ish-prokurori Dodaj sqaron n\u00eb letr\u00ebn drejtuar ONM-s\u00eb se pasuria e tij \u00ebsht\u00eb krijuar nga kursimet gjat\u00eb pun\u00ebs s\u00eb tij dhjet\u00ebra vje\u00e7are.<\/span><\/p>\n<p style=\"text-align: justify;\"><span style=\"color: #000000;\">Dodaj n\u00eb let\u00ebr fillimisht thot\u00eb se Ballhysa ankimoi vendimin e KPK-s\u00eb pa pasur rekomandimin e ONM-s\u00eb.<\/span><\/p>\n<p style=\"text-align: justify;\"><span style=\"color: #000000;\">\u201c<em>N\u00eb gjykimin e shkall\u00ebs t\u00eb par\u00eb, KPK vendos\u00ebn unanimisht konfirmimin n\u00eb detyr\u00eb t\u00eb subjektit tim, ku isha n\u00eb funksionin e Prokurorit n\u00eb Prokurorin\u00eb e Apelit pran\u00eb Gjykat\u00ebs s\u00eb Apelit Durr\u00ebs. Mbi k\u00ebt\u00eb vendim ushtroi ankim Komisioneri publik Florian BALLHYSA, pa patur rekomandimin e institucionit Tuaj dhe p\u00ebr dy vite me radh\u00eb jam angazhuar dhe ngarkuar me presionin e ankimit p\u00ebr t\u00eb vijuar procesin e rivler\u00ebsimit kur vendimi i KPK ishte i plot\u00eb, pa asnj\u00eb oponenc\u00eb dhe n\u00eb p\u00ebrputhje t\u00eb plot\u00eb me t\u00eb v\u00ebrtet\u00ebn\u201d-<\/em>shkruan ai n\u00eb let\u00ebr.<\/span><\/p>\n<p style=\"text-align: justify;\"><span style=\"color: #000000;\">Dodaj n\u00eb let\u00ebr sqaron n\u00eb m\u00ebnyr\u00eb t\u00eb detajuar lidhur me dy pasurit\u00eb e tij q\u00eb u b\u00ebn\u00eb shkas p\u00ebr largimin nga sistemi i drejt\u00ebsis\u00eb<\/span><\/p>\n<p style=\"text-align: justify;\"><span style=\"color: #000000;\">Ish-prokurori thot\u00eb se arriti t\u00eb blinte apartamentin n\u00eb Durr\u00ebs pasi shiti banes\u00ebn n\u00eb Shkod\u00ebr n\u00eb vler\u00ebn 19 milion\u00eb lek\u00eb t\u00eb vjetra si dhe 3 milion\u00eb lek\u00eb t\u00eb vjetra t\u00eb siguruara nga shtija e mobiljeve.<\/span><\/p>\n<p style=\"text-align: justify;\"><span style=\"color: #000000;\">Nd\u00ebrsa p\u00ebr pjes\u00ebn 25 mij\u00eb euro q\u00eb nevojitej p\u00ebr t\u00eb plot\u00ebsuar shum\u00ebn 45 mij\u00eb euro t\u00eb sht\u00ebpis\u00eb s\u00eb bler\u00eb n\u00eb Durr\u00ebs, Dodaj shpjegon se e ka siguruar nga kursimet e tij dhe t\u00eb bashk\u00ebshortes nga puna e tyre.<\/span><\/p>\n<p style=\"text-align: justify;\"><span style=\"color: #000000;\">\u201c<em>N\u00eb vitin 2003 kisha gjendje cash shum\u00ebn prej 2.200.000 lek nga shitja e banes\u00ebs dhe nga shitja e mobiljeve, k\u00ebt\u00eb shum\u00eb e deklarova t\u00eb plot\u00eb n\u00eb deklarat\u00ebn e par\u00eb q\u00eb plot\u00ebsuam, t\u00eb dor\u00ebzuar n\u00eb ILDKPI, shum\u00eb t\u00eb cil\u00ebn e kam deklaruar si gj\u00ebndje cash dhe kam shpjeguar \u201eparat \u00eb siguruara nga shitja e sht\u00ebpis\u00eb n\u00eb Shkod\u00ebr\u201c.<\/em><\/span><\/p>\n<p style=\"text-align: justify;\"><span style=\"color: #000000;\"><em>N\u00eb vendimin e KPA n\u00eb ato dy rreshta q\u00eb kan\u00eb shkruar, n\u00eb t\u00eb nj\u00ebjt\u00ebn linj\u00eb arsyetimi edhe nga ankimi i Komisionerit Publik, nuk pranohet ligjshm\u00ebria e shum\u00ebs 25.000 euro, ku s\u00eb pari kund\u00ebrshtohet vlera e mobiljeve prej 300.000 lek\u00ebsh t\u00eb cilat i kam deklaruar q\u00eb i kam cash q\u00eb n\u00eb 2003 dhe po ashtu nuk njihen kursimet e vitit 2004, 2005 dhe 2006 nj\u00eb pjes\u00eb, pasi nuk I kam deklaruar si kursime<\/em>\u201d-shkruan ai.<\/span><\/p>\n<p style=\"text-align: justify;\"><span style=\"color: #000000;\">Nd\u00ebrsa p\u00ebr pasurin\u00eb tjet\u00ebr, makin\u00ebn e bler\u00eb n\u00eb vitin 2013, Dodaj thekson se e ka bler\u00eb me kredi t\u00eb cilat i ka shlyer m\u00eb pas me kursime nga paga.<\/span><\/p>\n<p style=\"text-align: justify;\"><span style=\"color: #000000;\">\u201c<em>P\u00ebr automjetin q\u00eb m\u00eb kan\u00eb nxjerr\u00eb pamjaftueshm\u00ebri p\u00ebr ta bler\u00eb, \u00ebsht\u00eb nj\u00eb automjet i vitit t\u00eb prodhimit 2010 \u00ebsht\u00eb bler\u00eb n\u00eb n\u00ebntor t\u00eb viti 2013 n\u00eb Gjermani, n\u00eb vler\u00ebn 9500 euro dhe k\u00ebt\u00eb automjet e kam bler\u00eb me kredi q\u00eb kisha marr\u00eb n\u00eb reiffeisen Bank n\u00eb 22 n\u00ebntor 2013 pastaj jam nisur me djalin tim p\u00ebr Gjermani p\u00ebr t\u00eb bler\u00eb automjetin. Shuma e kredis\u00eb ishte n\u00eb vler\u00ebn 1.008.800 lek e cila \u00ebsht\u00eb t\u00ebrhequr nga un\u00eb me 22 n\u00ebntor 2013. Makina ime q\u00eb e kam edhe sot \u00ebsht\u00eb bler\u00eb me kredi, plus me shum\u00ebn nga shitja e automjetit t\u00eb m\u00ebparsh\u00ebm n\u00eb vler\u00ebn 180.000 lek si dhe pjesa e mbetur nga kursimete mia q\u00eb kisha brenda vitit<\/em>\u201d-shkruan Dodaj.<\/span><\/p>\n<p style=\"text-align: justify;\"><span style=\"color: #000000;\">Ish-prokurori e quan n\u00eb t\u00ebr\u00ebsi vendimin anti-kushtetues pasi si\u00e7 argumenton ai duke p\u00ebrmendur ligjin n\u00eb Kushtetut\u00eb q\u00eb thot\u00eb se baz\u00eb p\u00ebr shkarkimin e tij b\u00ebhet kur subjekti nuk arrin t\u00eb justifikoj\u00eb pasurit\u00eb q\u00eb jan\u00eb sa dyfishi i pasuris\u00eb s\u00eb ligjshme.<\/span><\/p>\n<p style=\"text-align: justify;\"><span style=\"color: #000000;\">Dodaj thot\u00eb se n\u00eb pasurit\u00eb e deklaruara nga ai nuk jan\u00eb as sa 1\/10 e t\u00eb ardhurave t\u00eb ligjshme t\u00eb tij.<\/span><\/p>\n<p style=\"text-align: justify;\"><span style=\"color: #000000;\">\u201cKy vendim \u00ebsht\u00eb edhe antikushtetues pasi edhe n\u00eb Kushtetut\u00eb dhe n\u00eb Ligj thuhet se shkak p\u00ebr shkarkim n\u00eb lidhje me pasurin\u00eb \u00ebsht\u00eb n\u00ebse subjekti nuk arrin t\u00eb justifikoj\u00eb pasurit\u00eb q\u00eb jan\u00eb sa dyfishi I pasuris\u00eb s\u00eb ligjshme. N\u00eb k\u00ebt\u00eb rast pasurit\u00eb nuk jan\u00eb as sa 1\/10 e t\u00eb ardhurave t\u00eb mia t\u00eb ligjshme dhe me k\u00ebt\u00eb format t\u00eb deklarimit nuk kan\u00eb arritur t\u00eb krijojn\u00eb bindjen k\u00ebto an\u00ebtar\u00eb q\u00eb kan\u00eb votuar p\u00ebr shkarkimin tim?!\u201d-shkruan Dodaj.<\/span><\/p>\n<p style=\"text-align: justify;\"><span style=\"color: #000000;\">Dodaj jep edhe dy opsione se pse trupa e gjykimit n\u00eb KPA t\u00eb ket\u00eb dh\u00ebn\u00eb nj\u00eb vendim p\u00ebr shkarkimin e tij duke theksuar \u201cpaaft\u00ebsin\u00eb p\u00ebr t\u00eb gjykuar t\u00eb tre an\u00ebtar\u00ebve\u201d ose mos gjykimin e drejt\u00eb p\u00ebr arsye t\u00eb ndikuara q\u00eb nuk dihen nga kan\u00eb ardhur.<\/span><\/p>\n<p style=\"text-align: justify;\"><span style=\"color: #000000;\">\u201c<em>Dy jan\u00eb opsionet q\u00eb mund t\u2019i jap\u00eb shpjegim vendimit t\u00eb k\u00ebsaj trupe, gjithmon\u00eb sipas mendimit tim:<\/em><\/span><\/p>\n<p><span style=\"color: #000000;\"><em>Tre an\u00ebtar\u00ebt (Como, Shtylla, Schuetz) jan\u00eb t\u00eb paaft\u00eb p\u00ebr t\u00eb gjykuar<\/em><\/span><\/p>\n<p><span style=\"color: #000000;\"><em>Tre an\u00ebtar\u00ebt (Como, Shtylla, Schuetz), nuk gjykuan drejt\u00eb se kan\u00eb q\u00ebn\u00eb t\u00eb ndikuar nga arsye t\u00eb cilat nuk kam ide se nga mund t\u2019ju ken\u00eb ardhur<\/em>\u201d-shkruan Dodaj.<\/span><\/p>\n<p style=\"text-align: justify;\"><span style=\"color: #000000;\">N\u00eb fund Dodaj k\u00ebrkon nga p\u00ebrfaq\u00ebsuesit e ONM-s\u00eb, p\u00ebrfaq\u00ebsim n\u00eb opinionin publik si nj\u00eb form\u00eb shpagimi p\u00ebr t\u00eb, gjithashtu reagim p\u00ebr padrejt\u00ebsin\u00eb e b\u00ebr\u00eb, mb\u00ebshtetje p\u00ebr t\u00eb p\u00ebrkrahur t\u00eb tjer\u00ebt q\u00eb jan\u00eb t\u00eb drejt\u00eb dhe p\u00ebr t\u00eb mos humbur besimin. Ish prokurori thekson se reagimi i ONM-s\u00eb do ishte ishte nj\u00eb ndihmes\u00eb p\u00ebr t\u00eb si viktim\u00eb e reform\u00ebs n\u00eb drejt\u00ebsi.<\/span><\/p>\n<p style=\"text-align: justify;\">\n","protected":false,"gt_translate_keys":[{"key":"rendered","format":"html"}]},"excerpt":{"rendered":"<p>Ish-prokurori n\u00eb K\u00ebshillin e Lart\u00eb t\u00eb Prokuroris\u00eb Ludovik Dodaj i cili u shkarkua m\u00eb dat\u00ebn 14 korrik 2022 nga Kolegji i Posa\u00e7\u00ebm i Apelimit i \u00ebsht\u00eb drejtuar me nj\u00eb let\u00ebr Operacionit Nd\u00ebrkomb\u00ebtar t\u00eb Monitorimit. Dodaj i k\u00ebrkon ONM-s\u00eb t\u00eb mbaj\u00eb opinion kund\u00ebr vendimit t\u00eb KPA-s\u00eb p\u00ebr shkarkimin e tij. Dodaj e etiketon trup\u00ebn gjykyese t\u00eb [&hellip;]<\/p>\n","protected":false,"gt_translate_keys":[{"key":"rendered","format":"html"}]},"author":32,"featured_media":538482,"comment_status":"closed","ping_status":"closed","sticky":false,"template":"","format":"standard","meta":{"footnotes":""},"categories":[22,13],"tags":[],"class_list":["post-538481","post","type-post","status-publish","format-standard","has-post-thumbnail","hentry","category-ballina","category-te-fundit"],"gt_translate_keys":[{"key":"link","format":"url"}],"_links":{"self":[{"href":"https:\/\/www.hashtag.al\/index.php\/wp-json\/wp\/v2\/posts\/538481","targetHints":{"allow":["GET"]}}],"collection":[{"href":"https:\/\/www.hashtag.al\/index.php\/wp-json\/wp\/v2\/posts"}],"about":[{"href":"https:\/\/www.hashtag.al\/index.php\/wp-json\/wp\/v2\/types\/post"}],"author":[{"embeddable":true,"href":"https:\/\/www.hashtag.al\/index.php\/wp-json\/wp\/v2\/users\/32"}],"replies":[{"embeddable":true,"href":"https:\/\/www.hashtag.al\/index.php\/wp-json\/wp\/v2\/comments?post=538481"}],"version-history":[{"count":0,"href":"https:\/\/www.hashtag.al\/index.php\/wp-json\/wp\/v2\/posts\/538481\/revisions"}],"wp:featuredmedia":[{"embeddable":true,"href":"https:\/\/www.hashtag.al\/index.php\/wp-json\/wp\/v2\/media\/538482"}],"wp:attachment":[{"href":"https:\/\/www.hashtag.al\/index.php\/wp-json\/wp\/v2\/media?parent=538481"}],"wp:term":[{"taxonomy":"category","embeddable":true,"href":"https:\/\/www.hashtag.al\/index.php\/wp-json\/wp\/v2\/categories?post=538481"},{"taxonomy":"post_tag","embeddable":true,"href":"https:\/\/www.hashtag.al\/index.php\/wp-json\/wp\/v2\/tags?post=538481"}],"curies":[{"name":"wp","href":"https:\/\/api.w.org\/{rel}","templated":true}]}}