{"id":538129,"date":"2022-07-26T11:33:22","date_gmt":"2022-07-26T09:33:22","guid":{"rendered":"https:\/\/www.hashtag.al\/?p=538129"},"modified":"2022-07-26T11:56:52","modified_gmt":"2022-07-26T09:56:52","slug":"zbulohet-emri-i-autorit-te-dyshuar-te-vrasjes-se-ish-drejtorit-te-ost-se-ne-mirdite-saga-e-vrasjeve-e-hakmarrjeve","status":"publish","type":"post","link":"https:\/\/www.hashtag.al\/index.php\/2022\/07\/26\/zbulohet-emri-i-autorit-te-dyshuar-te-vrasjes-se-ish-drejtorit-te-ost-se-ne-mirdite-saga-e-vrasjeve-e-hakmarrjeve\/","title":{"rendered":"Zbulohet emri i autorit t\u00eb dyshuar t\u00eb vrasjes s\u00eb ish-drejtorit t\u00eb OST-s\u00eb n\u00eb Mirdit\u00eb, saga e vrasjeve e hakmarrjeve","gt_translate_keys":[{"key":"rendered","format":"text"}]},"content":{"rendered":"<div id=\"attachment_538130\" style=\"width: 2010px\" class=\"wp-caption aligncenter\"><img loading=\"lazy\" decoding=\"async\" aria-describedby=\"caption-attachment-538130\" class=\"wp-image-538130 size-full\" src=\"https:\/\/www.hashtag.al\/wp-content\/uploads\/2022\/07\/ipiccy_image-1-1.jpg\" alt=\"\" width=\"2000\" height=\"987\" srcset=\"https:\/\/www.hashtag.al\/wp-content\/uploads\/2022\/07\/ipiccy_image-1-1.jpg 2000w, https:\/\/www.hashtag.al\/wp-content\/uploads\/2022\/07\/ipiccy_image-1-1-300x148.jpg 300w, https:\/\/www.hashtag.al\/wp-content\/uploads\/2022\/07\/ipiccy_image-1-1-1024x505.jpg 1024w, https:\/\/www.hashtag.al\/wp-content\/uploads\/2022\/07\/ipiccy_image-1-1-768x379.jpg 768w, https:\/\/www.hashtag.al\/wp-content\/uploads\/2022\/07\/ipiccy_image-1-1-1536x758.jpg 1536w\" sizes=\"auto, (max-width: 2000px) 100vw, 2000px\" \/><p id=\"caption-attachment-538130\" class=\"wp-caption-text\"><span style=\"color: #0000ff;\">N\u00eb foto: Majtas Sajmir Jaku, n\u00eb mes Dorian Keqi, djathtas v\u00ebllez\u00ebrit Gasper e Kastriot Re\u00e7i<\/span><\/p><\/div>\n<p><span style=\"color: #000000;\">40-vje\u00e7ari Dorian Keqi \u00ebsht\u00eb personi i arrestuar sot nga Policia e Lezh\u00ebs, i cili akuzohet si vras\u00ebsi i ish-drejorit t\u00eb OST-s\u00eb, Sajmir Jaku m\u00eb 9 shtator 2016 n\u00eb Rr\u00ebshen.<\/span><\/p>\n<p><span style=\"color: #000000;\"> Keqi, i lindur n\u00eb Kurbin e banues n\u00eb Kruj\u00eb akuzohet si vras\u00ebs me pages\u00eb p\u00ebr krimin q\u00eb dyshohet se u porosit nga nj\u00eb grup kriminal.<\/span><\/p>\n<p><span style=\"color: #000000;\">33-vje\u00e7ari Jaku i q\u00ebllua me automatik teksa po pinte nj\u00eb kafe n\u00eb qend\u00ebr t\u00eb Rr\u00ebshenit nd\u00ebrsa miku i tij q\u00eb ndodhej n\u00eb t\u00eb nj\u00ebjt\u00ebn tavolin\u00eb, 50-vje\u00e7ari Gjergj Prenga u plagos me disa plumba.<\/span><\/p>\n<p><span style=\"color: #000000;\">Vrasja e Jakut dyshohet se ka t\u00eb b\u00ebj\u00eb me nj\u00eb zinxhir vrasjesh hakmarr\u00ebse mes dy familjeve \u00eb Mirdit\u00eb, asaj Re\u00e7i e Gjini, ku jan\u00eb vrar\u00eb pes\u00eb persona.<\/span><\/p>\n<p><span style=\"color: #000000;\"><strong>Vrasjet e ndodhura<\/strong><\/span><\/p>\n<p><span style=\"color: #000000;\">M\u00eb 9 shtator 2016 vritet n\u00eb Rr\u00ebshen Saimir Jaku, ish-drejtor i OST-s\u00eb p\u00ebr veriun n\u00eb OSHEE. Ai u q\u00ebllua p\u00ebr vdekje me arm\u00eb zjarri \u2018kallashnikov\u2019 nga dy persona ende t\u00eb paidentifikuar, teksa ishte duke pir\u00eb kafe n\u00eb nj\u00eb nga lokalet m\u00eb t\u00eb frekuentuara t\u00eb qytetit t\u00eb Rr\u00ebshenit, nd\u00ebrsa mbeti i plagosur edhe miku i tij.<\/span><\/p>\n<p><span style=\"color: #000000;\">M\u00eb 28 prill 2017 vritet n\u00eb Rom\u00eb, Gasper Re\u00e7i, 43 vje\u00e7. Sipas autoriteteve italiane q\u00eb n\u00eb at\u00eb koh\u00eb bashk\u00ebpunuar me policin\u00eb shqiptare, dyshohet se vrasja e Gasper Re\u00e7it kishte ardhur si hakmarrje p\u00ebr ekzekutimin e Saimir Jakut.<\/span><\/p>\n<p><span style=\"color: #000000;\">M\u00eb 6 shtator 2017 n\u00eb Belgjik\u00eb, vritet Kreshnik Gjini, nipi i Saimir Jakut. Dyshimet e policis\u00eb belge ishin se ngjarja kishte t\u00eb b\u00ebnte me vrasjen e Gasper Re\u00e7it n\u00eb Itali.<\/span><\/p>\n<p><span style=\"color: #000000;\">Cristina, e dashura e Kreshnik Gjinit, u tha hetuesve belg\u00eb se n\u00eb 2016-\u00ebn \u00ebsht\u00eb vrar\u00eb n\u00eb Shqip\u00ebri daja i 31-vje\u00e7arit Gjini, Samir Jaku.<\/span><\/p>\n<p><span style=\"color: #000000;\">N\u00eb gusht 2019 vritet n\u00eb Rr\u00ebshen Armando Gjini. Pas vrasjes s\u00eb tij dyshohet se q\u00ebndronte Kastriot Re\u00e7i.<\/span><\/p>\n<p><span style=\"color: #000000;\">M\u00eb 7 janar 2020, vritet n\u00eb Rr\u00ebshen Kastriot Re\u00e7i. Ai u q\u00ebllua me nj\u00eb plumb me an\u00eb t\u00eb nj\u00eb pushke me dylbi pran\u00eb lokalit t\u00eb tij teksa po ecte n\u00eb rrug\u00eb.<\/span><\/p>\n<p><span style=\"color: #000000;\"><em>\u201cPrej nj\u00eb viti, ai ndihej i k\u00ebrc\u00ebnuar.\u201d<\/em> &#8211; deklaronte asokohe ajo para hetuesve.<\/span><\/p>\n<div id=\"attachment_538131\" style=\"width: 662px\" class=\"wp-caption aligncenter\"><img loading=\"lazy\" decoding=\"async\" aria-describedby=\"caption-attachment-538131\" class=\"size-full wp-image-538131\" src=\"https:\/\/www.hashtag.al\/wp-content\/uploads\/2022\/07\/keqi.jpg\" alt=\"\" width=\"652\" height=\"742\" srcset=\"https:\/\/www.hashtag.al\/wp-content\/uploads\/2022\/07\/keqi.jpg 652w, https:\/\/www.hashtag.al\/wp-content\/uploads\/2022\/07\/keqi-264x300.jpg 264w\" sizes=\"auto, (max-width: 652px) 100vw, 652px\" \/><p id=\"caption-attachment-538131\" class=\"wp-caption-text\"><span style=\"color: #0000ff;\">N\u00eb foto: Dorian Keqi<\/span><\/p><\/div>\n","protected":false,"gt_translate_keys":[{"key":"rendered","format":"html"}]},"excerpt":{"rendered":"<p>40-vje\u00e7ari Dorian Keqi \u00ebsht\u00eb personi i arrestuar sot nga Policia e Lezh\u00ebs, i cili akuzohet si vras\u00ebsi i ish-drejorit t\u00eb OST-s\u00eb, Sajmir Jaku m\u00eb 9 shtator 2016 n\u00eb Rr\u00ebshen. Keqi, i lindur n\u00eb Kurbin e banues n\u00eb Kruj\u00eb akuzohet si vras\u00ebs me pages\u00eb p\u00ebr krimin q\u00eb dyshohet se u porosit nga nj\u00eb grup kriminal. 33-vje\u00e7ari [&hellip;]<\/p>\n","protected":false,"gt_translate_keys":[{"key":"rendered","format":"html"}]},"author":51,"featured_media":538130,"comment_status":"closed","ping_status":"closed","sticky":false,"template":"","format":"standard","meta":{"footnotes":""},"categories":[65,13],"tags":[],"class_list":["post-538129","post","type-post","status-publish","format-standard","has-post-thumbnail","hentry","category-lajme","category-te-fundit"],"gt_translate_keys":[{"key":"link","format":"url"}],"_links":{"self":[{"href":"https:\/\/www.hashtag.al\/index.php\/wp-json\/wp\/v2\/posts\/538129","targetHints":{"allow":["GET"]}}],"collection":[{"href":"https:\/\/www.hashtag.al\/index.php\/wp-json\/wp\/v2\/posts"}],"about":[{"href":"https:\/\/www.hashtag.al\/index.php\/wp-json\/wp\/v2\/types\/post"}],"author":[{"embeddable":true,"href":"https:\/\/www.hashtag.al\/index.php\/wp-json\/wp\/v2\/users\/51"}],"replies":[{"embeddable":true,"href":"https:\/\/www.hashtag.al\/index.php\/wp-json\/wp\/v2\/comments?post=538129"}],"version-history":[{"count":0,"href":"https:\/\/www.hashtag.al\/index.php\/wp-json\/wp\/v2\/posts\/538129\/revisions"}],"wp:featuredmedia":[{"embeddable":true,"href":"https:\/\/www.hashtag.al\/index.php\/wp-json\/wp\/v2\/media\/538130"}],"wp:attachment":[{"href":"https:\/\/www.hashtag.al\/index.php\/wp-json\/wp\/v2\/media?parent=538129"}],"wp:term":[{"taxonomy":"category","embeddable":true,"href":"https:\/\/www.hashtag.al\/index.php\/wp-json\/wp\/v2\/categories?post=538129"},{"taxonomy":"post_tag","embeddable":true,"href":"https:\/\/www.hashtag.al\/index.php\/wp-json\/wp\/v2\/tags?post=538129"}],"curies":[{"name":"wp","href":"https:\/\/api.w.org\/{rel}","templated":true}]}}