{"id":537728,"date":"2022-07-24T20:04:24","date_gmt":"2022-07-24T18:04:24","guid":{"rendered":"https:\/\/www.hashtag.al\/?p=537728"},"modified":"2022-07-24T20:08:17","modified_gmt":"2022-07-24T18:08:17","slug":"dita-me-e-rendesishme-e-jetes-sime-bajram-begaj-i-drejtohet-popullit-do-te-jem-sherbetori-juaj","status":"publish","type":"post","link":"https:\/\/www.hashtag.al\/index.php\/2022\/07\/24\/dita-me-e-rendesishme-e-jetes-sime-bajram-begaj-i-drejtohet-popullit-do-te-jem-sherbetori-juaj\/","title":{"rendered":"\u201cDita m\u00eb e r\u00ebnd\u00ebsishme e jet\u00ebs sime\u201d \u2013 Bajram Begaj i drejtohet popullit: Do t\u00eb jem sh\u00ebrb\u00ebtori juaj","gt_translate_keys":[{"key":"rendered","format":"text"}]},"content":{"rendered":"<p><span style=\"color: #000000;\"><a href=\"https:\/\/www.hashtag.al\/wp-content\/uploads\/2022\/07\/bbbb-1.jpg\"><img loading=\"lazy\" decoding=\"async\" class=\"aligncenter size-full wp-image-537726\" src=\"https:\/\/www.hashtag.al\/wp-content\/uploads\/2022\/07\/bbbb-1.jpg\" alt=\"\" width=\"821\" height=\"363\" srcset=\"https:\/\/www.hashtag.al\/wp-content\/uploads\/2022\/07\/bbbb-1.jpg 821w, https:\/\/www.hashtag.al\/wp-content\/uploads\/2022\/07\/bbbb-1-300x133.jpg 300w, https:\/\/www.hashtag.al\/wp-content\/uploads\/2022\/07\/bbbb-1-768x340.jpg 768w\" sizes=\"auto, (max-width: 821px) 100vw, 821px\" \/><\/a><\/span><\/p>\n<p><span style=\"color: #000000;\">Presidenti i ri i Republik\u00ebs, Bajram Begaj ka mbajtur nj\u00eb fjalim p\u00ebr t\u2019iu adresuar popullit.<\/span><\/p>\n<p><span style=\"color: #000000;\">Kjo direkt pas marrjes zyrtare t\u00eb detyr\u00ebs dhe dor\u00ebzimit t\u00eb Kushtetut\u00ebs nga drejtuesja e Gjykat\u00ebs Kushtetuese, Vitore Tusha.<\/span><\/p>\n<p><em><span style=\"color: #000000;\">\u201cI nderuar z.Meta, e nderuar zonja kryetare e Kuvendit, i nderuar z.kryeminist\u00ebr, e nderuar kryetare e Gjykat\u00ebs Kushtetuese, e nderuar presidentja Osmani, shk\u00eblqesi ambgasador\u00eb, t\u00eb nderuar miq e t\u00eb ftuar, t\u00eb dashur qytetar\u00eb dhe bashk\u00ebkombas. Ju falenderoj t\u00eb gjith\u00ebve p\u00ebr pjes\u00ebmarrjen.<\/span><\/em><\/p>\n<p><em><span style=\"color: #000000;\">D\u00ebshiroj t\u00eb falenderoj presidentin Meta, p\u00ebr p\u00ebrmbushjen e detyr\u00ebs, komunikimin institucional dhe personal q\u00eb pat\u00ebm gjat\u00eb koh\u00ebs q\u00eb ushtrova detyr\u00ebn e Shefit t\u00eb Shtabit t\u00eb P\u00ebrgjithsh\u00ebm t\u00eb Forcave t\u00eb Armatosura dhe gjat\u00eb periudh\u00ebs s\u00eb transferimit t\u00eb detyr\u00ebs.<\/span><\/em><\/p>\n<p><em><span style=\"color: #000000;\">P\u00ebr mua sot \u00ebsht\u00eb nj\u00eb dit\u00eb e ve\u00e7ant\u00eb.\u00a0<\/span><\/em><\/p>\n<p><em><span style=\"color: #000000;\">Padyshim \u00ebsht\u00eb dita m\u00eb e r\u00ebnd\u00ebsishme e jet\u00ebs sime. Jam p\u00ebrpara jush dhe ju drejtohem me nderin dhe privilegjin m\u00eb t\u00eb lart\u00eb t\u00eb nj\u00eb individ t\u00eb zgjedhur n\u00eb postin m\u00eb t\u00eb lart\u00eb t\u00eb shtetit, at\u00eb t\u00eb Presidentit t\u00eb Republik\u00ebs.<\/span><\/em><\/p>\n<p><em><span style=\"color: #000000;\">Ky besim m\u00eb ngarkon me p\u00ebrgjegj\u00ebsin\u00eb m\u00eb t\u00eb madhe ndaj qytetar\u00ebve t\u00eb kombit tim, ndaj historis\u00eb s\u00eb shtetit ton\u00eb, partner\u00ebve t\u00eb Shqip\u00ebris\u00eb por edhe ndaj miqve dhe familjes sime.<\/span><\/em><\/p>\n<p><em><span style=\"color: #000000;\">Sot u betova p\u00ebr besnik\u00ebri ndaj Kushtetut\u00ebs dhe ligjeve t\u00eb vendit. P\u00ebr t\u00eb respektuar t\u00eb drejtat dhe lirit\u00eb e shtetasve, p\u00ebr t\u00eb mbrojtur pavar\u00ebsin\u00eb e Republik\u00ebs dhe p\u00ebr t\u2019i sh\u00ebrbyer interesave dhe p\u00ebrparimit t\u00eb kombit shqiptar. Do t\u00eb jem sh\u00ebrb\u00ebtor i popullit ton\u00eb, bashk\u00ebpun\u00ebtor i pal\u00ebkundur i unitetit komb\u00ebtar.<\/span><\/em><\/p>\n<p><em><span style=\"color: #000000;\">Do t\u00eb jem kontribuues dhe p\u00ebrkrah\u00ebs i komunikimit dhe i bashk\u00ebpunimit, i nismave e ideve q\u00eb \u00e7ojn\u00eb p\u00ebrpara shoq\u00ebrin\u00eb ton\u00eb. Dialogu dhe bashk\u00ebpunimi midis forcave politike, shoq\u00ebris\u00eb civile, komuniteteve fetare, d\u00ebgjimi i v\u00ebmendsh\u00ebm i z\u00ebrit t\u00eb medias s\u00eb lir\u00eb, respektimi dhe pranimi i debatit, mund\u00ebson q\u00eb forca e tij t\u00eb mish\u00ebrohet n\u00eb mir\u00ebqenie, zhvillim e progres p\u00ebr qytetar\u00ebt e vendin.<\/span><\/em><\/p>\n<p><em><span style=\"color: #000000;\">Interesi yn\u00eb i p\u00ebrbashk\u00ebt mbetet konsolidimi i institucioneve, q\u00eb kan\u00eb p\u00ebrgjegj\u00ebsin\u00eb p\u00ebr t\u00eb forcuar lirit\u00eb dhe t\u00eb drejtat e njeriut, mbrojtur dhe promovuar interesat e shqiptar\u00ebve kudo q\u00eb ndodhen.<\/span><\/em><\/p>\n<p><em><span style=\"color: #000000;\">Sot m\u00eb shum\u00eb se kurr\u00eb k\u00ebrkohet unitet dhe bashk\u00ebpunim i klasave politike, p\u00ebr t\u00eb arritur objektivat ton\u00eb komb\u00ebtar. Un\u00eb do t\u00eb inkurajoj dhe mb\u00ebshtes \u00e7do veprim p\u00ebr t\u00eb arritur marr\u00ebdh\u00ebnie t\u00eb sh\u00ebndosha midis institucioneve kushtetuese.<\/span><\/em><\/p>\n<p><em><span style=\"color: #000000;\">T\u00eb vijojm\u00eb n\u00eb rrug\u00ebn e reform\u00ebs n\u00eb drejt\u00ebsi, jo thjesht se ky \u00ebsht\u00eb kusht thelb\u00ebsor p\u00ebr an\u00ebtar\u00ebsimin n\u00eb BE, por edhe sepse nd\u00ebrtimi i nj\u00eb sistemi gjyq\u00ebsor t\u00eb pavarur dhe me integritet garanton luft\u00ebn ndaj krimit t\u00eb organizuar dhe korrupsionit.<\/span><\/em><\/p>\n<p><em><span style=\"color: #000000;\">Reforma n\u00eb drejt\u00ebsi me ndihm\u00ebn e aleat\u00ebve tan\u00eb strategjik\u00eb por\u00a0jep frytet e saj. E gjej t\u00eb udh\u00ebs t\u00eb ritheksoj se miqt\u00eb tan\u00eb te Shqip\u00ebria e shqiptar\u00ebt t\u00eb gjejn\u00eb kurdoher\u00eb partnerin e tyre t\u00eb mire besuar.<\/span><\/em><\/p>\n<p><em><span style=\"color: #000000;\">Mbajta e konferenc\u00ebs s\u00eb par\u00eb nd\u00ebrqeveritare me BE \u00ebsht\u00eb nj\u00eb arritje e madhe m\u00ebse e merituar nga Shqip\u00ebria dhe shqiptar\u00ebt. Kjo ngjarje sh\u00ebnon vet\u00ebm fillimin e nj\u00eb kapitulli t\u00eb ri, ku duhet t\u00eb jemi t\u00eb gjith\u00eb bashk\u00eb krah p\u00ebr krah. Shqip\u00ebria d\u00ebshmon se edhe popujt e vegj\u00ebl kontribuojn\u00eb n\u00eb sigurin\u00eb komb\u00ebtare, rajonale dhe nd\u00ebrkomb\u00ebtare.<\/span><\/em><\/p>\n<p><span style=\"color: #000000;\"><em>Nj\u00ebz\u00ebshm\u00ebria e popullit shqiptar p\u00ebr mbrojtjen e popullit ukrainas tregojn\u00eb se ne jemi bashk\u00eb p\u00ebr kauza t\u00eb m\u00ebdha. Angazhimi yn\u00eb n\u00eb NATO e b\u00ebn Shqip\u00ebrin\u00eb m\u00eb t\u00eb fort\u00eb, m\u00eb t\u00eb qet\u00eb dhe m\u00eb t\u00eb sigurt\u00eb. Por lufta n\u00eb Ukrain\u00eb b\u00ebn t\u00eb qart\u00eb se siguria dhe paqja nuk sigurohen pro fitohen.\u201d<\/em>&#8211; tha Begaj.<\/span><\/p>\n<p><span style=\"color: #000000;\">Ky \u00ebsht\u00eb fjalimi i tij i dyt\u00eb p\u00ebr sot, pasi m\u00eb her\u00ebt mbajti nj\u00eb tjet\u00ebr fjalim pas betimit para Kuvendit.<\/span><\/p>\n<p><a href=\"https:\/\/www.hashtag.al\/wp-content\/uploads\/2022\/07\/b-dhe-m.jpg\"><img loading=\"lazy\" decoding=\"async\" class=\"aligncenter size-full wp-image-537725\" src=\"https:\/\/www.hashtag.al\/wp-content\/uploads\/2022\/07\/b-dhe-m.jpg\" alt=\"\" width=\"826\" height=\"423\" srcset=\"https:\/\/www.hashtag.al\/wp-content\/uploads\/2022\/07\/b-dhe-m.jpg 826w, https:\/\/www.hashtag.al\/wp-content\/uploads\/2022\/07\/b-dhe-m-300x154.jpg 300w, https:\/\/www.hashtag.al\/wp-content\/uploads\/2022\/07\/b-dhe-m-768x393.jpg 768w, https:\/\/www.hashtag.al\/wp-content\/uploads\/2022\/07\/b-dhe-m-568x290.jpg 568w\" sizes=\"auto, (max-width: 826px) 100vw, 826px\" \/><\/a><a href=\"https:\/\/www.hashtag.al\/wp-content\/uploads\/2022\/07\/6-2.jpg\"><img loading=\"lazy\" decoding=\"async\" class=\"aligncenter size-full wp-image-537724\" src=\"https:\/\/www.hashtag.al\/wp-content\/uploads\/2022\/07\/6-2.jpg\" alt=\"\" width=\"823\" height=\"363\" srcset=\"https:\/\/www.hashtag.al\/wp-content\/uploads\/2022\/07\/6-2.jpg 823w, https:\/\/www.hashtag.al\/wp-content\/uploads\/2022\/07\/6-2-300x132.jpg 300w, https:\/\/www.hashtag.al\/wp-content\/uploads\/2022\/07\/6-2-768x339.jpg 768w\" sizes=\"auto, (max-width: 823px) 100vw, 823px\" \/><\/a><\/p>\n","protected":false,"gt_translate_keys":[{"key":"rendered","format":"html"}]},"excerpt":{"rendered":"<p>Presidenti i ri i Republik\u00ebs, Bajram Begaj ka mbajtur nj\u00eb fjalim p\u00ebr t\u2019iu adresuar popullit. Kjo direkt pas marrjes zyrtare t\u00eb detyr\u00ebs dhe dor\u00ebzimit t\u00eb Kushtetut\u00ebs nga drejtuesja e Gjykat\u00ebs Kushtetuese, Vitore Tusha. \u201cI nderuar z.Meta, e nderuar zonja kryetare e Kuvendit, i nderuar z.kryeminist\u00ebr, e nderuar kryetare e Gjykat\u00ebs Kushtetuese, e nderuar presidentja Osmani, [&hellip;]<\/p>\n","protected":false,"gt_translate_keys":[{"key":"rendered","format":"html"}]},"author":30,"featured_media":537726,"comment_status":"closed","ping_status":"closed","sticky":false,"template":"","format":"standard","meta":{"footnotes":""},"categories":[22,65,13],"tags":[],"class_list":["post-537728","post","type-post","status-publish","format-standard","has-post-thumbnail","hentry","category-ballina","category-lajme","category-te-fundit"],"gt_translate_keys":[{"key":"link","format":"url"}],"_links":{"self":[{"href":"https:\/\/www.hashtag.al\/index.php\/wp-json\/wp\/v2\/posts\/537728","targetHints":{"allow":["GET"]}}],"collection":[{"href":"https:\/\/www.hashtag.al\/index.php\/wp-json\/wp\/v2\/posts"}],"about":[{"href":"https:\/\/www.hashtag.al\/index.php\/wp-json\/wp\/v2\/types\/post"}],"author":[{"embeddable":true,"href":"https:\/\/www.hashtag.al\/index.php\/wp-json\/wp\/v2\/users\/30"}],"replies":[{"embeddable":true,"href":"https:\/\/www.hashtag.al\/index.php\/wp-json\/wp\/v2\/comments?post=537728"}],"version-history":[{"count":0,"href":"https:\/\/www.hashtag.al\/index.php\/wp-json\/wp\/v2\/posts\/537728\/revisions"}],"wp:featuredmedia":[{"embeddable":true,"href":"https:\/\/www.hashtag.al\/index.php\/wp-json\/wp\/v2\/media\/537726"}],"wp:attachment":[{"href":"https:\/\/www.hashtag.al\/index.php\/wp-json\/wp\/v2\/media?parent=537728"}],"wp:term":[{"taxonomy":"category","embeddable":true,"href":"https:\/\/www.hashtag.al\/index.php\/wp-json\/wp\/v2\/categories?post=537728"},{"taxonomy":"post_tag","embeddable":true,"href":"https:\/\/www.hashtag.al\/index.php\/wp-json\/wp\/v2\/tags?post=537728"}],"curies":[{"name":"wp","href":"https:\/\/api.w.org\/{rel}","templated":true}]}}