{"id":537427,"date":"2022-07-22T22:46:48","date_gmt":"2022-07-22T20:46:48","guid":{"rendered":"https:\/\/www.hashtag.al\/?p=537427"},"modified":"2022-07-22T22:46:48","modified_gmt":"2022-07-22T20:46:48","slug":"shtyhet-per-here-te-kater-gjyqi-ndaj-mjekut-edvin-prifti-prokurori-i-spak-ut-mungoi-serish","status":"publish","type":"post","link":"https:\/\/www.hashtag.al\/index.php\/2022\/07\/22\/shtyhet-per-here-te-kater-gjyqi-ndaj-mjekut-edvin-prifti-prokurori-i-spak-ut-mungoi-serish\/","title":{"rendered":"Shtyhet p\u00ebr her\u00eb t\u00eb kat\u00ebr gjyqi ndaj mjekut Edvin Prifti, prokurori i SPAK-ut mungoi s\u00ebrish","gt_translate_keys":[{"key":"rendered","format":"text"}]},"content":{"rendered":"<p style=\"text-align: justify;\"><span style=\"color: #000000;\"><img loading=\"lazy\" decoding=\"async\" class=\"aligncenter size-full wp-image-534783\" src=\"https:\/\/www.hashtag.al\/wp-content\/uploads\/2022\/07\/edvin-prifti.jpg\" alt=\"\" width=\"884\" height=\"532\" srcset=\"https:\/\/www.hashtag.al\/wp-content\/uploads\/2022\/07\/edvin-prifti.jpg 884w, https:\/\/www.hashtag.al\/wp-content\/uploads\/2022\/07\/edvin-prifti-300x181.jpg 300w, https:\/\/www.hashtag.al\/wp-content\/uploads\/2022\/07\/edvin-prifti-768x462.jpg 768w\" sizes=\"auto, (max-width: 884px) 100vw, 884px\" \/><\/span><\/p>\n<p style=\"text-align: justify;\"><span style=\"color: #000000;\">Gjyqi ndaj mjekut Edvin Prifti \u00ebsht\u00eb shtyr\u00eb p\u00ebr her\u00ebn e kat\u00ebrt.<\/span><\/p>\n<p style=\"text-align: justify;\"><span style=\"color: #000000;\">Lajmin e ka b\u00ebr\u00eb t\u00eb ditur vet\u00eb mjeku i cili thot\u00eb se arsyeja e shtyrjes ka qen\u00eb mungesa e Prokurorit t\u00eb SPAK.<\/span><\/p>\n<p style=\"text-align: justify;\"><span style=\"color: #000000;\">Prifti thot\u00eb se mungesa p\u00ebr her\u00eb t\u00eb kat\u00ebrt e prokurorit \u00ebsht\u00eb nj\u00eb gur prove p\u00ebr mosv\u00ebrtet\u00ebsin\u00ebe e akuzave ndaj tij.<\/span><\/p>\n<p style=\"text-align: justify;\"><span style=\"color: #000000;\">Prej nj\u00eb viti e gjysm\u00eb Priftit nuk i lejohet t\u00eb ushtroj\u00eb profesionin e mjekut dhe procesi gjyq\u00ebsor vijon t\u00eb shtyhet.<\/span><\/p>\n<p style=\"text-align: justify;\"><span style=\"color: #000000;\">Mjeku thot\u00eb se Prokurori i \u00e7\u00ebshtjes kishte r\u00ebn\u00eb dakord vet\u00eb p\u00ebr dat\u00ebn pas 3 her\u00ebsh q\u00eb nuk mundej dhe s\u00ebrish nuk u paraqit n\u00eb gjykat\u00eb.<\/span><\/p>\n<p style=\"text-align: justify;\"><span style=\"color: #000000;\"><strong>Postimi i plot\u00eb:<\/strong><\/span><\/p>\n<p style=\"text-align: justify;\"><span style=\"color: #000000;\">K\u00ebto kohet e fundit u m\u00ebsuam me grev\u00ebn e avokateve por p\u00ebr mua ishte ndryshe, pik\u00ebrisht u gjenda prej muajsh nen \u201cgreven\u201d ose me mire mosparaqitjen e prokurorit ne gjykate. Sot nj\u00eb dite tejet interesante dhe nj\u00eb gur prove p\u00ebr mos v\u00ebrtet\u00ebsin\u00eb e fabul\u00ebs intrigante te thurur ndaj meje.\u00a0<\/span><\/p>\n<p style=\"text-align: justify;\"><span style=\"color: #000000;\">Sot gjyqi anulohet p\u00ebr here te kat\u00ebrt pasi p\u00ebrfaq\u00ebsuesi i SPAK nuk \u00ebsht\u00eb i pranish\u00ebm, tregues evident i mos p\u00ebrballjes me provat dhe te v\u00ebrtet\u00ebn. Seanca kishte te b\u00ebnte me konfrontimin me prova dhe ekspertize kontab\u00ebl te cilat v\u00ebrtetojn\u00eb te v\u00ebrteten time dhe jo \u00e7ka \u00ebsht\u00eb vjellur me dashje apo pa dashje ne emrin tim. Prokurori i \u00e7\u00ebshtjes qe vete kishte rene dakord p\u00ebr dat\u00ebn pas 3 her\u00ebsh qe nuk paraqitej sot \u00e7udit\u00ebrisht nuk ishte prape i pranish\u00ebm.\u00a0<\/span><\/p>\n<p style=\"text-align: justify;\"><span style=\"color: #000000;\">Nuk e besoja qe pas nj\u00eb viti e gjysm\u00eb denigrimi, nj\u00ebanshm\u00ebrie, shkat\u00ebrrimi te emrit dhe individit, persekutimi, shpalosjes se intrigave dhe fabulave shkallmuese anadollake, te mos evidentohet as kurajua me e vog\u00ebl e p\u00ebrballjes me te v\u00ebrtet\u00ebn. \u00c7do njeri mund te hetohet pasi dyshimi \u00ebsht\u00eb plot\u00ebsisht brenda te drejt\u00ebs dhe ligjit, por mos p\u00ebrballja, mos qasja ndaj te v\u00ebrtetave dhe provave dhe p\u00ebr me tep\u00ebr fshehja e tyre nga institucionet shtet\u00ebrore ka nj\u00eb em\u00ebr tjet\u00ebr. Un\u00eb kam qene ne dispozicion dhe ne \u00e7do kohe jam p\u00ebrballur bile edhe ne momentet me te v\u00ebshtira. Por frika ndaj p\u00ebrballjes mbetet nj\u00eb atribut i te dob\u00ebtit ose atij qe ka gabim!<\/span><\/p>\n<p style=\"text-align: justify;\"><span style=\"color: #000000;\">\u00cbsht\u00eb e \u00e7uditshme qe institucioni ne fjale te jete kaq i nj\u00ebansh\u00ebm kur edhe pse nen nj\u00eb dyshim minimal nuk pati asnj\u00eb hezitim te p\u00ebrbalte emrin, reputacionin dhe sakrificat e nj\u00eb qytetari, te shkelte ligjin sa here, dhe nd\u00ebrkoh\u00eb nuk analizon pik\u00ebrisht provat dhe faktet qe heqin k\u00ebto dyshime.<\/span><\/p>\n<p style=\"text-align: justify;\"><span style=\"color: #000000;\">Le qe \u00e7 \u2018them ne m\u00ebnyr\u00eb retorike?! Media identifikoi fshehjen e provave ndaj meje te cilat dol\u00ebn fare rast\u00ebsisht mbase nga ndonj\u00eb gabim aft\u00ebsish ne nj\u00eb \u00e7\u00ebshtje tjet\u00ebr.<\/span><\/p>\n<p style=\"text-align: justify;\"><span style=\"color: #000000;\">Dum spiru spero (sa kam fryme shpresoj).<\/span><\/p>\n<p style=\"text-align: justify;\">\n","protected":false,"gt_translate_keys":[{"key":"rendered","format":"html"}]},"excerpt":{"rendered":"<p>Gjyqi ndaj mjekut Edvin Prifti \u00ebsht\u00eb shtyr\u00eb p\u00ebr her\u00ebn e kat\u00ebrt. Lajmin e ka b\u00ebr\u00eb t\u00eb ditur vet\u00eb mjeku i cili thot\u00eb se arsyeja e shtyrjes ka qen\u00eb mungesa e Prokurorit t\u00eb SPAK. Prifti thot\u00eb se mungesa p\u00ebr her\u00eb t\u00eb kat\u00ebrt e prokurorit \u00ebsht\u00eb nj\u00eb gur prove p\u00ebr mosv\u00ebrtet\u00ebsin\u00ebe e akuzave ndaj tij. Prej nj\u00eb [&hellip;]<\/p>\n","protected":false,"gt_translate_keys":[{"key":"rendered","format":"html"}]},"author":32,"featured_media":534783,"comment_status":"closed","ping_status":"closed","sticky":false,"template":"","format":"standard","meta":{"footnotes":""},"categories":[65,13],"tags":[],"class_list":["post-537427","post","type-post","status-publish","format-standard","has-post-thumbnail","hentry","category-lajme","category-te-fundit"],"gt_translate_keys":[{"key":"link","format":"url"}],"_links":{"self":[{"href":"https:\/\/www.hashtag.al\/index.php\/wp-json\/wp\/v2\/posts\/537427","targetHints":{"allow":["GET"]}}],"collection":[{"href":"https:\/\/www.hashtag.al\/index.php\/wp-json\/wp\/v2\/posts"}],"about":[{"href":"https:\/\/www.hashtag.al\/index.php\/wp-json\/wp\/v2\/types\/post"}],"author":[{"embeddable":true,"href":"https:\/\/www.hashtag.al\/index.php\/wp-json\/wp\/v2\/users\/32"}],"replies":[{"embeddable":true,"href":"https:\/\/www.hashtag.al\/index.php\/wp-json\/wp\/v2\/comments?post=537427"}],"version-history":[{"count":0,"href":"https:\/\/www.hashtag.al\/index.php\/wp-json\/wp\/v2\/posts\/537427\/revisions"}],"wp:featuredmedia":[{"embeddable":true,"href":"https:\/\/www.hashtag.al\/index.php\/wp-json\/wp\/v2\/media\/534783"}],"wp:attachment":[{"href":"https:\/\/www.hashtag.al\/index.php\/wp-json\/wp\/v2\/media?parent=537427"}],"wp:term":[{"taxonomy":"category","embeddable":true,"href":"https:\/\/www.hashtag.al\/index.php\/wp-json\/wp\/v2\/categories?post=537427"},{"taxonomy":"post_tag","embeddable":true,"href":"https:\/\/www.hashtag.al\/index.php\/wp-json\/wp\/v2\/tags?post=537427"}],"curies":[{"name":"wp","href":"https:\/\/api.w.org\/{rel}","templated":true}]}}