{"id":537420,"date":"2022-07-22T22:20:18","date_gmt":"2022-07-22T20:20:18","guid":{"rendered":"https:\/\/www.hashtag.al\/?p=537420"},"modified":"2022-07-22T22:30:16","modified_gmt":"2022-07-22T20:30:16","slug":"detaje-nga-atentati-ne-milot-nderron-jete-klisman-preci-nje-automjet-digjet-ne-berzane","status":"publish","type":"post","link":"https:\/\/www.hashtag.al\/index.php\/2022\/07\/22\/detaje-nga-atentati-ne-milot-nderron-jete-klisman-preci-nje-automjet-digjet-ne-berzane\/","title":{"rendered":"Detaje nga atentati n\u00eb Milot, nd\u00ebrron jet\u00eb Klisman Pre\u00e7i, nj\u00eb automjet digjet n\u00eb B\u00ebrzan\u00eb","gt_translate_keys":[{"key":"rendered","format":"text"}]},"content":{"rendered":"<div id=\"attachment_537421\" style=\"width: 1930px\" class=\"wp-caption aligncenter\"><img loading=\"lazy\" decoding=\"async\" aria-describedby=\"caption-attachment-537421\" class=\"wp-image-537421 size-full\" src=\"https:\/\/www.hashtag.al\/wp-content\/uploads\/2022\/07\/ylli-brahimi-milot.jpg\" alt=\"\" width=\"1920\" height=\"1200\" srcset=\"https:\/\/www.hashtag.al\/wp-content\/uploads\/2022\/07\/ylli-brahimi-milot.jpg 1920w, https:\/\/www.hashtag.al\/wp-content\/uploads\/2022\/07\/ylli-brahimi-milot-300x188.jpg 300w, https:\/\/www.hashtag.al\/wp-content\/uploads\/2022\/07\/ylli-brahimi-milot-1024x640.jpg 1024w, https:\/\/www.hashtag.al\/wp-content\/uploads\/2022\/07\/ylli-brahimi-milot-768x480.jpg 768w, https:\/\/www.hashtag.al\/wp-content\/uploads\/2022\/07\/ylli-brahimi-milot-1536x960.jpg 1536w\" sizes=\"auto, (max-width: 1920px) 100vw, 1920px\" \/><p id=\"caption-attachment-537421\" class=\"wp-caption-text\">Ylli Brahimi\/ Pamje nga vendi i ngjarjes<\/p><\/div>\n<p><span style=\"color: #000000;\">Ka nd\u00ebrruar jet\u00eb nj\u00eb nga dy personat q\u00eb ju b\u00eb atentat n\u00eb Milot mbr\u00ebmjen e sotme.<\/span><\/p>\n<p><span style=\"color: #000000;\">Klisam Pre\u00e7i m\u00ebsohet se ka nd\u00ebrruar jet\u00eb nd\u00ebrsa, Ylli Brahimi ka marr\u00eb plag\u00eb n\u00eb gjoks dhe ka shkuar n\u00eb spitalin e Traum\u00ebs n\u00eb gjendje t\u00eb r\u00ebnd\u00eb.<\/span><\/p>\n<p><span style=\"color: #000000;\">\u201cKlisman Pre\u00e7i ka ardhur i pajet\u00eb n\u00eb spital nd\u00ebrsa Ylli Brahimi ka nj\u00eb plag\u00eb n\u00eb gjoks\u201d-njofton Spitali i Traum\u00ebs.<\/span><\/p>\n<p><span style=\"color: #000000;\">Nd\u00ebrkoh\u00eb nj\u00eb automjet q\u00eb dyshohet se \u00ebsht\u00eb p\u00ebrdorur nga autor\u00ebt \u00ebsht\u00eb djegur n\u00eb Gramz\u00eb t\u00eb Milotit.<\/span><\/p>\n<p><span style=\"color: #000000;\">Automjeti n\u00eb\u00a0flak\u00eb\u00a0m\u00ebsohet se \u00ebsht\u00eb\u00a0tip &#8216;Audi&#8217;.<\/span><\/p>\n<p><span style=\"color: #000000;\">Ylli Brahimi dhe Klisman Pre\u00e7i i kishin shp\u00ebtuar atentateve t\u00eb m\u00ebparshme t\u00eb kryer ndaj tyre.<\/span><\/p>\n<div style=\"width: 848px;\" class=\"wp-video\"><video class=\"wp-video-shortcode\" id=\"video-537420-1\" width=\"848\" height=\"480\" preload=\"metadata\" controls=\"controls\"><source type=\"video\/mp4\" src=\"https:\/\/www.hashtag.al\/wp-content\/uploads\/2022\/07\/294305154_145914008051211_5034900697907394959_n.mp4?_=1\" \/><a href=\"https:\/\/www.hashtag.al\/wp-content\/uploads\/2022\/07\/294305154_145914008051211_5034900697907394959_n.mp4\">https:\/\/www.hashtag.al\/wp-content\/uploads\/2022\/07\/294305154_145914008051211_5034900697907394959_n.mp4<\/a><\/video><\/div>\n","protected":false,"gt_translate_keys":[{"key":"rendered","format":"html"}]},"excerpt":{"rendered":"<p>Ka nd\u00ebrruar jet\u00eb nj\u00eb nga dy personat q\u00eb ju b\u00eb atentat n\u00eb Milot mbr\u00ebmjen e sotme. Klisam Pre\u00e7i m\u00ebsohet se ka nd\u00ebrruar jet\u00eb nd\u00ebrsa, Ylli Brahimi ka marr\u00eb plag\u00eb n\u00eb gjoks dhe ka shkuar n\u00eb spitalin e Traum\u00ebs n\u00eb gjendje t\u00eb r\u00ebnd\u00eb. \u201cKlisman Pre\u00e7i ka ardhur i pajet\u00eb n\u00eb spital nd\u00ebrsa Ylli Brahimi ka nj\u00eb [&hellip;]<\/p>\n","protected":false,"gt_translate_keys":[{"key":"rendered","format":"html"}]},"author":32,"featured_media":537421,"comment_status":"closed","ping_status":"closed","sticky":false,"template":"","format":"standard","meta":{"footnotes":""},"categories":[65,13],"tags":[],"class_list":["post-537420","post","type-post","status-publish","format-standard","has-post-thumbnail","hentry","category-lajme","category-te-fundit"],"gt_translate_keys":[{"key":"link","format":"url"}],"_links":{"self":[{"href":"https:\/\/www.hashtag.al\/index.php\/wp-json\/wp\/v2\/posts\/537420","targetHints":{"allow":["GET"]}}],"collection":[{"href":"https:\/\/www.hashtag.al\/index.php\/wp-json\/wp\/v2\/posts"}],"about":[{"href":"https:\/\/www.hashtag.al\/index.php\/wp-json\/wp\/v2\/types\/post"}],"author":[{"embeddable":true,"href":"https:\/\/www.hashtag.al\/index.php\/wp-json\/wp\/v2\/users\/32"}],"replies":[{"embeddable":true,"href":"https:\/\/www.hashtag.al\/index.php\/wp-json\/wp\/v2\/comments?post=537420"}],"version-history":[{"count":0,"href":"https:\/\/www.hashtag.al\/index.php\/wp-json\/wp\/v2\/posts\/537420\/revisions"}],"wp:featuredmedia":[{"embeddable":true,"href":"https:\/\/www.hashtag.al\/index.php\/wp-json\/wp\/v2\/media\/537421"}],"wp:attachment":[{"href":"https:\/\/www.hashtag.al\/index.php\/wp-json\/wp\/v2\/media?parent=537420"}],"wp:term":[{"taxonomy":"category","embeddable":true,"href":"https:\/\/www.hashtag.al\/index.php\/wp-json\/wp\/v2\/categories?post=537420"},{"taxonomy":"post_tag","embeddable":true,"href":"https:\/\/www.hashtag.al\/index.php\/wp-json\/wp\/v2\/tags?post=537420"}],"curies":[{"name":"wp","href":"https:\/\/api.w.org\/{rel}","templated":true}]}}