{"id":537412,"date":"2022-07-22T21:47:07","date_gmt":"2022-07-22T19:47:07","guid":{"rendered":"https:\/\/www.hashtag.al\/?p=537412"},"modified":"2022-07-22T21:56:28","modified_gmt":"2022-07-22T19:56:28","slug":"njeri-nga-te-plagosurit-i-shpetoi-atentatit-nje-vit-me-pare-njihet-si-krahu-i-djathte-i-ervis-martinajt","status":"publish","type":"post","link":"https:\/\/www.hashtag.al\/index.php\/2022\/07\/22\/njeri-nga-te-plagosurit-i-shpetoi-atentatit-nje-vit-me-pare-njihet-si-krahu-i-djathte-i-ervis-martinajt\/","title":{"rendered":"Nj\u00ebri nga t\u00eb plagosurit i shp\u00ebtoi atentatit nj\u00eb vit m\u00eb par\u00eb, njihet si krahu i djatht\u00eb i Ervis Martinajt","gt_translate_keys":[{"key":"rendered","format":"text"}]},"content":{"rendered":"<p style=\"text-align: justify;\"><span style=\"color: #000000;\"><img loading=\"lazy\" decoding=\"async\" class=\"aligncenter size-full wp-image-537413\" src=\"https:\/\/www.hashtag.al\/wp-content\/uploads\/2022\/07\/640-0-atentati-milot.jpg\" alt=\"\" width=\"640\" height=\"360\" srcset=\"https:\/\/www.hashtag.al\/wp-content\/uploads\/2022\/07\/640-0-atentati-milot.jpg 640w, https:\/\/www.hashtag.al\/wp-content\/uploads\/2022\/07\/640-0-atentati-milot-300x169.jpg 300w\" sizes=\"auto, (max-width: 640px) 100vw, 640px\" \/><\/span><\/p>\n<p style=\"text-align: justify;\"><span style=\"color: #000000;\">46-vje\u00e7ari Ylli Brahimi \u00ebsht\u00eb nj\u00eb nga t\u00eb plagosurit t\u00eb ndodhur n\u00eb Milot s\u00eb bashku me Klisman Precin.<\/span><\/p>\n<p style=\"text-align: justify;\"><span style=\"color: #000000;\">I plagosuri nj\u00eb vit m\u00eb par\u00eb i shp\u00ebtoi nj\u00eb tjet\u00ebr atentati po n\u00eb Milot.<\/span><\/p>\n<p style=\"text-align: justify;\"><span style=\"color: #000000;\">Brahimi njihet si nj\u00eb nga personat m\u00eb t\u00eb af\u00ebrt t\u00eb Ervis Martinajt.<\/span><\/p>\n<p style=\"text-align: justify;\"><span style=\"color: #000000;\">Brahimi \u00ebsht\u00eb me precedent\u00eb t\u00eb m\u00ebparsh\u00ebm penal\u00eb pasi ka kryer vujtje d\u00ebnimi n\u00eb periudh\u00ebn 2007-2012.<\/span><\/p>\n<p style=\"text-align: justify;\"><span style=\"color: #000000;\">Vet\u00ebm 5 dit\u00eb m\u00eb par\u00eb u vra Brilant Martinaj kush\u00ebriri i Ervis Martinajt n\u00eb nj\u00eb atentat n\u00eb Fush\u00eb Kruj\u00eb. ku mbet\u00ebn t\u00eb vrar\u00eb edhe Diklent Vata e Besmir Hoxha.<\/span><\/p>\n<p style=\"text-align: justify;\"><span style=\"color: #000000;\">Edhe Klisman Pre\u00e7i i ka shp\u00ebtuar nj\u00eb atentati dy muaj m\u00eb par\u00eb teksa ishte duke udh\u00ebtuar n\u00eb makin\u00eb me kush\u00ebririn e tij Blerim Pre\u00e7. Ata u q\u00eblluan teksa makina e tyre e mark\u00ebs Mercedes Benz tip ML ishte n\u00eb l\u00ebvizje n\u00eb Lezh\u00eb dhe u gjend\u00ebn n\u00eb bresh\u00ebrin\u00eb e plumbave. I riu Blerim Pre\u00e7i manovroi dhe doli nga rruga, l\u00ebvizje q\u00eb e shp\u00ebtoi nga plumbat bashk\u00eb me kush\u00ebririn e tij.<\/span><\/p>\n<p><span style=\"color: #000000;\"><strong>Atentati ndaj Ylli Brahimit nj\u00eb vit m\u00eb par\u00eb<\/strong><\/span><\/p>\n<p><span style=\"color: #000000;\">Ylli Brahimi, ishte duke ecur n\u00eb trotuar n\u00eb shoq\u00ebrin\u00eb e dy personave t\u00eb tjer\u00eb kur u sulmuan nga agresor\u00ebt q\u00eb ndodheshin n\u00eb motor.\u00a0<\/span><\/p>\n<p><span style=\"color: #000000;\">T\u00eb dy shok\u00ebt e Brahimit, kan\u00eb mundur t\u00eb shp\u00ebtojn\u00eb mrekullisht, edhe pse ishin shum\u00eb af\u00ebr dhe drejt rrezes s\u00eb plumbave t\u00eb q\u00eblluar nga nj\u00ebri prej personave q\u00eb ndodhej n\u00eb motor. Policia e La\u00e7it, tha n\u00eb at\u00eb koh\u00eb se drejt Brahimit, u q\u00ebllua mbi 15 her\u00eb.\/\u00a0<strong>Hashtag.al<\/strong><\/span><\/p>\n<p><iframe loading=\"lazy\" title=\"Ora News - Skuad\u00ebr me 4 persona p\u00ebr t\u00eb ekzekutuar Ylli Ibrahimin, u nis\u00ebn nga Tirana n\u00eb Milot\" src=\"https:\/\/www.youtube.com\/embed\/q2T43BZBZr4\" width=\"560\" height=\"315\" frameborder=\"0\" allowfullscreen=\"allowfullscreen\"><\/iframe><\/p>\n<p><em>Video publikuar nga Ora News<\/em><\/p>\n","protected":false,"gt_translate_keys":[{"key":"rendered","format":"html"}]},"excerpt":{"rendered":"<p>46-vje\u00e7ari Ylli Brahimi \u00ebsht\u00eb nj\u00eb nga t\u00eb plagosurit t\u00eb ndodhur n\u00eb Milot s\u00eb bashku me Klisman Precin. I plagosuri nj\u00eb vit m\u00eb par\u00eb i shp\u00ebtoi nj\u00eb tjet\u00ebr atentati po n\u00eb Milot. Brahimi njihet si nj\u00eb nga personat m\u00eb t\u00eb af\u00ebrt t\u00eb Ervis Martinajt. Brahimi \u00ebsht\u00eb me precedent\u00eb t\u00eb m\u00ebparsh\u00ebm penal\u00eb pasi ka kryer vujtje d\u00ebnimi [&hellip;]<\/p>\n","protected":false,"gt_translate_keys":[{"key":"rendered","format":"html"}]},"author":32,"featured_media":537413,"comment_status":"closed","ping_status":"closed","sticky":false,"template":"","format":"standard","meta":{"footnotes":""},"categories":[65,13],"tags":[],"class_list":["post-537412","post","type-post","status-publish","format-standard","has-post-thumbnail","hentry","category-lajme","category-te-fundit"],"gt_translate_keys":[{"key":"link","format":"url"}],"_links":{"self":[{"href":"https:\/\/www.hashtag.al\/index.php\/wp-json\/wp\/v2\/posts\/537412","targetHints":{"allow":["GET"]}}],"collection":[{"href":"https:\/\/www.hashtag.al\/index.php\/wp-json\/wp\/v2\/posts"}],"about":[{"href":"https:\/\/www.hashtag.al\/index.php\/wp-json\/wp\/v2\/types\/post"}],"author":[{"embeddable":true,"href":"https:\/\/www.hashtag.al\/index.php\/wp-json\/wp\/v2\/users\/32"}],"replies":[{"embeddable":true,"href":"https:\/\/www.hashtag.al\/index.php\/wp-json\/wp\/v2\/comments?post=537412"}],"version-history":[{"count":0,"href":"https:\/\/www.hashtag.al\/index.php\/wp-json\/wp\/v2\/posts\/537412\/revisions"}],"wp:featuredmedia":[{"embeddable":true,"href":"https:\/\/www.hashtag.al\/index.php\/wp-json\/wp\/v2\/media\/537413"}],"wp:attachment":[{"href":"https:\/\/www.hashtag.al\/index.php\/wp-json\/wp\/v2\/media?parent=537412"}],"wp:term":[{"taxonomy":"category","embeddable":true,"href":"https:\/\/www.hashtag.al\/index.php\/wp-json\/wp\/v2\/categories?post=537412"},{"taxonomy":"post_tag","embeddable":true,"href":"https:\/\/www.hashtag.al\/index.php\/wp-json\/wp\/v2\/tags?post=537412"}],"curies":[{"name":"wp","href":"https:\/\/api.w.org\/{rel}","templated":true}]}}