{"id":537405,"date":"2022-07-22T21:25:23","date_gmt":"2022-07-22T19:25:23","guid":{"rendered":"https:\/\/www.hashtag.al\/?p=537405"},"modified":"2022-07-22T21:54:49","modified_gmt":"2022-07-22T19:54:49","slug":"te-shtena-me-arme-ne-milot-raportohet-per-dy-viktima","status":"publish","type":"post","link":"https:\/\/www.hashtag.al\/index.php\/2022\/07\/22\/te-shtena-me-arme-ne-milot-raportohet-per-dy-viktima\/","title":{"rendered":"T\u00eb sht\u00ebna me arm\u00eb n\u00eb Milot, raportohet p\u00ebr dy t\u00eb plagosur","gt_translate_keys":[{"key":"rendered","format":"text"}]},"content":{"rendered":"<p style=\"text-align: justify;\"><span style=\"color: #000000;\"><img loading=\"lazy\" decoding=\"async\" class=\"aligncenter size-full wp-image-537406\" src=\"https:\/\/www.hashtag.al\/wp-content\/uploads\/2022\/07\/lac.jpg\" alt=\"\" width=\"780\" height=\"440\" srcset=\"https:\/\/www.hashtag.al\/wp-content\/uploads\/2022\/07\/lac.jpg 780w, https:\/\/www.hashtag.al\/wp-content\/uploads\/2022\/07\/lac-300x169.jpg 300w, https:\/\/www.hashtag.al\/wp-content\/uploads\/2022\/07\/lac-768x433.jpg 768w\" sizes=\"auto, (max-width: 780px) 100vw, 780px\" \/><\/span><\/p>\n<p><span style=\"color: #000000;\">T\u00eb sht\u00ebna me arm\u00eb kan\u00eb ndodhur n\u00eb Milot t\u00eb Kurbinit.<\/span><\/p>\n<p style=\"text-align: justify;\"><span style=\"color: #000000;\">Raportohet se jan\u00eb plagosur r\u00ebnd\u00eb dy persona.<\/span><\/p>\n<p style=\"text-align: justify;\"><span style=\"color: #000000;\">Report Tv raporton se kan\u00eb mbetur t\u00eb plagosur Ylli Brahimi si dhe Klisman Pre\u00e7i.<\/span><\/p>\n<p style=\"text-align: justify;\"><span style=\"color: #000000;\">Ylli Brahimi i ka shp\u00ebtuar edhe nj\u00eb atentati m\u00eb 12 janar t\u00eb vitit 2021, nd\u00ebrsa Pre\u00e7i i mbijetoi nj\u00eb atentati dy muaj m\u00eb par\u00eb.<\/span><\/p>\n<p style=\"text-align: justify;\"><span style=\"color: #000000;\">Brahimi njohet si njohje e Ervis Martinajt.\u00a0<\/span><\/p>\n<p><span style=\"color: #000000;\">Nd\u00ebrkoh\u00eb vet\u00ebm 5 dit\u00eb m\u00eb par\u00eb u vra Brilant Martinaj kush\u00ebriri i Ervis Martinajt n\u00eb nj\u00eb atentat ku mbet\u00ebn t\u00eb vrar\u00eb edhe dy persona t\u00eb tjer\u00eb.<\/span><\/p>\n","protected":false,"gt_translate_keys":[{"key":"rendered","format":"html"}]},"excerpt":{"rendered":"<p>T\u00eb sht\u00ebna me arm\u00eb kan\u00eb ndodhur n\u00eb Milot t\u00eb Kurbinit. Raportohet se jan\u00eb plagosur r\u00ebnd\u00eb dy persona. Report Tv raporton se kan\u00eb mbetur t\u00eb plagosur Ylli Brahimi si dhe Klisman Pre\u00e7i. Ylli Brahimi i ka shp\u00ebtuar edhe nj\u00eb atentati m\u00eb 12 janar t\u00eb vitit 2021, nd\u00ebrsa Pre\u00e7i i mbijetoi nj\u00eb atentati dy muaj m\u00eb par\u00eb. [&hellip;]<\/p>\n","protected":false,"gt_translate_keys":[{"key":"rendered","format":"html"}]},"author":32,"featured_media":537406,"comment_status":"closed","ping_status":"closed","sticky":false,"template":"","format":"standard","meta":{"footnotes":""},"categories":[65,13],"tags":[],"class_list":["post-537405","post","type-post","status-publish","format-standard","has-post-thumbnail","hentry","category-lajme","category-te-fundit"],"gt_translate_keys":[{"key":"link","format":"url"}],"_links":{"self":[{"href":"https:\/\/www.hashtag.al\/index.php\/wp-json\/wp\/v2\/posts\/537405","targetHints":{"allow":["GET"]}}],"collection":[{"href":"https:\/\/www.hashtag.al\/index.php\/wp-json\/wp\/v2\/posts"}],"about":[{"href":"https:\/\/www.hashtag.al\/index.php\/wp-json\/wp\/v2\/types\/post"}],"author":[{"embeddable":true,"href":"https:\/\/www.hashtag.al\/index.php\/wp-json\/wp\/v2\/users\/32"}],"replies":[{"embeddable":true,"href":"https:\/\/www.hashtag.al\/index.php\/wp-json\/wp\/v2\/comments?post=537405"}],"version-history":[{"count":0,"href":"https:\/\/www.hashtag.al\/index.php\/wp-json\/wp\/v2\/posts\/537405\/revisions"}],"wp:featuredmedia":[{"embeddable":true,"href":"https:\/\/www.hashtag.al\/index.php\/wp-json\/wp\/v2\/media\/537406"}],"wp:attachment":[{"href":"https:\/\/www.hashtag.al\/index.php\/wp-json\/wp\/v2\/media?parent=537405"}],"wp:term":[{"taxonomy":"category","embeddable":true,"href":"https:\/\/www.hashtag.al\/index.php\/wp-json\/wp\/v2\/categories?post=537405"},{"taxonomy":"post_tag","embeddable":true,"href":"https:\/\/www.hashtag.al\/index.php\/wp-json\/wp\/v2\/tags?post=537405"}],"curies":[{"name":"wp","href":"https:\/\/api.w.org\/{rel}","templated":true}]}}