{"id":537210,"date":"2022-07-21T21:57:08","date_gmt":"2022-07-21T19:57:08","guid":{"rendered":"https:\/\/www.hashtag.al\/?p=537210"},"modified":"2022-07-21T21:57:08","modified_gmt":"2022-07-21T19:57:08","slug":"meta-takim-vellazeror-me-deputetin-e-lugines-se-presheves-e-garantova-per-mbeshtetje-te-plote","status":"publish","type":"post","link":"https:\/\/www.hashtag.al\/index.php\/2022\/07\/21\/meta-takim-vellazeror-me-deputetin-e-lugines-se-presheves-e-garantova-per-mbeshtetje-te-plote\/","title":{"rendered":"Meta takim v\u00ebllaz\u00ebror me deputetin e Lugin\u00ebs s\u00eb Preshev\u00ebs: E garantova p\u00ebr mb\u00ebshtetje t\u00eb plot\u00eb","gt_translate_keys":[{"key":"rendered","format":"text"}]},"content":{"rendered":"<p style=\"text-align: justify;\"><span style=\"color: #000000;\"><img loading=\"lazy\" decoding=\"async\" class=\"aligncenter size-full wp-image-537211\" src=\"https:\/\/www.hashtag.al\/wp-content\/uploads\/2022\/07\/kamberi.jpg\" alt=\"\" width=\"867\" height=\"655\" srcset=\"https:\/\/www.hashtag.al\/wp-content\/uploads\/2022\/07\/kamberi.jpg 867w, https:\/\/www.hashtag.al\/wp-content\/uploads\/2022\/07\/kamberi-300x227.jpg 300w, https:\/\/www.hashtag.al\/wp-content\/uploads\/2022\/07\/kamberi-768x580.jpg 768w\" sizes=\"auto, (max-width: 867px) 100vw, 867px\" \/><\/span><\/p>\n<p style=\"text-align: justify;\"><span style=\"color: #000000;\">Presidenti Ilir Meta ka zhvilluar nj\u00eb takim v\u00ebllaz\u00ebror me deputetin e Lugin\u00ebs s\u00eb Preshev\u00ebs Shaip Kamberi p\u00ebrpara nisjes n\u00eb Prishtin\u00eb p\u00ebr vizit\u00eb zyrtare n\u00eb Kosov\u00eb.<\/span><\/p>\n<p style=\"text-align: justify;\"><span style=\"color: #000000;\">Meta e garantoi Kamberin p\u00ebr mb\u00ebshtetje t\u00eb plot\u00eb t\u00eb t\u00eb drejtave t\u00eb shqiptar\u00ebve t\u00eb Lugin\u00ebs s\u00eb Preshev\u00ebs.<\/span><\/p>\n<p style=\"text-align: justify;\"><span style=\"color: #000000;\">Presidenti Meta mb\u00ebshtet plot\u00ebsisht k\u00ebrkesat e popullsis\u00eb shqiptare n\u00eb Bujanovc, Preshev\u00eb e Medvegj\u00eb p\u00ebr p\u00ebrmir\u00ebsimin e kushte socio-ekonomike dhe politike.<\/span><\/p>\n<p style=\"text-align: justify;\"><span style=\"color: #000000;\">\u201c<em>Shum\u00eb i lumtur t\u00eb takoja sonte v\u00ebllaz\u00ebrisht n\u00eb Prishtin\u00eb, p\u00ebrpara nisjes s\u00eb vizit\u00ebs time zyrtare n\u00eb Kosov\u00eb, deputetin e Lugin\u00ebs s\u00eb Preshev\u00ebs, z.Shaip Kamberi.<\/em><\/span><\/p>\n<p style=\"text-align: justify;\"><span style=\"color: #000000;\"><em>E urova p\u00ebrzem\u00ebrsisht p\u00ebr fitoren e mandatit n\u00eb Kuvendin e Serbis\u00eb dhe e garantova p\u00ebr mb\u00ebshtetje t\u00eb plot\u00eb n\u00eb mbrojtje t\u00eb t\u00eb drejtave t\u00eb shqiptar\u00ebve t\u00eb Lugin\u00ebs s\u00eb Preshev\u00ebs, q\u00eb gjithmon\u00eb do t\u00eb jen\u00eb n\u00eb v\u00ebmendjen time.<\/em><\/span><\/p>\n<p style=\"text-align: justify;\"><span style=\"color: #000000;\"><em>Mb\u00ebshtes plot\u00ebsisht k\u00ebrkesat legjitime t\u00eb popullsis\u00eb shqiptare n\u00eb Preshev\u00eb, Bujanovc dhe Medvegj\u00eb p\u00ebr p\u00ebrmir\u00ebsimin e kushteve ekonomike, sociale dhe politike, pjes\u00ebmarrje n\u00eb institucionet vendore dhe garantimit t\u00eb plot\u00eb t\u00eb t\u00eb drejtave t\u00eb pakicave sipas standardeve europiane<\/em>\u201d-shkruan Meta.<\/span><\/p>\n<p style=\"text-align: justify;\"><img loading=\"lazy\" decoding=\"async\" class=\"aligncenter size-full wp-image-537212\" src=\"https:\/\/www.hashtag.al\/wp-content\/uploads\/2022\/07\/294980632_597943665034206_9194936485033967516_n.jpg\" alt=\"\" width=\"1243\" height=\"1240\" srcset=\"https:\/\/www.hashtag.al\/wp-content\/uploads\/2022\/07\/294980632_597943665034206_9194936485033967516_n.jpg 1243w, https:\/\/www.hashtag.al\/wp-content\/uploads\/2022\/07\/294980632_597943665034206_9194936485033967516_n-300x300.jpg 300w, https:\/\/www.hashtag.al\/wp-content\/uploads\/2022\/07\/294980632_597943665034206_9194936485033967516_n-1024x1022.jpg 1024w, https:\/\/www.hashtag.al\/wp-content\/uploads\/2022\/07\/294980632_597943665034206_9194936485033967516_n-150x150.jpg 150w, https:\/\/www.hashtag.al\/wp-content\/uploads\/2022\/07\/294980632_597943665034206_9194936485033967516_n-768x766.jpg 768w, https:\/\/www.hashtag.al\/wp-content\/uploads\/2022\/07\/294980632_597943665034206_9194936485033967516_n-600x600.jpg 600w, https:\/\/www.hashtag.al\/wp-content\/uploads\/2022\/07\/294980632_597943665034206_9194936485033967516_n-180x180.jpg 180w, https:\/\/www.hashtag.al\/wp-content\/uploads\/2022\/07\/294980632_597943665034206_9194936485033967516_n-80x80.jpg 80w\" sizes=\"auto, (max-width: 1243px) 100vw, 1243px\" \/><img loading=\"lazy\" decoding=\"async\" class=\"aligncenter size-full wp-image-537213\" src=\"https:\/\/www.hashtag.al\/wp-content\/uploads\/2022\/07\/294971157_597943761700863_1315406428758602965_n.jpg\" alt=\"\" width=\"1280\" height=\"1095\" srcset=\"https:\/\/www.hashtag.al\/wp-content\/uploads\/2022\/07\/294971157_597943761700863_1315406428758602965_n.jpg 1280w, https:\/\/www.hashtag.al\/wp-content\/uploads\/2022\/07\/294971157_597943761700863_1315406428758602965_n-300x257.jpg 300w, https:\/\/www.hashtag.al\/wp-content\/uploads\/2022\/07\/294971157_597943761700863_1315406428758602965_n-1024x876.jpg 1024w, https:\/\/www.hashtag.al\/wp-content\/uploads\/2022\/07\/294971157_597943761700863_1315406428758602965_n-768x657.jpg 768w\" sizes=\"auto, (max-width: 1280px) 100vw, 1280px\" \/><\/p>\n","protected":false,"gt_translate_keys":[{"key":"rendered","format":"html"}]},"excerpt":{"rendered":"<p>Presidenti Ilir Meta ka zhvilluar nj\u00eb takim v\u00ebllaz\u00ebror me deputetin e Lugin\u00ebs s\u00eb Preshev\u00ebs Shaip Kamberi p\u00ebrpara nisjes n\u00eb Prishtin\u00eb p\u00ebr vizit\u00eb zyrtare n\u00eb Kosov\u00eb. Meta e garantoi Kamberin p\u00ebr mb\u00ebshtetje t\u00eb plot\u00eb t\u00eb t\u00eb drejtave t\u00eb shqiptar\u00ebve t\u00eb Lugin\u00ebs s\u00eb Preshev\u00ebs. Presidenti Meta mb\u00ebshtet plot\u00ebsisht k\u00ebrkesat e popullsis\u00eb shqiptare n\u00eb Bujanovc, Preshev\u00eb e Medvegj\u00eb [&hellip;]<\/p>\n","protected":false,"gt_translate_keys":[{"key":"rendered","format":"html"}]},"author":32,"featured_media":537211,"comment_status":"closed","ping_status":"closed","sticky":false,"template":"","format":"standard","meta":{"footnotes":""},"categories":[65,13],"tags":[],"class_list":["post-537210","post","type-post","status-publish","format-standard","has-post-thumbnail","hentry","category-lajme","category-te-fundit"],"gt_translate_keys":[{"key":"link","format":"url"}],"_links":{"self":[{"href":"https:\/\/www.hashtag.al\/index.php\/wp-json\/wp\/v2\/posts\/537210","targetHints":{"allow":["GET"]}}],"collection":[{"href":"https:\/\/www.hashtag.al\/index.php\/wp-json\/wp\/v2\/posts"}],"about":[{"href":"https:\/\/www.hashtag.al\/index.php\/wp-json\/wp\/v2\/types\/post"}],"author":[{"embeddable":true,"href":"https:\/\/www.hashtag.al\/index.php\/wp-json\/wp\/v2\/users\/32"}],"replies":[{"embeddable":true,"href":"https:\/\/www.hashtag.al\/index.php\/wp-json\/wp\/v2\/comments?post=537210"}],"version-history":[{"count":0,"href":"https:\/\/www.hashtag.al\/index.php\/wp-json\/wp\/v2\/posts\/537210\/revisions"}],"wp:featuredmedia":[{"embeddable":true,"href":"https:\/\/www.hashtag.al\/index.php\/wp-json\/wp\/v2\/media\/537211"}],"wp:attachment":[{"href":"https:\/\/www.hashtag.al\/index.php\/wp-json\/wp\/v2\/media?parent=537210"}],"wp:term":[{"taxonomy":"category","embeddable":true,"href":"https:\/\/www.hashtag.al\/index.php\/wp-json\/wp\/v2\/categories?post=537210"},{"taxonomy":"post_tag","embeddable":true,"href":"https:\/\/www.hashtag.al\/index.php\/wp-json\/wp\/v2\/tags?post=537210"}],"curies":[{"name":"wp","href":"https:\/\/api.w.org\/{rel}","templated":true}]}}