{"id":537006,"date":"2022-07-20T08:55:54","date_gmt":"2022-07-20T06:55:54","guid":{"rendered":"https:\/\/www.hashtag.al\/?p=537006"},"modified":"2022-07-20T08:55:54","modified_gmt":"2022-07-20T06:55:54","slug":"bota-duhet-te-zgjedhe-midis-veprimit-kolektiv-ose-vetevrasjes-kolektive-per-ndryshimet-klimatike-shefi-i-okb-se","status":"publish","type":"post","link":"https:\/\/www.hashtag.al\/index.php\/2022\/07\/20\/bota-duhet-te-zgjedhe-midis-veprimit-kolektiv-ose-vetevrasjes-kolektive-per-ndryshimet-klimatike-shefi-i-okb-se\/","title":{"rendered":"\u201cBota duhet t\u00eb zgjedh\u00eb midis veprimit kolektiv ose vet\u00ebvrasjes kolektive p\u00ebr ndryshimet klimatike &#8221; &#8211; Shefi i OKB-s\u00eb","gt_translate_keys":[{"key":"rendered","format":"text"}]},"content":{"rendered":"<p><span style=\"color: #000000;\"><img loading=\"lazy\" decoding=\"async\" class=\"aligncenter size-full wp-image-537008\" src=\"https:\/\/www.hashtag.al\/wp-content\/uploads\/2022\/07\/okb.png\" alt=\"\" width=\"768\" height=\"432\" srcset=\"https:\/\/www.hashtag.al\/wp-content\/uploads\/2022\/07\/okb.png 768w, https:\/\/www.hashtag.al\/wp-content\/uploads\/2022\/07\/okb-300x169.png 300w\" sizes=\"auto, (max-width: 768px) 100vw, 768px\" \/><\/span><\/p>\n<p><span style=\"color: #000000;\">Bota ka nj\u00eb zgjedhje midis \u2018veprimeve kolektive dhe vet\u00ebvrasjes kolektive\u2019 dhe duhet t\u00eb veproj\u00eb menj\u00ebher\u00eb p\u00ebr t\u00eb adresuar ndryshimet klimatike, tha Sekretari i P\u00ebrgjithsh\u00ebm i OKB-s\u00eb Antonio Guterres n\u00eb nj\u00eb mesazh p\u00ebr Dialogun e Klim\u00ebs n\u00eb Petersberg n\u00eb Berlin, Gjermani.<\/span><\/p>\n<p><span style=\"color: #000000;\"><em>\u201cP\u00ebrqendrimet e gazit serr\u00eb, rritja e nivelit t\u00eb detit dhe nxeht\u00ebsia e oqeanit kan\u00eb thyer rekorde t\u00eb reja. Gjysma e njer\u00ebzimit \u00ebsht\u00eb n\u00eb zon\u00ebn e rrezikut nga p\u00ebrmbytjet, that\u00ebsirat, stuhit\u00eb ekstreme dhe zjarret. Asnj\u00eb komb nuk \u00ebsht\u00eb i mbrojtur.\u201d &#8211; <\/em>tha Guterres n\u00eb nj\u00eb video-mesazh.<\/span><\/p>\n<p><span style=\"color: #000000;\"><em>\u201cAjo q\u00eb m\u00eb shqet\u00ebson m\u00eb shum\u00eb \u00ebsht\u00eb se, duke p\u00ebrballuar k\u00ebt\u00eb kriz\u00eb globale, ne po d\u00ebshtojm\u00eb t\u00eb punojm\u00eb s\u00eb bashku si nj\u00eb komunitet shum\u00ebpal\u00ebsh. Kombet vazhdojn\u00eb t\u00eb luajn\u00eb loj\u00ebn e fajit n\u00eb vend q\u00eb t\u00eb marrin p\u00ebrgjegj\u00ebsin\u00eb p\u00ebr t\u00eb ardhmen ton\u00eb kolektive. Ne nuk mund t\u00eb vazhdojm\u00eb n\u00eb k\u00ebt\u00eb m\u00ebnyr\u00eb.\u201d<\/em> &#8211; shtoi zyrtari i lart\u00eb i OKB-s\u00eb.<\/span><br \/>\n<span style=\"color: #000000;\"><em>\u201cKjo duhet t\u00eb jet\u00eb dekada e veprimit vendimtar p\u00ebr klim\u00ebn. Kjo do t\u00eb thot\u00eb besim, multilateraliz\u00ebm dhe bashk\u00ebpunim. Ne kemi nj\u00eb zgjedhje. Veprim kolektiv ose vet\u00ebvrasje kolektive.\u201d\u00ad<\/em> &#8211; theksoi ai.<\/span><\/p>\n<p><span style=\"color: #000000;\">Guterres k\u00ebmb\u00ebnguli se vendet e bot\u00ebs \u2018duhet t\u00eb rind\u00ebrtojn\u00eb besimin dhe t\u00eb bashkohen\u2019 p\u00ebr t\u00eb krijuar nj\u00eb \u2018p\u00ebrgjigje konkrete globale\u2019 mbi klim\u00ebn, duke p\u00ebrfshir\u00eb dh\u00ebnien e ndihm\u00ebs financiare p\u00ebr ata q\u00eb preken m\u00eb shum\u00eb nga ngjarjet mjedisore.<\/span><\/p>\n<p><span style=\"color: #000000;\">Takimi n\u00eb Gjermani mblodhi p\u00ebrfaq\u00ebsues nga 40 vende p\u00ebr t\u00eb diskutuar p\u00ebrparimin n\u00eb zbatimin e marr\u00ebveshjeve klimatike, pak\u00ebsimin e p\u00ebrdorimit t\u00eb l\u00ebnd\u00ebve djeg\u00ebse fosile dhe promovimin e kalimit n\u00eb \u2018burime t\u00eb q\u00ebndrueshme t\u00eb energjis\u00eb\u2019 n\u00eb m\u00ebnyr\u00eb q\u00eb t\u00eb kufizohet ngrohja globale n\u00eb 1.5\u00b0C, si\u00e7 ishte r\u00ebn\u00eb dakord n\u00eb vitin e kaluar n\u00eb samitin e klim\u00ebs COP26 n\u00eb Skoci.<\/span><\/p>\n<p><span style=\"color: #000000;\">N\u00eb fillim t\u00eb k\u00ebtij muaji, Guterres b\u00ebri thirrje p\u00ebr nj\u00eb \u2018revolucion t\u00eb energjis\u00eb s\u00eb rinovueshme\u2019 dhe k\u00ebrkoi nj\u00eb moratorium mbi termocentralet e qymyrit dhe \u00e7do k\u00ebrkim t\u00eb m\u00ebtejsh\u00ebm t\u00eb naft\u00ebs dhe gazit n\u00eb mbar\u00eb bot\u00ebn. Komentet e tij vijn\u00eb mes trazirave n\u00eb disa vende q\u00eb jan\u00eb p\u00ebrpjekur t\u00eb zbatojn\u00eb reforma n\u00eb em\u00ebr t\u00eb frenimit t\u00eb ngrohjes globale.<\/span><\/p>\n<p><span style=\"color: #000000;\">Qeveria e Sri Lank\u00ebs, e cila kishte ndaluar plehrat industriale, u rr\u00ebzua jav\u00ebn e kaluar nga turmat q\u00eb protestonin ndaj munges\u00ebs s\u00eb ushqimit dhe karburantit. Fermer\u00ebt n\u00eb Holand\u00eb q\u00eb protestojn\u00eb p\u00ebr kufizimet e emetimeve jan\u00eb p\u00ebrleshur me policin\u00eb, nd\u00ebrsa plani i Gan\u00ebs p\u00ebr t\u00eb kaluar n\u00eb energjin\u00eb \u2018e gjelb\u00ebr\u2019 e ka l\u00ebn\u00eb vendin afrikan t\u00eb p\u00ebrballet me nd\u00ebrprerje t\u00eb gjata energjie.<\/span><\/p>\n<div style=\"width: 640px;\" class=\"wp-video\"><video class=\"wp-video-shortcode\" id=\"video-537006-1\" width=\"640\" height=\"360\" preload=\"metadata\" controls=\"controls\"><source type=\"video\/mp4\" src=\"https:\/\/www.hashtag.al\/wp-content\/uploads\/2022\/07\/okb.mp4?_=1\" \/><a href=\"https:\/\/www.hashtag.al\/wp-content\/uploads\/2022\/07\/okb.mp4\">https:\/\/www.hashtag.al\/wp-content\/uploads\/2022\/07\/okb.mp4<\/a><\/video><\/div>\n","protected":false,"gt_translate_keys":[{"key":"rendered","format":"html"}]},"excerpt":{"rendered":"<p>Bota ka nj\u00eb zgjedhje midis \u2018veprimeve kolektive dhe vet\u00ebvrasjes kolektive\u2019 dhe duhet t\u00eb veproj\u00eb menj\u00ebher\u00eb p\u00ebr t\u00eb adresuar ndryshimet klimatike, tha Sekretari i P\u00ebrgjithsh\u00ebm i OKB-s\u00eb Antonio Guterres n\u00eb nj\u00eb mesazh p\u00ebr Dialogun e Klim\u00ebs n\u00eb Petersberg n\u00eb Berlin, Gjermani. \u201cP\u00ebrqendrimet e gazit serr\u00eb, rritja e nivelit t\u00eb detit dhe nxeht\u00ebsia e oqeanit kan\u00eb thyer [&hellip;]<\/p>\n","protected":false,"gt_translate_keys":[{"key":"rendered","format":"html"}]},"author":51,"featured_media":537008,"comment_status":"closed","ping_status":"closed","sticky":false,"template":"","format":"standard","meta":{"footnotes":""},"categories":[53],"tags":[],"class_list":["post-537006","post","type-post","status-publish","format-standard","has-post-thumbnail","hentry","category-fast-foodi"],"gt_translate_keys":[{"key":"link","format":"url"}],"_links":{"self":[{"href":"https:\/\/www.hashtag.al\/index.php\/wp-json\/wp\/v2\/posts\/537006","targetHints":{"allow":["GET"]}}],"collection":[{"href":"https:\/\/www.hashtag.al\/index.php\/wp-json\/wp\/v2\/posts"}],"about":[{"href":"https:\/\/www.hashtag.al\/index.php\/wp-json\/wp\/v2\/types\/post"}],"author":[{"embeddable":true,"href":"https:\/\/www.hashtag.al\/index.php\/wp-json\/wp\/v2\/users\/51"}],"replies":[{"embeddable":true,"href":"https:\/\/www.hashtag.al\/index.php\/wp-json\/wp\/v2\/comments?post=537006"}],"version-history":[{"count":0,"href":"https:\/\/www.hashtag.al\/index.php\/wp-json\/wp\/v2\/posts\/537006\/revisions"}],"wp:featuredmedia":[{"embeddable":true,"href":"https:\/\/www.hashtag.al\/index.php\/wp-json\/wp\/v2\/media\/537008"}],"wp:attachment":[{"href":"https:\/\/www.hashtag.al\/index.php\/wp-json\/wp\/v2\/media?parent=537006"}],"wp:term":[{"taxonomy":"category","embeddable":true,"href":"https:\/\/www.hashtag.al\/index.php\/wp-json\/wp\/v2\/categories?post=537006"},{"taxonomy":"post_tag","embeddable":true,"href":"https:\/\/www.hashtag.al\/index.php\/wp-json\/wp\/v2\/tags?post=537006"}],"curies":[{"name":"wp","href":"https:\/\/api.w.org\/{rel}","templated":true}]}}