{"id":536978,"date":"2022-07-19T22:07:55","date_gmt":"2022-07-19T20:07:55","guid":{"rendered":"https:\/\/www.hashtag.al\/?p=536978"},"modified":"2022-07-19T22:07:55","modified_gmt":"2022-07-19T20:07:55","slug":"tirana-humbet-ndeshjen-e-pare-ne-ligen-e-konferences","status":"publish","type":"post","link":"https:\/\/www.hashtag.al\/index.php\/2022\/07\/19\/tirana-humbet-ndeshjen-e-pare-ne-ligen-e-konferences\/","title":{"rendered":"Tirana humbet ndeshjen e par\u00eb n\u00eb Lig\u00ebn e Konferenc\u00ebs","gt_translate_keys":[{"key":"rendered","format":"text"}]},"content":{"rendered":"<p style=\"text-align: justify;\"><span style=\"color: #000000;\"><img loading=\"lazy\" decoding=\"async\" class=\"aligncenter size-full wp-image-536979\" src=\"https:\/\/www.hashtag.al\/wp-content\/uploads\/2022\/07\/Screenshot_1-216-600x360-1.png\" alt=\"\" width=\"600\" height=\"360\" srcset=\"https:\/\/www.hashtag.al\/wp-content\/uploads\/2022\/07\/Screenshot_1-216-600x360-1.png 600w, https:\/\/www.hashtag.al\/wp-content\/uploads\/2022\/07\/Screenshot_1-216-600x360-1-300x180.png 300w\" sizes=\"auto, (max-width: 600px) 100vw, 600px\" \/><\/span><\/p>\n<p style=\"text-align: justify;\"><span style=\"color: #000000;\">Tirana ka p\u00ebsuar humbje q\u00eb n\u00eb ndeshjen e par\u00eb t\u00eb raundit t\u00eb dyt\u00eb kualifikues n\u00eb Lig\u00ebn e Konferenc\u00ebs.<\/span><\/p>\n<p style=\"text-align: justify;\"><span style=\"color: #000000;\">Bardh e blut\u00eb u mposht\u00ebn minimalisht nga Zrinjski.<\/span><\/p>\n<p style=\"text-align: justify;\"><span style=\"color: #000000;\">Ndeshja e zhvilluar sonte n\u00eb \u201cAir Albania Stadium\u201d p\u00ebrfundoi me rezultatin 0:1.<\/span><\/p>\n<p style=\"text-align: justify;\"><span style=\"color: #000000;\">Golin e vet\u00ebm dhe t\u00eb fitores p\u00ebr skuadr\u00ebn boshnjake e sh\u00ebnoi Nemanja Bilbija, nga penalltia \u2013 n\u00eb minut\u00ebn e 12-t\u00eb.<\/span><\/p>\n<p style=\"text-align: justify;\"><span style=\"color: #000000;\">Ndeshja e kthimit do t\u00eb zhvillohet pas nj\u00eb jave n\u00eb Bosnje Hercegovin\u00eb.<\/span><\/p>\n","protected":false,"gt_translate_keys":[{"key":"rendered","format":"html"}]},"excerpt":{"rendered":"<p>Tirana ka p\u00ebsuar humbje q\u00eb n\u00eb ndeshjen e par\u00eb t\u00eb raundit t\u00eb dyt\u00eb kualifikues n\u00eb Lig\u00ebn e Konferenc\u00ebs. Bardh e blut\u00eb u mposht\u00ebn minimalisht nga Zrinjski. Ndeshja e zhvilluar sonte n\u00eb \u201cAir Albania Stadium\u201d p\u00ebrfundoi me rezultatin 0:1. Golin e vet\u00ebm dhe t\u00eb fitores p\u00ebr skuadr\u00ebn boshnjake e sh\u00ebnoi Nemanja Bilbija, nga penalltia \u2013 n\u00eb [&hellip;]<\/p>\n","protected":false,"gt_translate_keys":[{"key":"rendered","format":"html"}]},"author":32,"featured_media":536979,"comment_status":"closed","ping_status":"closed","sticky":false,"template":"","format":"standard","meta":{"footnotes":""},"categories":[134,13],"tags":[],"class_list":["post-536978","post","type-post","status-publish","format-standard","has-post-thumbnail","hentry","category-sport","category-te-fundit"],"gt_translate_keys":[{"key":"link","format":"url"}],"_links":{"self":[{"href":"https:\/\/www.hashtag.al\/index.php\/wp-json\/wp\/v2\/posts\/536978","targetHints":{"allow":["GET"]}}],"collection":[{"href":"https:\/\/www.hashtag.al\/index.php\/wp-json\/wp\/v2\/posts"}],"about":[{"href":"https:\/\/www.hashtag.al\/index.php\/wp-json\/wp\/v2\/types\/post"}],"author":[{"embeddable":true,"href":"https:\/\/www.hashtag.al\/index.php\/wp-json\/wp\/v2\/users\/32"}],"replies":[{"embeddable":true,"href":"https:\/\/www.hashtag.al\/index.php\/wp-json\/wp\/v2\/comments?post=536978"}],"version-history":[{"count":0,"href":"https:\/\/www.hashtag.al\/index.php\/wp-json\/wp\/v2\/posts\/536978\/revisions"}],"wp:featuredmedia":[{"embeddable":true,"href":"https:\/\/www.hashtag.al\/index.php\/wp-json\/wp\/v2\/media\/536979"}],"wp:attachment":[{"href":"https:\/\/www.hashtag.al\/index.php\/wp-json\/wp\/v2\/media?parent=536978"}],"wp:term":[{"taxonomy":"category","embeddable":true,"href":"https:\/\/www.hashtag.al\/index.php\/wp-json\/wp\/v2\/categories?post=536978"},{"taxonomy":"post_tag","embeddable":true,"href":"https:\/\/www.hashtag.al\/index.php\/wp-json\/wp\/v2\/tags?post=536978"}],"curies":[{"name":"wp","href":"https:\/\/api.w.org\/{rel}","templated":true}]}}