{"id":536973,"date":"2022-07-19T21:21:10","date_gmt":"2022-07-19T19:21:10","guid":{"rendered":"https:\/\/www.hashtag.al\/?p=536973"},"modified":"2022-07-19T21:21:10","modified_gmt":"2022-07-19T19:21:10","slug":"lajcak-kosova-dhe-serbia-dy-fjale-afer-ose-larg-marreveshjes-per-te-pagjeturit-eshte-dakordesuar-99-5-e-tekstit","status":"publish","type":"post","link":"https:\/\/www.hashtag.al\/index.php\/2022\/07\/19\/lajcak-kosova-dhe-serbia-dy-fjale-afer-ose-larg-marreveshjes-per-te-pagjeturit-eshte-dakordesuar-99-5-e-tekstit\/","title":{"rendered":"Laj\u00e7ak: Kosova dhe Serbia dy fjal\u00eb af\u00ebr ose larg marr\u00ebveshjes p\u00ebr t\u00eb pagjeturit, \u00ebsht\u00eb dakord\u00ebsuar 99.5% e tekstit","gt_translate_keys":[{"key":"rendered","format":"text"}]},"content":{"rendered":"<p style=\"text-align: justify;\"><span style=\"color: #000000;\"><img loading=\"lazy\" decoding=\"async\" class=\"aligncenter size-full wp-image-405872\" src=\"https:\/\/www.hashtag.al\/wp-content\/uploads\/2020\/10\/lajcak.jpeg\" alt=\"\" width=\"1200\" height=\"900\" srcset=\"https:\/\/www.hashtag.al\/wp-content\/uploads\/2020\/10\/lajcak.jpeg 1200w, https:\/\/www.hashtag.al\/wp-content\/uploads\/2020\/10\/lajcak-300x225.jpeg 300w, https:\/\/www.hashtag.al\/wp-content\/uploads\/2020\/10\/lajcak-768x576.jpeg 768w, https:\/\/www.hashtag.al\/wp-content\/uploads\/2020\/10\/lajcak-1024x768.jpeg 1024w\" sizes=\"auto, (max-width: 1200px) 100vw, 1200px\" \/><\/span><\/p>\n<p style=\"text-align: justify;\"><span style=\"color: #000000;\">I d\u00ebrguari i posa\u00e7\u00ebm i Bashkimit Evropian p\u00ebr dialogun Kosov\u00eb \u2013 Serbi, Miroslav Laj\u00e7ak tha se \u00e7\u00ebshtja p\u00ebr personat e zhdukur e t\u00eb dyja vendeve \u00ebsht\u00eb dy fjal\u00eb af\u00ebr ose larg marr\u00ebveshjes, duke shtuar se 99.5 p\u00ebr qind e tekstit t\u00eb marr\u00ebveshjes \u00ebsht\u00eb dakorduar.<\/span><\/p>\n<p style=\"text-align: justify;\"><span style=\"color: #000000;\">Laj\u00e7ak thot\u00eb se tani duhet vet\u00ebm vullnet politik p\u00ebr arritjen e k\u00ebsaj marr\u00ebveshje, e q\u00eb sipas tij, do t\u00eb sjell\u00eb pozitivitet tek njer\u00ebzit.<\/span><\/p>\n<p style=\"text-align: justify;\"><span style=\"color: #000000;\">\u201c<em>Por, duam t\u00eb sigurohemi q\u00eb takimi t\u00eb prodhoj\u00eb di\u00e7ka pozitive p\u00ebr njer\u00ebzit, m\u00eb logjike e me e dukshme do t\u00eb ishte nj\u00eb rezultat pozitiv i takimit do t\u00eb ishte marr\u00ebveshja p\u00ebr personat e zhdukur sepse kjo \u00ebsht\u00eb nj\u00eb \u00e7\u00ebshtje aq e dhimbshme, po aq e dhimbshme p\u00ebr familjar\u00ebt e personave t\u00eb zhdukur n\u00eb Kosov\u00eb e n\u00eb Serbi. Ne jemi duke punuar p\u00ebr k\u00ebt\u00eb n\u00eb ve\u00e7anti. Ne jemi dy fjal\u00eb af\u00ebr apo dy fjal\u00eb larg marr\u00ebveshjes dhe ne do t\u00eb kemi konsultime edhe n\u00eb dit\u00ebt n\u00eb vijim p\u00ebr k\u00ebt\u00eb. 99.5 p\u00ebr qind e teksti \u00ebsht\u00eb dakorduar dhe tani duhet vet\u00ebm vullnet politik<\/em>\u201d, tha Laj\u00e7ak n\u00eb RTK.<\/span><\/p>\n<p style=\"text-align: justify;\"><span style=\"color: #000000;\">Sipas tij, takimi mes dy lider\u00ebve, Kurtit dhe Vu\u00e7i\u00e7 nuk duhet t\u00eb vonohet, ky takim duhet t\u00eb ndodh m\u00eb s\u00eb largu deri n\u00eb fillim t\u00eb shtatorit.<\/span><\/p>\n<p style=\"text-align: justify;\"><span style=\"color: #000000;\">\u201c\u00cbsht\u00eb gjithmon\u00eb e nd\u00ebrlikuar t\u00eb luash me takime. Kur isha n\u00eb Prishtin\u00eb thash se un\u00eb k\u00ebt\u00eb e pres para pushimeve verore, por jeta ndonj\u00ebher\u00eb ndryshon planet tona. Por definitivisht nuk do t\u00eb humbas koh\u00ebn time e t\u00eb punoj p\u00ebr takimin e radh\u00ebs pa vones\u00eb. Qoft\u00eb fundi i gushtit apo fillimi i shtatorit. Nuk shoh asnj\u00eb arsye p\u00ebr t\u00eb pritur p\u00ebrtej k\u00ebsaj\u201d, tha ai, sipas p\u00ebrkthimit t\u00eb transmetuesit publik.<\/span><\/p>\n","protected":false,"gt_translate_keys":[{"key":"rendered","format":"html"}]},"excerpt":{"rendered":"<p>I d\u00ebrguari i posa\u00e7\u00ebm i Bashkimit Evropian p\u00ebr dialogun Kosov\u00eb \u2013 Serbi, Miroslav Laj\u00e7ak tha se \u00e7\u00ebshtja p\u00ebr personat e zhdukur e t\u00eb dyja vendeve \u00ebsht\u00eb dy fjal\u00eb af\u00ebr ose larg marr\u00ebveshjes, duke shtuar se 99.5 p\u00ebr qind e tekstit t\u00eb marr\u00ebveshjes \u00ebsht\u00eb dakorduar. Laj\u00e7ak thot\u00eb se tani duhet vet\u00ebm vullnet politik p\u00ebr arritjen e [&hellip;]<\/p>\n","protected":false,"gt_translate_keys":[{"key":"rendered","format":"html"}]},"author":32,"featured_media":405872,"comment_status":"closed","ping_status":"closed","sticky":false,"template":"","format":"standard","meta":{"footnotes":""},"categories":[149,13],"tags":[],"class_list":["post-536973","post","type-post","status-publish","format-standard","has-post-thumbnail","hentry","category-kosoverajon","category-te-fundit"],"gt_translate_keys":[{"key":"link","format":"url"}],"_links":{"self":[{"href":"https:\/\/www.hashtag.al\/index.php\/wp-json\/wp\/v2\/posts\/536973","targetHints":{"allow":["GET"]}}],"collection":[{"href":"https:\/\/www.hashtag.al\/index.php\/wp-json\/wp\/v2\/posts"}],"about":[{"href":"https:\/\/www.hashtag.al\/index.php\/wp-json\/wp\/v2\/types\/post"}],"author":[{"embeddable":true,"href":"https:\/\/www.hashtag.al\/index.php\/wp-json\/wp\/v2\/users\/32"}],"replies":[{"embeddable":true,"href":"https:\/\/www.hashtag.al\/index.php\/wp-json\/wp\/v2\/comments?post=536973"}],"version-history":[{"count":0,"href":"https:\/\/www.hashtag.al\/index.php\/wp-json\/wp\/v2\/posts\/536973\/revisions"}],"wp:featuredmedia":[{"embeddable":true,"href":"https:\/\/www.hashtag.al\/index.php\/wp-json\/wp\/v2\/media\/405872"}],"wp:attachment":[{"href":"https:\/\/www.hashtag.al\/index.php\/wp-json\/wp\/v2\/media?parent=536973"}],"wp:term":[{"taxonomy":"category","embeddable":true,"href":"https:\/\/www.hashtag.al\/index.php\/wp-json\/wp\/v2\/categories?post=536973"},{"taxonomy":"post_tag","embeddable":true,"href":"https:\/\/www.hashtag.al\/index.php\/wp-json\/wp\/v2\/tags?post=536973"}],"curies":[{"name":"wp","href":"https:\/\/api.w.org\/{rel}","templated":true}]}}