{"id":536772,"date":"2022-07-18T20:13:56","date_gmt":"2022-07-18T18:13:56","guid":{"rendered":"https:\/\/www.hashtag.al\/?p=536772"},"modified":"2022-07-18T20:13:56","modified_gmt":"2022-07-18T18:13:56","slug":"steve-bannon-del-ne-gjyq-per-shperfillje-te-kongresit","status":"publish","type":"post","link":"https:\/\/www.hashtag.al\/index.php\/2022\/07\/18\/steve-bannon-del-ne-gjyq-per-shperfillje-te-kongresit\/","title":{"rendered":"Steve Bannon del n\u00eb gjyq p\u00ebr shp\u00ebrfillje t\u00eb Kongresit","gt_translate_keys":[{"key":"rendered","format":"text"}]},"content":{"rendered":"<p style=\"text-align: justify;\"><span style=\"color: #000000;\"><img loading=\"lazy\" decoding=\"async\" class=\"aligncenter size-full wp-image-536773\" src=\"https:\/\/www.hashtag.al\/wp-content\/uploads\/2022\/07\/banon.jpg\" alt=\"\" width=\"976\" height=\"549\" srcset=\"https:\/\/www.hashtag.al\/wp-content\/uploads\/2022\/07\/banon.jpg 976w, https:\/\/www.hashtag.al\/wp-content\/uploads\/2022\/07\/banon-300x169.jpg 300w, https:\/\/www.hashtag.al\/wp-content\/uploads\/2022\/07\/banon-768x432.jpg 768w\" sizes=\"auto, (max-width: 976px) 100vw, 976px\" \/><\/span><\/p>\n<p style=\"text-align: justify;\"><span style=\"color: #000000;\">Steve Bannon, ish-k\u00ebshilltari i lart\u00eb dhe shefi i fushat\u00ebs p\u00ebr Donald Trump, ka dal\u00eb n\u00eb gjyq p\u00ebr refuzimin e bashk\u00ebpunimit me komitetin e Kongresit q\u00eb hetonte sulmin n\u00eb Kapitolin e SHBA.<\/span><\/p>\n<p style=\"text-align: justify;\"><span style=\"color: #000000;\">Gjyqi p\u00ebr 68-vje\u00e7arin zhvillohet n\u00eb nj\u00eb gjykat\u00eb n\u00eb Uashington DC.<\/span><\/p>\n<p style=\"text-align: justify;\"><span style=\"color: #000000;\">Njeriu q\u00eb dikur konsiderohej si truri pas fitores presidenciale t\u00eb Trump n\u00eb vitin 2016, u akuzua n\u00eb n\u00ebntor me dy akuza p\u00ebr shp\u00ebrfillje t\u00eb Kongresit.<\/span><\/p>\n<p style=\"text-align: justify;\"><span style=\"color: #000000;\">Ai kishte refuzuar thirrjet q\u00eb k\u00ebrkonin d\u00ebshmin\u00eb e tij si dhe dokumentet p\u00ebrkat\u00ebse n\u00eb lidhje me p\u00ebrfshirjen e tij n\u00eb p\u00ebrpjekjet p\u00ebr t\u00eb sfiduar humbjen presidenciale t\u00eb Trump n\u00eb vitin 2020 dhe p\u00ebr t\u00eb organizuar protestat q\u00eb kulmuan me sulmin e dhunsh\u00ebm n\u00eb Kapitol m\u00eb 6 janar 2021.<\/span><\/p>\n<p style=\"text-align: justify;\"><span style=\"color: #000000;\">Komiteti ka qen\u00eb ve\u00e7an\u00ebrisht i interesuar p\u00ebr komunikimet e Bannon me Trump n\u00eb dit\u00ebt para sulmit, dhe takimet e &#8220;dhom\u00ebs s\u00eb luft\u00ebs&#8221; q\u00eb ai mbajti n\u00eb nj\u00eb hotel pran\u00eb Sht\u00ebpis\u00eb s\u00eb Bardh\u00eb me figura t\u00eb tjera ky\u00e7e si pjes\u00eb e p\u00ebrpjekjes s\u00eb fundit p\u00ebr t\u00eb bllokuar, certifikimin e fitores s\u00eb Joe Biden.<\/span><\/p>\n<p style=\"text-align: justify;\"><span style=\"color: #000000;\">Bannon, n\u00eb podkastin e tij t\u00eb njohur, paralajm\u00ebroi m\u00eb 5 janar se &#8220;i gjith\u00eb ferri&#8221; do t\u00eb shp\u00ebrb\u00ebhej t\u00eb nes\u00ebrmen.<\/span><\/p>\n<p style=\"text-align: justify;\"><span style=\"color: #000000;\">Komiteti thirri p\u00ebr her\u00eb t\u00eb par\u00eb Bannon n\u00eb shtator 2021. Muajin pasues, ai votoi p\u00ebr ta mbajtur at\u00eb n\u00eb shp\u00ebrfillje t\u00eb Kongresit p\u00ebr refuzimin e tij p\u00ebr t\u00eb bashk\u00ebpunuar, akuza t\u00eb Dhom\u00ebs s\u00eb P\u00ebrfaq\u00ebsuesve t\u00eb konfirmuara shpejt n\u00eb nj\u00eb votim.<\/span><\/p>\n<p style=\"text-align: justify;\"><span style=\"color: #000000;\">Opsionet p\u00ebr mbrojtjen e tij jan\u00eb kufizuar nga kryetari i gjykat\u00ebs Carl Nichols, nj\u00eb i em\u00ebruar nga Donald Trump.<\/span><\/p>\n<p style=\"text-align: justify;\"><span style=\"color: #000000;\">Bannon kishte k\u00ebrkuar t\u00eb pretendonte se kontaktet e tij me Trump ishin t\u00eb mbuluara nga privilegji ekzekutiv, nj\u00eb parim ligjor q\u00eb thot\u00eb se komunikimet midis president\u00ebve dhe k\u00ebshilltar\u00ebve t\u00eb tyre mbrohen nga zbulimi n\u00eb m\u00ebnyr\u00eb q\u00eb t\u00eb lejohen k\u00ebshilla t\u00eb sinqerta.<\/span><\/p>\n<p style=\"text-align: justify;\"><span style=\"color: #000000;\">Ai gjithashtu pretendoi se flet\u00ebthirrjet e komitetit t\u00eb Kongresit ishin t\u00eb pavlefshme sepse t\u00eb vetmit republikan\u00eb t\u00eb p\u00ebrfshir\u00eb ishin em\u00ebruar nga kryetarja demokrate e Dhom\u00ebs s\u00eb P\u00ebrfaq\u00ebsuesve, Nancy Pelosi.<\/span><\/p>\n<p style=\"text-align: justify;\"><span style=\"color: #000000;\">Gjykat\u00ebsi Nichols, megjithat\u00eb, vendosi se p\u00ebr shkak se Bannon ishte nj\u00eb qytetar privat dhe jo nj\u00eb punonj\u00ebs i qeveris\u00eb, ai nuk mund t\u00eb b\u00ebnte pretendime p\u00ebr privilegje ekzekutive. Ai vendosi q\u00eb flet\u00ebthirrjet e komitetit ishin t\u00eb vlefshme dhe gjithashtu hodhi posht\u00eb p\u00ebrpjekjet e Bannon p\u00ebr t\u00eb thirrur an\u00ebtar\u00ebt demokrat\u00eb t\u00eb Kongresit p\u00ebr t\u00eb d\u00ebshmuar.<\/span><\/p>\n<p style=\"text-align: justify;\"><span style=\"color: #000000;\">Mbrojtja e vetme e mbetur e Bannon-it gjat\u00eb gjyqit mund t\u00eb jet\u00eb se afati p\u00ebrfundimtar q\u00eb komiteti kishte caktuar p\u00ebr t&#8217;iu p\u00ebrgjigjur thirrjeve nuk ishte i qart\u00eb.<\/span><\/p>\n<p style=\"text-align: justify;\"><span style=\"color: #000000;\">&#8220;\u00c7far\u00eb kuptimi ka t\u00eb shkosh n\u00eb gjyq n\u00ebse nuk ka mbrojtje?&#8221; nj\u00eb nga avokat\u00ebt e zotit Bannon e pyeti zotin Nichols pas vendimit t\u00eb tij. &#8220;Dakord,&#8221; u p\u00ebrgjigj gjyqtari.<\/span><\/p>\n","protected":false,"gt_translate_keys":[{"key":"rendered","format":"html"}]},"excerpt":{"rendered":"<p>Steve Bannon, ish-k\u00ebshilltari i lart\u00eb dhe shefi i fushat\u00ebs p\u00ebr Donald Trump, ka dal\u00eb n\u00eb gjyq p\u00ebr refuzimin e bashk\u00ebpunimit me komitetin e Kongresit q\u00eb hetonte sulmin n\u00eb Kapitolin e SHBA. Gjyqi p\u00ebr 68-vje\u00e7arin zhvillohet n\u00eb nj\u00eb gjykat\u00eb n\u00eb Uashington DC. Njeriu q\u00eb dikur konsiderohej si truri pas fitores presidenciale t\u00eb Trump n\u00eb vitin 2016, [&hellip;]<\/p>\n","protected":false,"gt_translate_keys":[{"key":"rendered","format":"html"}]},"author":32,"featured_media":536773,"comment_status":"closed","ping_status":"closed","sticky":false,"template":"","format":"standard","meta":{"footnotes":""},"categories":[6,13],"tags":[],"class_list":["post-536772","post","type-post","status-publish","format-standard","has-post-thumbnail","hentry","category-nderkombetare","category-te-fundit"],"gt_translate_keys":[{"key":"link","format":"url"}],"_links":{"self":[{"href":"https:\/\/www.hashtag.al\/index.php\/wp-json\/wp\/v2\/posts\/536772","targetHints":{"allow":["GET"]}}],"collection":[{"href":"https:\/\/www.hashtag.al\/index.php\/wp-json\/wp\/v2\/posts"}],"about":[{"href":"https:\/\/www.hashtag.al\/index.php\/wp-json\/wp\/v2\/types\/post"}],"author":[{"embeddable":true,"href":"https:\/\/www.hashtag.al\/index.php\/wp-json\/wp\/v2\/users\/32"}],"replies":[{"embeddable":true,"href":"https:\/\/www.hashtag.al\/index.php\/wp-json\/wp\/v2\/comments?post=536772"}],"version-history":[{"count":0,"href":"https:\/\/www.hashtag.al\/index.php\/wp-json\/wp\/v2\/posts\/536772\/revisions"}],"wp:featuredmedia":[{"embeddable":true,"href":"https:\/\/www.hashtag.al\/index.php\/wp-json\/wp\/v2\/media\/536773"}],"wp:attachment":[{"href":"https:\/\/www.hashtag.al\/index.php\/wp-json\/wp\/v2\/media?parent=536772"}],"wp:term":[{"taxonomy":"category","embeddable":true,"href":"https:\/\/www.hashtag.al\/index.php\/wp-json\/wp\/v2\/categories?post=536772"},{"taxonomy":"post_tag","embeddable":true,"href":"https:\/\/www.hashtag.al\/index.php\/wp-json\/wp\/v2\/tags?post=536772"}],"curies":[{"name":"wp","href":"https:\/\/api.w.org\/{rel}","templated":true}]}}