{"id":536769,"date":"2022-07-18T19:52:39","date_gmt":"2022-07-18T17:52:39","guid":{"rendered":"https:\/\/www.hashtag.al\/?p=536769"},"modified":"2022-07-18T19:52:39","modified_gmt":"2022-07-18T17:52:39","slug":"berisha-ne-2013-ishim-eksportues-te-qumeshtit-importi-sot-eshte-rritur-250-nga-serbia","status":"publish","type":"post","link":"https:\/\/www.hashtag.al\/index.php\/2022\/07\/18\/berisha-ne-2013-ishim-eksportues-te-qumeshtit-importi-sot-eshte-rritur-250-nga-serbia\/","title":{"rendered":"Berisha: N\u00eb 2013 ishim eksportues t\u00eb qum\u00ebshtit, importi sot \u00ebsht\u00eb rritur 250% nga Serbia","gt_translate_keys":[{"key":"rendered","format":"text"}]},"content":{"rendered":"<p style=\"text-align: justify;\"><span style=\"color: #000000;\"><img loading=\"lazy\" decoding=\"async\" class=\"aligncenter size-full wp-image-536770\" src=\"https:\/\/www.hashtag.al\/wp-content\/uploads\/2022\/07\/berisha-belsh.jpg\" alt=\"\" width=\"1024\" height=\"683\" srcset=\"https:\/\/www.hashtag.al\/wp-content\/uploads\/2022\/07\/berisha-belsh.jpg 1024w, https:\/\/www.hashtag.al\/wp-content\/uploads\/2022\/07\/berisha-belsh-300x200.jpg 300w, https:\/\/www.hashtag.al\/wp-content\/uploads\/2022\/07\/berisha-belsh-768x512.jpg 768w\" sizes=\"auto, (max-width: 1024px) 100vw, 1024px\" \/><\/span><\/p>\n<p style=\"text-align: justify;\"><span style=\"color: #000000;\">Ish-kryeministri Sali Berisha n\u00eb nj\u00eb takim me fermer\u00eb n\u00eb Belsh, tha se bujqit shqiptar\u00eb jan\u00eb t\u00eb braktisur dhe subvencionohen dhjet\u00ebra her\u00eb m\u00eb pak se Kosova dhe Serbia.<\/span><\/p>\n<p style=\"text-align: justify;\"><span style=\"color: #000000;\">Berisha theksoi se n\u00eb 2013 Shqip\u00ebria ishte eksportuese e qum\u00ebshtit dhe vez\u00ebve nd\u00ebrsa sot \u00ebsht\u00eb rritur me 250% importi i bulmetit nga Serbia.<\/span><\/p>\n<p style=\"text-align: justify;\"><span style=\"color: #000000;\">\u201c<em>N\u00eb 2013 arrit\u00ebm t\u00eb ishim eksportues qum\u00ebshti dhe vez\u00ebsh fal\u00eb pun\u00ebs suaj. \u00cbsht\u00eb rrit sot importi i qum\u00ebshtit, djathit kosit nga Serbia me 250%. Ky na flet p\u00ebr Ballkanin e Hapur. Ne jo Serbin\u00eb por as Kosov\u00ebn nuk konkurrojm\u00eb dot, se ata marrin 450 euro p\u00ebr hektarin e grurit. Serbia e subvencionon 80 her\u00eb m\u00eb shum\u00eb. A duhet t\u2019i themi ndal k\u00ebsaj rrokullie? S\u2019mund t\u00eb jeni ju dhe familjet tuaja q\u00eb jetoni me \u00e7urg djerse n\u00eb konjukturat e motit apo t\u00eb koh\u00ebs<\/em>\u201d-tha Berisha.<\/span><\/p>\n","protected":false,"gt_translate_keys":[{"key":"rendered","format":"html"}]},"excerpt":{"rendered":"<p>Ish-kryeministri Sali Berisha n\u00eb nj\u00eb takim me fermer\u00eb n\u00eb Belsh, tha se bujqit shqiptar\u00eb jan\u00eb t\u00eb braktisur dhe subvencionohen dhjet\u00ebra her\u00eb m\u00eb pak se Kosova dhe Serbia. Berisha theksoi se n\u00eb 2013 Shqip\u00ebria ishte eksportuese e qum\u00ebshtit dhe vez\u00ebve nd\u00ebrsa sot \u00ebsht\u00eb rritur me 250% importi i bulmetit nga Serbia. \u201cN\u00eb 2013 arrit\u00ebm t\u00eb ishim [&hellip;]<\/p>\n","protected":false,"gt_translate_keys":[{"key":"rendered","format":"html"}]},"author":32,"featured_media":536770,"comment_status":"closed","ping_status":"closed","sticky":false,"template":"","format":"standard","meta":{"footnotes":""},"categories":[65,13],"tags":[],"class_list":["post-536769","post","type-post","status-publish","format-standard","has-post-thumbnail","hentry","category-lajme","category-te-fundit"],"gt_translate_keys":[{"key":"link","format":"url"}],"_links":{"self":[{"href":"https:\/\/www.hashtag.al\/index.php\/wp-json\/wp\/v2\/posts\/536769","targetHints":{"allow":["GET"]}}],"collection":[{"href":"https:\/\/www.hashtag.al\/index.php\/wp-json\/wp\/v2\/posts"}],"about":[{"href":"https:\/\/www.hashtag.al\/index.php\/wp-json\/wp\/v2\/types\/post"}],"author":[{"embeddable":true,"href":"https:\/\/www.hashtag.al\/index.php\/wp-json\/wp\/v2\/users\/32"}],"replies":[{"embeddable":true,"href":"https:\/\/www.hashtag.al\/index.php\/wp-json\/wp\/v2\/comments?post=536769"}],"version-history":[{"count":0,"href":"https:\/\/www.hashtag.al\/index.php\/wp-json\/wp\/v2\/posts\/536769\/revisions"}],"wp:featuredmedia":[{"embeddable":true,"href":"https:\/\/www.hashtag.al\/index.php\/wp-json\/wp\/v2\/media\/536770"}],"wp:attachment":[{"href":"https:\/\/www.hashtag.al\/index.php\/wp-json\/wp\/v2\/media?parent=536769"}],"wp:term":[{"taxonomy":"category","embeddable":true,"href":"https:\/\/www.hashtag.al\/index.php\/wp-json\/wp\/v2\/categories?post=536769"},{"taxonomy":"post_tag","embeddable":true,"href":"https:\/\/www.hashtag.al\/index.php\/wp-json\/wp\/v2\/tags?post=536769"}],"curies":[{"name":"wp","href":"https:\/\/api.w.org\/{rel}","templated":true}]}}