{"id":536369,"date":"2022-07-16T19:41:32","date_gmt":"2022-07-16T17:41:32","guid":{"rendered":"https:\/\/www.hashtag.al\/?p=536369"},"modified":"2022-07-16T19:47:00","modified_gmt":"2022-07-16T17:47:00","slug":"rrethi-katror-emision-anti-semit-ambasada-e-izraelit-note-proteste-ministrise-se-jashtme-kunder-top-channel","status":"publish","type":"post","link":"https:\/\/www.hashtag.al\/index.php\/2022\/07\/16\/rrethi-katror-emision-anti-semit-ambasada-e-izraelit-note-proteste-ministrise-se-jashtme-kunder-top-channel\/","title":{"rendered":"&#8220;Rrethi Katror&#8221; emision anti-semit&#8221;, Ambasada e Izraelit not\u00eb proteste Ministris\u00eb s\u00eb Jashtme kund\u00ebr Top Channel","gt_translate_keys":[{"key":"rendered","format":"text"}]},"content":{"rendered":"<p style=\"text-align: justify;\"><span style=\"color: #000000;\"><img loading=\"lazy\" decoding=\"async\" class=\"aligncenter size-full wp-image-536370\" src=\"https:\/\/www.hashtag.al\/wp-content\/uploads\/2022\/07\/rrethi-katror.jpeg\" alt=\"\" width=\"1280\" height=\"720\" srcset=\"https:\/\/www.hashtag.al\/wp-content\/uploads\/2022\/07\/rrethi-katror.jpeg 1280w, https:\/\/www.hashtag.al\/wp-content\/uploads\/2022\/07\/rrethi-katror-300x169.jpeg 300w, https:\/\/www.hashtag.al\/wp-content\/uploads\/2022\/07\/rrethi-katror-1024x576.jpeg 1024w, https:\/\/www.hashtag.al\/wp-content\/uploads\/2022\/07\/rrethi-katror-768x432.jpeg 768w\" sizes=\"auto, (max-width: 1280px) 100vw, 1280px\" \/><\/span><\/p>\n<p style=\"text-align: justify;\"><span style=\"color: #000000;\">Ambasada e Izraelit n\u00eb Tiran\u00eb ka b\u00ebr\u00eb nj\u00eb not\u00eb proteste pran\u00eb Ministris\u00eb p\u00ebr Europ\u00ebn dhe Pun\u00ebt e Jashtme (MEPJ) kund\u00ebr televizionit Top Channel.\u00a0<\/span><\/p>\n<p style=\"text-align: justify;\"><span style=\"color: #000000;\">Shkak p\u00ebr k\u00ebt\u00eb not\u00eb proteste \u00ebsht\u00eb b\u00ebr\u00eb nj\u00eb emision i k\u00ebtij televizioni me p\u00ebrmbajtje kund\u00ebr hebrenjve.\u00a0<\/span><\/p>\n<p style=\"text-align: justify;\"><span style=\"color: #000000;\">M\u00eb konkretisht, n\u00eb shkres\u00ebn e d\u00ebrguar n\u00eb MEPJ, thuhet se n\u00eb emisionin &#8216;Rrethi Katror&#8217; n\u00eb dat\u00ebn 5 qershor 2022, n\u00eb Top Channel, nj\u00eb prej t\u00eb ftuarve ka shprehur opinione anti-semite.\u00a0<\/span><\/p>\n<p style=\"text-align: justify;\"><span style=\"color: #000000;\">Ambasada e Izraelit v\u00ebren se drejtuesi i emisionit nuk ka nd\u00ebrhyr\u00eb, duke e lejuar t\u00eb ftuarin n\u00eb m\u00ebnyr\u00eb t\u00eb p\u00ebrs\u00ebritur t\u00eb shpreh\u00eb komente kund\u00ebr hebrenjve.\u00a0<\/span><\/p>\n<p style=\"text-align: justify;\"><span style=\"color: #000000;\">Ambasada izraelite i k\u00ebrkon Ministris\u00eb s\u00eb Jashtme marrjen e masave t\u00eb menj\u00ebhershme, duke kujtuar se Shqip\u00ebria \u00ebsht\u00eb pjes\u00eb e Aleanc\u00ebs Nd\u00ebrkomb\u00ebtare t\u00eb Kujtimit t\u00eb Holokaustit dhe duhet t\u00eb veproj\u00eb n\u00eb p\u00ebrputhje me rrethanat.\u00a0<\/span><\/p>\n<p style=\"text-align: justify;\"><span style=\"color: #000000;\"><strong>M\u00eb posht\u00eb teksti i not\u00eb protest\u00ebs<\/strong><\/span><br \/>\n<span style=\"color: #000000;\"><em>Ambasada e Shtetit t\u00eb Izraelit n\u00eb Republik\u00ebn e Shqip\u00ebris\u00eb i shpreh komplimente Ministris\u00eb p\u00ebr Europ\u00ebn dhe Pun\u00ebt e Jashtme t\u00eb Republik\u00ebs s\u00eb Shqip\u00ebris\u00eb dhe ka nderin t\u00eb informoj\u00eb sa vijon:<\/em><\/span><\/p>\n<p style=\"text-align: justify;\"><span style=\"color: #000000;\"><em>Kemi v\u00ebn\u00eb re se gjat\u00eb nj\u00eb programi televiziv t\u00eb titulluar &#8216;Rrethi Katror&#8217; t\u00eb transmetuar nga televizioni komb\u00ebtar Top Channel m\u00eb 5 qershor 2022, nj\u00eb nga t\u00eb ftuarit n\u00eb program ka shprehur mendim me\u00a0p\u00ebrmbajtje\u00a0anti-semitiste, t\u00eb cilat nuk jan\u00eb kund\u00ebrshtuar nga drejtuesi i TV, n\u00eb m\u00ebnyr\u00eb t\u00eb p\u00ebrs\u00ebritur.<\/em><\/span><\/p>\n<p style=\"text-align: justify;\"><span style=\"color: #000000;\"><em>Kjo bie krejt\u00ebsisht n\u00eb kund\u00ebrshtim me tradit\u00ebn shqiptare, si i vetmi vend n\u00eb Europ\u00eb q\u00eb i shp\u00ebtoi hebrenjt\u00eb\u00a0para, gjat\u00eb dhe pas holokaustit. P\u00ebr m\u00eb tep\u00ebr, si nj\u00eb vend mik i Izraelit ka miratuar dhe i \u00ebsht\u00eb bashkuar\u00a0Aleanc\u00ebs Nd\u00ebrkomb\u00ebtare t\u00eb Kujtimit t\u00eb Holokaustit p\u00ebr antisemitizmin, dhe p\u00ebr k\u00ebt\u00eb arsye duhet t\u00eb veproj\u00eb n\u00eb p\u00ebrputhje me rrethanat. Ju k\u00ebrkojm\u00eb me dashamir\u00ebsi t\u00eb nd\u00ebrmerrni hapat e nevojsh\u00ebm p\u00ebr t\u00eb parandaluar diskursin, nxitjen dhe synimin e till\u00eb antisemitik q\u00eb padyshim mund t\u00eb shkaktoj\u00eb gjakderdhje dhe vuajtje p\u00ebr njer\u00ebzit e pafajsh\u00ebm (vendas dhe turist\u00eb).<\/em><\/span><\/p>\n<p style=\"text-align: justify;\"><span style=\"color: #000000;\"><em>Ambasada e shtetit t\u00eb izraelit n\u00eb Republik\u00ebn e Shqip\u00ebris\u00eb p\u00ebrfiton nga ky rast p\u00ebr t&#8217;i shprehur\u00a0Ministris\u00eb p\u00ebr Evrop\u00ebn dhe Pun\u00ebt e Jashtme t\u00eb Republik\u00ebs s\u00eb Shqip\u00ebris\u00eb konsiderat\u00ebn\u00a0m\u00eb t\u00eb lart\u00eb.<\/em><\/span><\/p>\n<p style=\"text-align: justify;\"><span style=\"color: #000000;\"><strong><span style=\"color: #ff0000;\"><img loading=\"lazy\" decoding=\"async\" class=\"aligncenter size-full wp-image-536371\" src=\"https:\/\/www.hashtag.al\/wp-content\/uploads\/2022\/07\/auto_ankesa1657992121.jpg\" alt=\"\" width=\"900\" height=\"532\" srcset=\"https:\/\/www.hashtag.al\/wp-content\/uploads\/2022\/07\/auto_ankesa1657992121.jpg 900w, https:\/\/www.hashtag.al\/wp-content\/uploads\/2022\/07\/auto_ankesa1657992121-300x177.jpg 300w, https:\/\/www.hashtag.al\/wp-content\/uploads\/2022\/07\/auto_ankesa1657992121-768x454.jpg 768w\" sizes=\"auto, (max-width: 900px) 100vw, 900px\" \/>VINI RE<\/span>:<\/strong> Artikulli \u00ebsht\u00eb pron\u00eb intelektuale e <a href=\"https:\/\/www.syri.net\/politike\/520345\/rrethi-katror-emision-anti-semit-ambasada-e-izraelit-note-proteste-ministrise-se-jashtme-kunder-top-channel\/?fbclid=IwAR1KDfYOoZSm9N5_21HX_kOYHcEgTl1n3CMQhwzc6SkVMUCtXwcYBbPGFO8&amp;fs=e&amp;s=cl#l5o68glvkt0rlismyi\"><span style=\"color: #0000ff;\"><strong>Syri.net<\/strong><\/span><\/a><\/span><\/p>\n","protected":false,"gt_translate_keys":[{"key":"rendered","format":"html"}]},"excerpt":{"rendered":"<p>Ambasada e Izraelit n\u00eb Tiran\u00eb ka b\u00ebr\u00eb nj\u00eb not\u00eb proteste pran\u00eb Ministris\u00eb p\u00ebr Europ\u00ebn dhe Pun\u00ebt e Jashtme (MEPJ) kund\u00ebr televizionit Top Channel.\u00a0 Shkak p\u00ebr k\u00ebt\u00eb not\u00eb proteste \u00ebsht\u00eb b\u00ebr\u00eb nj\u00eb emision i k\u00ebtij televizioni me p\u00ebrmbajtje kund\u00ebr hebrenjve.\u00a0 M\u00eb konkretisht, n\u00eb shkres\u00ebn e d\u00ebrguar n\u00eb MEPJ, thuhet se n\u00eb emisionin &#8216;Rrethi Katror&#8217; n\u00eb dat\u00ebn [&hellip;]<\/p>\n","protected":false,"gt_translate_keys":[{"key":"rendered","format":"html"}]},"author":32,"featured_media":536370,"comment_status":"closed","ping_status":"closed","sticky":false,"template":"","format":"standard","meta":{"footnotes":""},"categories":[22,65,13],"tags":[],"class_list":["post-536369","post","type-post","status-publish","format-standard","has-post-thumbnail","hentry","category-ballina","category-lajme","category-te-fundit"],"gt_translate_keys":[{"key":"link","format":"url"}],"_links":{"self":[{"href":"https:\/\/www.hashtag.al\/index.php\/wp-json\/wp\/v2\/posts\/536369","targetHints":{"allow":["GET"]}}],"collection":[{"href":"https:\/\/www.hashtag.al\/index.php\/wp-json\/wp\/v2\/posts"}],"about":[{"href":"https:\/\/www.hashtag.al\/index.php\/wp-json\/wp\/v2\/types\/post"}],"author":[{"embeddable":true,"href":"https:\/\/www.hashtag.al\/index.php\/wp-json\/wp\/v2\/users\/32"}],"replies":[{"embeddable":true,"href":"https:\/\/www.hashtag.al\/index.php\/wp-json\/wp\/v2\/comments?post=536369"}],"version-history":[{"count":0,"href":"https:\/\/www.hashtag.al\/index.php\/wp-json\/wp\/v2\/posts\/536369\/revisions"}],"wp:featuredmedia":[{"embeddable":true,"href":"https:\/\/www.hashtag.al\/index.php\/wp-json\/wp\/v2\/media\/536370"}],"wp:attachment":[{"href":"https:\/\/www.hashtag.al\/index.php\/wp-json\/wp\/v2\/media?parent=536369"}],"wp:term":[{"taxonomy":"category","embeddable":true,"href":"https:\/\/www.hashtag.al\/index.php\/wp-json\/wp\/v2\/categories?post=536369"},{"taxonomy":"post_tag","embeddable":true,"href":"https:\/\/www.hashtag.al\/index.php\/wp-json\/wp\/v2\/tags?post=536369"}],"curies":[{"name":"wp","href":"https:\/\/api.w.org\/{rel}","templated":true}]}}