{"id":536307,"date":"2022-07-16T14:29:20","date_gmt":"2022-07-16T12:29:20","guid":{"rendered":"https:\/\/www.hashtag.al\/?p=536307"},"modified":"2022-07-16T15:07:16","modified_gmt":"2022-07-16T13:07:16","slug":"rama-pas-votimit-ne-maqedonine-e-veriut-ska-me-pengesa-per-negociatat-delegacioni-shqiptar-te-henen-ne-bruksel-per-te-nisur-rrugen-e-re","status":"publish","type":"post","link":"https:\/\/www.hashtag.al\/index.php\/2022\/07\/16\/rama-pas-votimit-ne-maqedonine-e-veriut-ska-me-pengesa-per-negociatat-delegacioni-shqiptar-te-henen-ne-bruksel-per-te-nisur-rrugen-e-re\/","title":{"rendered":"Rama pas votimit n\u00eb Maqedonin\u00eb e Veriut: S\u2019ka m\u00eb pengesa p\u00ebr negociatat, delegacioni shqiptar t\u00eb h\u00ebn\u00ebn n\u00eb Bruksel p\u00ebr t\u00eb nisur rrug\u00ebn e re","gt_translate_keys":[{"key":"rendered","format":"text"}]},"content":{"rendered":"<p><span style=\"color: #000000;\"><a href=\"https:\/\/www.hashtag.al\/wp-content\/uploads\/2022\/07\/rama-merkel-676x450-1.jpg\"><img loading=\"lazy\" decoding=\"async\" class=\"aligncenter size-full wp-image-536308\" src=\"https:\/\/www.hashtag.al\/wp-content\/uploads\/2022\/07\/rama-merkel-676x450-1.jpg\" alt=\"\" width=\"676\" height=\"450\" srcset=\"https:\/\/www.hashtag.al\/wp-content\/uploads\/2022\/07\/rama-merkel-676x450-1.jpg 676w, https:\/\/www.hashtag.al\/wp-content\/uploads\/2022\/07\/rama-merkel-676x450-1-300x200.jpg 300w\" sizes=\"auto, (max-width: 676px) 100vw, 676px\" \/><\/a><\/span><\/p>\n<p><span style=\"color: #000000;\">Kryeministri Edi Rama ka reaguar pas miratimit t\u00eb propozimit francez n\u00eb Kuvendin e Maqedonis\u00eb s\u00eb Veriut duke publikuar nj\u00eb foto t\u00eb tij\u00ebn me ish-kancelaren gjermane Angela Merkel.<\/span><\/p>\n<p><span style=\"color: #000000;\">Duke iu referuar votimit n\u00eb Kuvendin e Maqedonis\u00eb s\u00eb Veriut, Rama shprehet se m\u00eb n\u00eb fund nuk ka m\u00eb asnj\u00eb penges\u00eb p\u00ebr negociatat e an\u00ebtar\u00ebsimit t\u00eb Shqip\u00ebris\u00eb n\u00eb BE.<\/span><\/p>\n<p><em><span style=\"color: #000000;\">\u201cNegociatat p\u00ebr an\u00ebtar\u00ebsimin e Shqip\u00ebris\u00eb n\u00eb Bashkimin Europian s\u2019kan\u00eb m\u00eb asnj\u00eb penges\u00eb! Parlamenti i Maqedonis\u00eb s\u00eb Veriut sapo ia ka ndezur drit\u00ebn jeshile propozimit t\u00eb fundit francez. Pengmarrja absurde e Shqip\u00ebris\u00eb ka marr\u00eb fund.<\/span><\/em><br \/>\n<span style=\"color: #000000;\"><em>U desh\u00ebn plot 3 vite t\u00eb st\u00ebrmundimshme nga vendimmarrja e K\u00ebshillit Europian p\u00ebr t\u2019i hapur rrug\u00eb negociatave, q\u00eb vargmali i pengesave artificiale t\u00eb ngritura p\u00ebrpara Shqip\u00ebris\u00eb t\u00eb rrafshohet t\u00ebr\u00ebsisht.\u201d-<\/em> shkruan ai.<\/span><\/p>\n<p><span style=\"color: #000000;\">N\u00eb nj\u00eb postim t\u00eb gjat\u00eb n\u00eb Facebook, Rama fal\u00ebnderon aleat\u00ebt strategjik\u00eb dhe shton se delegacioni shqiptar do t\u00eb niset t\u00eb h\u00ebn\u00ebn n\u00eb Bruksel p\u00ebr ta filluar k\u00ebt\u00eb pjes\u00eb t\u00eb re rruge, duke filluar negociatat e an\u00ebtar\u00ebsimit.<\/span><\/p>\n<p><strong><span style=\"color: #000000;\">Reagimi i plot\u00eb i Ram\u00ebs:<\/span><\/strong><\/p>\n<p><span style=\"color: #000000;\">M\u00cb N\u00cb FUND\u2026<\/span><br \/>\n<span style=\"color: #000000;\">Negociatat p\u00ebr an\u00ebtar\u00ebsimin e Shqip\u00ebris\u00eb n\u00eb Bashkimin Europian s\u2019kan\u00eb m\u00eb asnj\u00eb penges\u00eb! Parlamenti i Maqedonis\u00eb s\u00eb Veriut sapo ia ka ndezur drit\u00ebn jeshile propozimit t\u00eb fundit francez. Pengmarrja absurde e Shqip\u00ebris\u00eb ka marr\u00eb fund.<\/span><br \/>\n<span style=\"color: #000000;\">U desh\u00ebn plot 3 vite t\u00eb st\u00ebrmundimshme nga vendimmarrja e K\u00ebshillit Europian p\u00ebr t\u2019i hapur rrug\u00eb negociatave, q\u00eb vargmali i pengesave artificiale t\u00eb ngritura p\u00ebrpara Shqip\u00ebris\u00eb t\u00eb rrafshohet t\u00ebr\u00ebsisht. 3 vite t\u00eb t\u00ebra top futbolli n\u00ebp\u00ebr fushat e interesave t\u00eb politik\u00ebs s\u00eb brendshme t\u00eb vendeve an\u00ebtare \u2013 pa harruar edhe xhagajdur\u00ebt e m\u00ebm\u00ebdheut, grata e non grata, q\u00eb t\u00ebr\u00eb k\u00ebto vite nuk i lan\u00eb dy gur\u00eb bashk\u00eb, p\u00ebr ta bllokuar Shqip\u00ebrin\u00eb p\u00ebr llogari t\u00eb interesave mizerab\u00ebl t\u00eb politik\u00ebs s\u00eb tyre pa fe, pa atdhe, pa din e as iman. 3 vite me gj\u00ebma t\u00eb pandara, nga t\u00ebrmeti tek pandemia dhe tani mes pasojave t\u00eb luft\u00ebs n\u00eb Ukrain\u00eb mbi \u00e7mimin e jetes\u00ebs k\u00ebtu e kudo n\u00eb bot\u00eb. K\u00ebto sfida t\u00eb jasht\u00ebzakonshme kan\u00eb v\u00ebn\u00eb n\u00eb sprov\u00eb jo thjesht qeverin\u00eb, po karakterin ton\u00eb si vend, si bashk\u00ebsi njer\u00ebzish dhe si shumic\u00eb qeveris\u00ebse natyrisht.<\/span><br \/>\n<span style=\"color: #000000;\">Ja kemi dal\u00eb p\u00ebrs\u00ebri! Si\u00e7 ia dol\u00ebm me t\u00ebrmetin e me pandemin\u00eb, kur thuajse askush nuk e besonte se do t\u2019ia dilnim, do t\u2019ia dalim edhe me kriz\u00ebn e re q\u00eb ka sjell\u00eb lufta, po edhe me negociatat q\u00eb do ta b\u00ebjn\u00eb Shqip\u00ebrin\u00eb an\u00ebtare t\u00eb Bashkimit Europian.<\/span><\/p>\n<p><span style=\"color: #000000;\">Ja kemi dal\u00eb pa e ulur ritmin e reformave, t\u00eb pun\u00ebs e t\u00eb ndryshimit, pavar\u00ebsisht premtimeve t\u00eb pambajtura t\u00eb BE-s\u00eb. Do t\u2019ia dalim duke e rritur m\u00eb shum\u00eb ritmin, duke e p\u00ebrmir\u00ebsuar m\u00eb tej pun\u00ebn dhe duke e thelluar ende m\u00eb tep\u00ebr ndryshimin.<\/span><br \/>\n<span style=\"color: #000000;\">Ja kemi dal\u00eb pa u mposhtur nga zhg\u00ebnjimet e as nga l\u00ebndimet jo t\u00eb lehta t\u00eb k\u00ebtyre viteve. Do t\u2019ia dalim duke vazhduar t\u00eb nxjerrim m\u00ebsime dhe duke mos ngurruar n\u00eb korrigjimin e vetvetes.<\/span><br \/>\n<span style=\"color: #000000;\">Ja kemi dal\u00eb me kok\u00ebn lart, duke arritur ta ngrem\u00eb Shqip\u00ebrin\u00eb n\u00eb syt\u00eb e m\u00eb t\u00eb m\u00ebdhenjve, aty ku ajo s\u2019ka qen\u00eb kurr\u00eb, e vler\u00ebsuar dhe e respektuar si e barabart\u00eb n\u00eb \u00e7do marr\u00ebdh\u00ebnie nd\u00ebrkomb\u00ebtare. Por t\u00eb mos e harrojm\u00eb, ky nuk \u00ebsht\u00eb fundi i rrug\u00ebs son\u00eb, por vet\u00ebm fillimi i nj\u00eb pjese t\u00eb re t\u00eb rrug\u00ebs p\u00ebr Shqip\u00ebrin\u00eb q\u00eb duam.<\/span><br \/>\n<span style=\"color: #000000;\">Delegacioni shqiptar do t\u00eb niset t\u00eb h\u00ebn\u00ebn n\u00eb Bruksel p\u00ebr ta filluar k\u00ebt\u00eb pjes\u00eb t\u00eb re rruge, duke filluar negociatat e an\u00ebtar\u00ebsimit. Do t\u2019ia dalim n\u00eb krye edhe k\u00ebsaj pjese t\u00eb re p\u00ebrpjekjesh, duke u lidhur m\u00eb ngusht\u00eb me shqiptar\u00ebt dhe duke e synuar me forca t\u00eb reja maj\u00ebn ku do ta ngjisim me se s\u2019b\u00ebn Shqip\u00ebrin\u00eb.<\/span><br \/>\n<span style=\"color: #000000;\">Faleminderit t\u00eb gjith\u00ebve ju, q\u00eb m\u00eb mb\u00ebshtesni e inkurajoni apo m\u00eb ngacmoni e nxini jet\u00ebn me komentet tuaja.<\/span><br \/>\n<span style=\"color: #000000;\">Faleminderit t\u00eb gjith\u00eb shqiptar\u00ebve q\u00eb me vot\u00ebn e tyre, na e kan\u00eb besuar neve, socialist\u00ebve e progresist\u00ebve, k\u00ebt\u00eb mision historik p\u00ebr Shqip\u00ebrin\u00eb dhe po ashtu, faleminderit, atyre q\u00eb duke mos na e dh\u00ebn\u00eb vot\u00ebn, na kan\u00eb b\u00ebr\u00eb m\u00eb luftarak\u00eb e kok\u00ebfort\u00eb p\u00ebr misionin e Atdheut ton\u00eb t\u00eb p\u00ebrbashk\u00ebt.<\/span><br \/>\n<span style=\"color: #000000;\">Faleminderit miqve e partner\u00ebve tan\u00eb, q\u00eb t\u00eb gjith\u00ebve, p\u00ebr mb\u00ebshtetjen, kritikat, por edhe p\u00ebr refuzimet e viteve t\u00eb fundit, t\u00eb cilat na kan\u00eb ushqyer forc\u00ebn, kalitur durimin dhe mprehur urt\u00ebsin\u00eb.<\/span><br \/>\n<span style=\"color: #000000;\">Faleminderit n\u00eb fund, por jo p\u00ebr nga r\u00ebnd\u00ebsia, edhe Lind\u00ebs e f\u00ebmij\u00ebve, q\u00eb mbajn\u00eb n\u00eb k\u00ebt\u00eb rrug\u00eb barr\u00ebn e nj\u00eb sakrifice t\u00eb mundimshme, t\u00eb cil\u00ebn ve\u00e7 ata e askush tjet\u00ebr mund ta kuptojn\u00eb dot se \u00e7far\u00eb halli \u00ebsht\u00eb.<\/span><br \/>\n<span style=\"color: #000000;\">P\u00ebr haj\u00ebr \u2764\ufe0f<\/span><\/p>\n","protected":false,"gt_translate_keys":[{"key":"rendered","format":"html"}]},"excerpt":{"rendered":"<p>Kryeministri Edi Rama ka reaguar pas miratimit t\u00eb propozimit francez n\u00eb Kuvendin e Maqedonis\u00eb s\u00eb Veriut duke publikuar nj\u00eb foto t\u00eb tij\u00ebn me ish-kancelaren gjermane Angela Merkel. Duke iu referuar votimit n\u00eb Kuvendin e Maqedonis\u00eb s\u00eb Veriut, Rama shprehet se m\u00eb n\u00eb fund nuk ka m\u00eb asnj\u00eb penges\u00eb p\u00ebr negociatat e an\u00ebtar\u00ebsimit t\u00eb Shqip\u00ebris\u00eb n\u00eb [&hellip;]<\/p>\n","protected":false,"gt_translate_keys":[{"key":"rendered","format":"html"}]},"author":30,"featured_media":536308,"comment_status":"closed","ping_status":"closed","sticky":false,"template":"","format":"standard","meta":{"footnotes":""},"categories":[65,13],"tags":[],"class_list":["post-536307","post","type-post","status-publish","format-standard","has-post-thumbnail","hentry","category-lajme","category-te-fundit"],"gt_translate_keys":[{"key":"link","format":"url"}],"_links":{"self":[{"href":"https:\/\/www.hashtag.al\/index.php\/wp-json\/wp\/v2\/posts\/536307","targetHints":{"allow":["GET"]}}],"collection":[{"href":"https:\/\/www.hashtag.al\/index.php\/wp-json\/wp\/v2\/posts"}],"about":[{"href":"https:\/\/www.hashtag.al\/index.php\/wp-json\/wp\/v2\/types\/post"}],"author":[{"embeddable":true,"href":"https:\/\/www.hashtag.al\/index.php\/wp-json\/wp\/v2\/users\/30"}],"replies":[{"embeddable":true,"href":"https:\/\/www.hashtag.al\/index.php\/wp-json\/wp\/v2\/comments?post=536307"}],"version-history":[{"count":0,"href":"https:\/\/www.hashtag.al\/index.php\/wp-json\/wp\/v2\/posts\/536307\/revisions"}],"wp:featuredmedia":[{"embeddable":true,"href":"https:\/\/www.hashtag.al\/index.php\/wp-json\/wp\/v2\/media\/536308"}],"wp:attachment":[{"href":"https:\/\/www.hashtag.al\/index.php\/wp-json\/wp\/v2\/media?parent=536307"}],"wp:term":[{"taxonomy":"category","embeddable":true,"href":"https:\/\/www.hashtag.al\/index.php\/wp-json\/wp\/v2\/categories?post=536307"},{"taxonomy":"post_tag","embeddable":true,"href":"https:\/\/www.hashtag.al\/index.php\/wp-json\/wp\/v2\/tags?post=536307"}],"curies":[{"name":"wp","href":"https:\/\/api.w.org\/{rel}","templated":true}]}}