{"id":536202,"date":"2022-07-15T23:05:44","date_gmt":"2022-07-15T21:05:44","guid":{"rendered":"https:\/\/www.hashtag.al\/?p=536202"},"modified":"2022-07-15T23:07:46","modified_gmt":"2022-07-15T21:07:46","slug":"zhupa-lulzim-basha-ka-ende-shume-per-te-dhene-per-opozitarizmin-uroj-ta-shoh-sa-me-shpejt-aktiv-ne-pd-e-parlament","status":"publish","type":"post","link":"https:\/\/www.hashtag.al\/index.php\/2022\/07\/15\/zhupa-lulzim-basha-ka-ende-shume-per-te-dhene-per-opozitarizmin-uroj-ta-shoh-sa-me-shpejt-aktiv-ne-pd-e-parlament\/","title":{"rendered":"Zhupa: Lulzim Basha ka ende shum\u00eb p\u00ebr t\u00eb dh\u00ebn\u00eb p\u00ebr opozitarizmin","gt_translate_keys":[{"key":"rendered","format":"text"}]},"content":{"rendered":"<p><span style=\"color: #000000;\"><img loading=\"lazy\" decoding=\"async\" class=\"aligncenter size-full wp-image-536203\" src=\"https:\/\/www.hashtag.al\/wp-content\/uploads\/2022\/07\/zhua-e1657919131493.jpg\" alt=\"\" width=\"1280\" height=\"720\" srcset=\"https:\/\/www.hashtag.al\/wp-content\/uploads\/2022\/07\/zhua-e1657919131493.jpg 1280w, https:\/\/www.hashtag.al\/wp-content\/uploads\/2022\/07\/zhua-e1657919131493-300x169.jpg 300w, https:\/\/www.hashtag.al\/wp-content\/uploads\/2022\/07\/zhua-e1657919131493-1024x576.jpg 1024w, https:\/\/www.hashtag.al\/wp-content\/uploads\/2022\/07\/zhua-e1657919131493-768x432.jpg 768w\" sizes=\"auto, (max-width: 1280px) 100vw, 1280px\" \/><\/span><\/p>\n<p><span style=\"color: #000000;\">Deputetja e PD-s\u00eb Ina Zhupa tha mbr\u00ebmjen e sotme se e vler\u00ebson maksimalisht ish-kreun e PD-s\u00eb Basha. <\/span><\/p>\n<p><span style=\"color: #000000;\">E ftuar n\u00eb emisionin \u2018Pa Protokoll\u2019 n\u00eb Report Tv, demokratja tha se Basha ka ende shum\u00eb p\u00ebr t\u00eb dh\u00ebn\u00eb p\u00ebr opozitarizmin. <\/span><\/p>\n<p><span style=\"color: #000000;\">Ajo uroi q\u00eb ish-kryedemokrati t\u00eb rikhehet aktiv n\u00eb t\u00eb gjitha strukturat e PD-s\u00eb.<\/span><\/p>\n<p><span style=\"color: #000000;\"><em>\u201cP\u00ebr Bash\u00ebn kam nj\u00eb respekt maksimal, kam qen\u00eb nj\u00eb nga bashk\u00ebpun\u00ebtoret e tij m\u00eb t\u00eb ngushta. Uroj ta shoh sa m\u00eb shpejt aktiv n\u00eb t\u00eb gjitha strukturat e PD dhe kudo n\u00eb parlament. \u00cbsht\u00eb nj\u00eb njeri q\u00eb ka shum\u00eb p\u00ebr t\u00eb dh\u00ebn\u00eb ende p\u00ebr opozitarizmin dhe nuk ka arsye pse mos t\u00eb jet\u00eb aktiv dhe t\u00eb mos bashkohet p\u00ebr nj\u00eb lloj opozitarizmi kundrejt Edi Ram\u00ebs.\u201d<\/em> &#8211; tha Zhupa.<\/span><\/p>\n","protected":false,"gt_translate_keys":[{"key":"rendered","format":"html"}]},"excerpt":{"rendered":"<p>Deputetja e PD-s\u00eb Ina Zhupa tha mbr\u00ebmjen e sotme se e vler\u00ebson maksimalisht ish-kreun e PD-s\u00eb Basha. E ftuar n\u00eb emisionin \u2018Pa Protokoll\u2019 n\u00eb Report Tv, demokratja tha se Basha ka ende shum\u00eb p\u00ebr t\u00eb dh\u00ebn\u00eb p\u00ebr opozitarizmin. Ajo uroi q\u00eb ish-kryedemokrati t\u00eb rikhehet aktiv n\u00eb t\u00eb gjitha strukturat e PD-s\u00eb. \u201cP\u00ebr Bash\u00ebn kam nj\u00eb [&hellip;]<\/p>\n","protected":false,"gt_translate_keys":[{"key":"rendered","format":"html"}]},"author":51,"featured_media":536203,"comment_status":"closed","ping_status":"closed","sticky":false,"template":"","format":"standard","meta":{"footnotes":""},"categories":[65,13],"tags":[],"class_list":["post-536202","post","type-post","status-publish","format-standard","has-post-thumbnail","hentry","category-lajme","category-te-fundit"],"gt_translate_keys":[{"key":"link","format":"url"}],"_links":{"self":[{"href":"https:\/\/www.hashtag.al\/index.php\/wp-json\/wp\/v2\/posts\/536202","targetHints":{"allow":["GET"]}}],"collection":[{"href":"https:\/\/www.hashtag.al\/index.php\/wp-json\/wp\/v2\/posts"}],"about":[{"href":"https:\/\/www.hashtag.al\/index.php\/wp-json\/wp\/v2\/types\/post"}],"author":[{"embeddable":true,"href":"https:\/\/www.hashtag.al\/index.php\/wp-json\/wp\/v2\/users\/51"}],"replies":[{"embeddable":true,"href":"https:\/\/www.hashtag.al\/index.php\/wp-json\/wp\/v2\/comments?post=536202"}],"version-history":[{"count":0,"href":"https:\/\/www.hashtag.al\/index.php\/wp-json\/wp\/v2\/posts\/536202\/revisions"}],"wp:featuredmedia":[{"embeddable":true,"href":"https:\/\/www.hashtag.al\/index.php\/wp-json\/wp\/v2\/media\/536203"}],"wp:attachment":[{"href":"https:\/\/www.hashtag.al\/index.php\/wp-json\/wp\/v2\/media?parent=536202"}],"wp:term":[{"taxonomy":"category","embeddable":true,"href":"https:\/\/www.hashtag.al\/index.php\/wp-json\/wp\/v2\/categories?post=536202"},{"taxonomy":"post_tag","embeddable":true,"href":"https:\/\/www.hashtag.al\/index.php\/wp-json\/wp\/v2\/tags?post=536202"}],"curies":[{"name":"wp","href":"https:\/\/api.w.org\/{rel}","templated":true}]}}