{"id":536066,"date":"2022-07-15T14:42:25","date_gmt":"2022-07-15T12:42:25","guid":{"rendered":"https:\/\/www.hashtag.al\/?p=536066"},"modified":"2022-07-15T14:58:44","modified_gmt":"2022-07-15T12:58:44","slug":"kontradikta-a-eshte-bllof-i-kellicit-pretendimi-per-lidhjen-veliaj-dervishi","status":"publish","type":"post","link":"https:\/\/www.hashtag.al\/index.php\/2022\/07\/15\/kontradikta-a-eshte-bllof-i-kellicit-pretendimi-per-lidhjen-veliaj-dervishi\/","title":{"rendered":"Kontradikta &#8211; A \u00ebsht\u00eb bllof i K\u00eblli\u00e7it pretendimi p\u00ebr lidhjen Veliaj-Dervishi?","gt_translate_keys":[{"key":"rendered","format":"text"}]},"content":{"rendered":"<p><span style=\"color: #000000;\"><a href=\"https:\/\/www.hashtag.al\/wp-content\/uploads\/2022\/07\/Kellici-Veliaj-Dervishi.jpg\"><img loading=\"lazy\" decoding=\"async\" class=\"aligncenter size-full wp-image-536067\" src=\"https:\/\/www.hashtag.al\/wp-content\/uploads\/2022\/07\/Kellici-Veliaj-Dervishi.jpg\" alt=\"\" width=\"1790\" height=\"660\" srcset=\"https:\/\/www.hashtag.al\/wp-content\/uploads\/2022\/07\/Kellici-Veliaj-Dervishi.jpg 1790w, https:\/\/www.hashtag.al\/wp-content\/uploads\/2022\/07\/Kellici-Veliaj-Dervishi-300x111.jpg 300w, https:\/\/www.hashtag.al\/wp-content\/uploads\/2022\/07\/Kellici-Veliaj-Dervishi-1024x378.jpg 1024w, https:\/\/www.hashtag.al\/wp-content\/uploads\/2022\/07\/Kellici-Veliaj-Dervishi-768x283.jpg 768w, https:\/\/www.hashtag.al\/wp-content\/uploads\/2022\/07\/Kellici-Veliaj-Dervishi-1536x566.jpg 1536w\" sizes=\"auto, (max-width: 1790px) 100vw, 1790px\" \/><\/a><\/span><\/p>\n<p><span style=\"color: #000000;\">Paraditen e sotme deputeti i Partis\u00eb Demokratike Belind K\u00eblli\u00e7i doli n\u00eb nj\u00eb konferenc\u00eb p\u00ebr shtyp p\u00ebr t\u00eb publikuar disa dokumente t\u00eb tjera lidhur me afer\u00ebn e incenerator\u00ebve, nga ku akuzoi dhe kryetarin e Bashkis\u00eb s\u00eb Tiran\u00ebs, Erion Veliaj se ishte i lidhur me Arben Dervishin.<\/span><\/p>\n<p><span style=\"color: #000000;\"><em>\u201cAve Consulting \u00ebsht\u00eb nj\u00eb em\u00ebr q\u00eb shumica prej jush nuk e ka d\u00ebgjuar kurr\u00eb. Bashk\u00ebpronar i saj \u00ebsht\u00eb Arben Dervishaj, sipas informacioneve t\u00eb shumta t\u00eb Partis\u00eb Demokratike, me siguri nj\u00eb presta nome i lidhur me fam\u00ebkeqin Erion Veliaj.\u201d-<\/em> ishin fjal\u00ebt e K\u00eblli\u00e7it.<\/span><\/p>\n<p><span style=\"color: #000000;\">Menj\u00ebher\u00eb pas k\u00ebtij denoncimi t\u00eb K\u00eblli\u00e7it, gazeta proqeveritare \u201c<span style=\"color: #0000ff;\"><a style=\"color: #0000ff;\" href=\"https:\/\/www.gazetatema.net\/politika\/pse-belind-kellici-sfoli-per-arben-dervishin-ne-komision-hetimor-per-in-i347162\">TemA<\/a><\/span>\u201d ka publikuar nj\u00eb detaj q\u00eb v\u00eb n\u00eb dyshim ato \u00e7far\u00eb tha K\u00eblli\u00e7i sot dhe pyet se pse ai nuk foli kurr\u00eb p\u00ebr Dervishin n\u00eb ato muajt intensiv\u00eb kur ishte pjes\u00eb e Komisionit Hetimor t\u00eb Incenerator\u00ebve.<\/span><\/p>\n<p><span style=\"color: #000000;\">Gazeta kujton se n\u00eb Komisionin Hetimor t\u00eb Incenerator\u00ebve, pjes\u00eb e t\u00eb cilit ishte edhe K\u00eblli\u00e7i, an\u00ebtari i Komitetit Ekzekutiv t\u00eb FSHF-s\u00eb, Arben Dervishi, nuk u thirr kurr\u00eb t\u00eb d\u00ebshmonte.<\/span><\/p>\n<p><span style=\"color: #000000;\">Nd\u00ebrkoh\u00eb q\u00eb opozita e cila pretendonte se po hetonte incenerator\u00ebt e injoroi Dervishin, kryebashkiaku i Tiran\u00ebs Erion Veliaj i k\u00ebrkoi disa her\u00eb kryetares s\u00eb komisionit Jorida Tabaku, q\u00eb edhe ai t\u00eb thirrej si gjith\u00eb t\u00eb tjer\u00ebt. Nd\u00ebrsa shprehte hapur rezervat q\u00eb kishte p\u00ebr t\u00eb. Veliaj thoshte se Dervishi si supervizori i projektit duhej t\u00eb ishte thirrur.<\/span><\/p>\n<p><span style=\"color: #000000;\"><em>\u201c\u00c7do pun\u00eb publike ka nj\u00eb supervizor. Supervizori i k\u00ebsaj pune publike quhet Arben Dervishi. \u00cbsht\u00eb ky i FSHF-s\u00eb, q\u00eb vjedh zgjedhjet n\u00eb Gjirokast\u00ebr. Shyqyr zgjedhjet u pezulluan. Un\u00eb nuk jam tekniku i lavatri\u00e7es, q\u00eb t\u00eb merrem me bullona e furrnalta. Un\u00eb jam kryetari i Bashkis\u00eb. Kam nj\u00eb detyrim q\u00eb ta \u00e7oj mbeturin\u00ebn deri te dera, t\u00eb peshohet, nd\u00ebrkoh\u00eb q\u00eb ai po merr pa fund para, por ju s\u2019flisni. Pse s\u2019flisni p\u00ebr Ben Dervishin e Armando Duk\u00ebs? Sepse ky njeri \u00ebsht\u00eb supervizori. Tani q\u00eb gara p\u00ebr FSHF-n\u00eb \u00ebsht\u00eb pezulluar, ka koh\u00eb t\u00eb p\u00ebrgjigjet edhe p\u00ebr k\u00ebt\u00eb. Paguhet sa fr\u00ebngu pul\u00ebn, t\u00eb jap\u00eb llogari ku shkojn\u00eb lek\u00ebt e supervizorit. T\u00eb vij\u00eb k\u00ebtu si burrat e t\u00eb mos shkoj\u00eb koteceve, t\u00eb vjedh\u00eb votat e FSHF.&#8221;-<\/em> deklaronte Veliaj kur ishte thirrur t\u00eb d\u00ebshmonte n\u00eb mbledhjen e komisionit hetimor. Prandaj denoncimi i K\u00eblli\u00e7it sot e nxjerr at\u00eb bllof dhe ngre shum\u00eb pik\u00ebpyetje mbi seriozitetin e hetimit t\u00eb komisionit.<\/span><\/p>\n","protected":false,"gt_translate_keys":[{"key":"rendered","format":"html"}]},"excerpt":{"rendered":"<p>Paraditen e sotme deputeti i Partis\u00eb Demokratike Belind K\u00eblli\u00e7i doli n\u00eb nj\u00eb konferenc\u00eb p\u00ebr shtyp p\u00ebr t\u00eb publikuar disa dokumente t\u00eb tjera lidhur me afer\u00ebn e incenerator\u00ebve, nga ku akuzoi dhe kryetarin e Bashkis\u00eb s\u00eb Tiran\u00ebs, Erion Veliaj se ishte i lidhur me Arben Dervishin. \u201cAve Consulting \u00ebsht\u00eb nj\u00eb em\u00ebr q\u00eb shumica prej jush nuk [&hellip;]<\/p>\n","protected":false,"gt_translate_keys":[{"key":"rendered","format":"html"}]},"author":30,"featured_media":536067,"comment_status":"closed","ping_status":"closed","sticky":false,"template":"","format":"standard","meta":{"footnotes":""},"categories":[22,13],"tags":[],"class_list":["post-536066","post","type-post","status-publish","format-standard","has-post-thumbnail","hentry","category-ballina","category-te-fundit"],"gt_translate_keys":[{"key":"link","format":"url"}],"_links":{"self":[{"href":"https:\/\/www.hashtag.al\/index.php\/wp-json\/wp\/v2\/posts\/536066","targetHints":{"allow":["GET"]}}],"collection":[{"href":"https:\/\/www.hashtag.al\/index.php\/wp-json\/wp\/v2\/posts"}],"about":[{"href":"https:\/\/www.hashtag.al\/index.php\/wp-json\/wp\/v2\/types\/post"}],"author":[{"embeddable":true,"href":"https:\/\/www.hashtag.al\/index.php\/wp-json\/wp\/v2\/users\/30"}],"replies":[{"embeddable":true,"href":"https:\/\/www.hashtag.al\/index.php\/wp-json\/wp\/v2\/comments?post=536066"}],"version-history":[{"count":0,"href":"https:\/\/www.hashtag.al\/index.php\/wp-json\/wp\/v2\/posts\/536066\/revisions"}],"wp:featuredmedia":[{"embeddable":true,"href":"https:\/\/www.hashtag.al\/index.php\/wp-json\/wp\/v2\/media\/536067"}],"wp:attachment":[{"href":"https:\/\/www.hashtag.al\/index.php\/wp-json\/wp\/v2\/media?parent=536066"}],"wp:term":[{"taxonomy":"category","embeddable":true,"href":"https:\/\/www.hashtag.al\/index.php\/wp-json\/wp\/v2\/categories?post=536066"},{"taxonomy":"post_tag","embeddable":true,"href":"https:\/\/www.hashtag.al\/index.php\/wp-json\/wp\/v2\/tags?post=536066"}],"curies":[{"name":"wp","href":"https:\/\/api.w.org\/{rel}","templated":true}]}}