{"id":535624,"date":"2022-07-13T19:15:34","date_gmt":"2022-07-13T17:15:34","guid":{"rendered":"https:\/\/www.hashtag.al\/?p=535624"},"modified":"2022-07-13T19:15:34","modified_gmt":"2022-07-13T17:15:34","slug":"dosja-per-lobim-ne-spak-kryemadhi-lsi-ka-paditur-halit-valterin-per-kallezim-te-rreme","status":"publish","type":"post","link":"https:\/\/www.hashtag.al\/index.php\/2022\/07\/13\/dosja-per-lobim-ne-spak-kryemadhi-lsi-ka-paditur-halit-valterin-per-kallezim-te-rreme\/","title":{"rendered":"\u201cDosja p\u00ebr lobim n\u00eb SPAK\u201d-Kryemadhi: LSI ka paditur Halit Valterin p\u00ebr kall\u00ebzim t\u00eb rrem\u00eb","gt_translate_keys":[{"key":"rendered","format":"text"}]},"content":{"rendered":"<p style=\"text-align: justify;\"><span style=\"color: #000000;\"><img loading=\"lazy\" decoding=\"async\" class=\"aligncenter size-full wp-image-535625\" src=\"https:\/\/www.hashtag.al\/wp-content\/uploads\/2022\/07\/mona-haliti-scaled.jpg\" alt=\"\" width=\"2560\" height=\"1592\" srcset=\"https:\/\/www.hashtag.al\/wp-content\/uploads\/2022\/07\/mona-haliti-scaled.jpg 2560w, https:\/\/www.hashtag.al\/wp-content\/uploads\/2022\/07\/mona-haliti-300x187.jpg 300w, https:\/\/www.hashtag.al\/wp-content\/uploads\/2022\/07\/mona-haliti-1024x637.jpg 1024w, https:\/\/www.hashtag.al\/wp-content\/uploads\/2022\/07\/mona-haliti-768x478.jpg 768w, https:\/\/www.hashtag.al\/wp-content\/uploads\/2022\/07\/mona-haliti-1536x955.jpg 1536w, https:\/\/www.hashtag.al\/wp-content\/uploads\/2022\/07\/mona-haliti-2048x1274.jpg 2048w\" sizes=\"auto, (max-width: 2560px) 100vw, 2560px\" \/><\/span><\/p>\n<p style=\"text-align: justify;\"><span style=\"color: #000000;\">Kryetarja e L\u00ebvizjes Socialiste p\u00ebr Integrim, Monika Kryemadhi deklaroi n\u00eb nj\u00eb intervist\u00eb p\u00ebr Z\u00ebrin e Amerik\u00ebs se ndaj ish-deputetit Halit Valteri ka b\u00ebr\u00eb nj\u00eb kall\u00ebzim penal p\u00ebr deklarim t\u00eb rrem\u00eb.<\/span><\/p>\n<p style=\"text-align: justify;\"><span style=\"color: #000000;\">Padia \u00ebsht\u00eb b\u00ebr\u00eb pasi ish-deputeti ka depozituar n\u00eb SPAK ku akuzon drejtuesit e k\u00ebsaj force politike p\u00ebr kontrata lobimi t\u00eb financuara nga fonde t\u00eb padeklaruara.<\/span><\/p>\n<p style=\"text-align: justify;\"><span style=\"color: #000000;\">\u201c<em>Un\u00eb mendoj se \u2018Z\u00ebri i Amerik\u00ebs\u2019 e di shum\u00eb mir\u00eb q\u00eb si funksionojn\u00eb kontratat e lobimit m\u00eb mir\u00eb se Monika apo Halit Valteri me t\u00eb cilin s\u2019kam fare nd\u00ebrmend t\u00eb merrem. Un\u00eb i kam b\u00ebr\u00eb nj\u00eb kall\u00ebzim p\u00ebr deklarim t\u00eb rrem\u00eb. Kaq dhe nuk merrem m\u00eb me t\u00eb. Por, subvencioni q\u00eb b\u00ebhen nga parat\u00eb e incenerator\u00ebve ku ne presim t\u00eb shikojm\u00eb 128 milion\u00eb euro t\u00eb cilat kryeministri shqiptar thot\u00eb q\u00eb duhet t\u00eb investoheshin nga koncesionari i incenerator\u00ebve n\u00eb m\u00ebnyr\u00eb q\u00eb t\u00eb merrnin shp\u00ebrblimin prej 29 eurosh toni, kjo gj\u00eb nuk ka ndodhur. Parat\u00eb e shqiptar\u00ebve jan\u00eb p\u00ebrdorur p\u00ebr blerjen e mediave dhe politikan\u00ebve, blerjen e koh\u00ebs televizive, blerjen e bizneseve edhe t\u00eb politikan\u00ebve p\u00ebr t\u2019u mbyllur goj\u00ebn. Kjo \u00ebsht\u00eb nj\u00eb situat\u00eb q\u00eb p\u00ebr t\u00eb shmangur v\u00ebmendjen nga e gjith\u00eb kjo skem\u00eb korruptive ku po t\u00eb kishte nj\u00eb sistem drejt\u00ebsie dhe ku SPAK t\u00eb ishte v\u00ebrtet SPAK, do t\u00eb kishte hetuar jo vet\u00ebm afer\u00ebn korruptive t\u00eb incenerator\u00ebve por do t\u00eb kishte zbardhur dhe t\u00eb gjith\u00eb p\u00ebrdorimin dhe futjen e parave q\u00eb vijn\u00eb jasht\u00eb biznesit shqiptar dhe jan\u00eb futur n\u00eb qarkullim. P\u00ebrve\u00e7 k\u00ebsaj kan\u00eb d\u00ebmtuar ekonomin\u00eb shqiptare\u201d-<\/em>deklaroi Kryemadhi.<\/span><\/p>\n","protected":false,"gt_translate_keys":[{"key":"rendered","format":"html"}]},"excerpt":{"rendered":"<p>Kryetarja e L\u00ebvizjes Socialiste p\u00ebr Integrim, Monika Kryemadhi deklaroi n\u00eb nj\u00eb intervist\u00eb p\u00ebr Z\u00ebrin e Amerik\u00ebs se ndaj ish-deputetit Halit Valteri ka b\u00ebr\u00eb nj\u00eb kall\u00ebzim penal p\u00ebr deklarim t\u00eb rrem\u00eb. Padia \u00ebsht\u00eb b\u00ebr\u00eb pasi ish-deputeti ka depozituar n\u00eb SPAK ku akuzon drejtuesit e k\u00ebsaj force politike p\u00ebr kontrata lobimi t\u00eb financuara nga fonde t\u00eb padeklaruara. [&hellip;]<\/p>\n","protected":false,"gt_translate_keys":[{"key":"rendered","format":"html"}]},"author":32,"featured_media":535625,"comment_status":"closed","ping_status":"closed","sticky":false,"template":"","format":"standard","meta":{"footnotes":""},"categories":[65,13],"tags":[],"class_list":["post-535624","post","type-post","status-publish","format-standard","has-post-thumbnail","hentry","category-lajme","category-te-fundit"],"gt_translate_keys":[{"key":"link","format":"url"}],"_links":{"self":[{"href":"https:\/\/www.hashtag.al\/index.php\/wp-json\/wp\/v2\/posts\/535624","targetHints":{"allow":["GET"]}}],"collection":[{"href":"https:\/\/www.hashtag.al\/index.php\/wp-json\/wp\/v2\/posts"}],"about":[{"href":"https:\/\/www.hashtag.al\/index.php\/wp-json\/wp\/v2\/types\/post"}],"author":[{"embeddable":true,"href":"https:\/\/www.hashtag.al\/index.php\/wp-json\/wp\/v2\/users\/32"}],"replies":[{"embeddable":true,"href":"https:\/\/www.hashtag.al\/index.php\/wp-json\/wp\/v2\/comments?post=535624"}],"version-history":[{"count":0,"href":"https:\/\/www.hashtag.al\/index.php\/wp-json\/wp\/v2\/posts\/535624\/revisions"}],"wp:featuredmedia":[{"embeddable":true,"href":"https:\/\/www.hashtag.al\/index.php\/wp-json\/wp\/v2\/media\/535625"}],"wp:attachment":[{"href":"https:\/\/www.hashtag.al\/index.php\/wp-json\/wp\/v2\/media?parent=535624"}],"wp:term":[{"taxonomy":"category","embeddable":true,"href":"https:\/\/www.hashtag.al\/index.php\/wp-json\/wp\/v2\/categories?post=535624"},{"taxonomy":"post_tag","embeddable":true,"href":"https:\/\/www.hashtag.al\/index.php\/wp-json\/wp\/v2\/tags?post=535624"}],"curies":[{"name":"wp","href":"https:\/\/api.w.org\/{rel}","templated":true}]}}