{"id":535431,"date":"2022-07-12T22:04:15","date_gmt":"2022-07-12T20:04:15","guid":{"rendered":"https:\/\/www.hashtag.al\/?p=535431"},"modified":"2022-07-12T22:04:15","modified_gmt":"2022-07-12T20:04:15","slug":"liz-truss-drejt-marrjes-se-drejtimit-te-konservatoreve-ne-britani","status":"publish","type":"post","link":"https:\/\/www.hashtag.al\/index.php\/2022\/07\/12\/liz-truss-drejt-marrjes-se-drejtimit-te-konservatoreve-ne-britani\/","title":{"rendered":"Liz Truss drejt marrjes s\u00eb drejtimit t\u00eb konservator\u00ebve n\u00eb Britani","gt_translate_keys":[{"key":"rendered","format":"text"}]},"content":{"rendered":"<p style=\"text-align: justify;\"><span style=\"color: #000000;\"><img loading=\"lazy\" decoding=\"async\" class=\"aligncenter size-full wp-image-535432\" src=\"https:\/\/www.hashtag.al\/wp-content\/uploads\/2022\/07\/liz-truss.jpg\" alt=\"\" width=\"768\" height=\"432\" srcset=\"https:\/\/www.hashtag.al\/wp-content\/uploads\/2022\/07\/liz-truss.jpg 768w, https:\/\/www.hashtag.al\/wp-content\/uploads\/2022\/07\/liz-truss-300x169.jpg 300w\" sizes=\"auto, (max-width: 768px) 100vw, 768px\" \/><\/span><\/p>\n<p style=\"text-align: justify;\"><span style=\"color: #000000;\">Sekretarja e Jashtme e Mbret\u00ebris\u00eb s\u00eb Bashkuar, Liz Truss, ka marr\u00eb mb\u00ebshtetjen e 20 an\u00ebtar\u00ebve t\u00eb Parlamentit, duke fituar k\u00ebshtu t\u00eb drejt\u00ebn p\u00ebr t\u00eb marr\u00eb pjes\u00eb n\u00eb gar\u00ebn e lidershipit konservator, raportuan mediat britanike t\u00eb mart\u00ebn p\u00ebrpara afatit t\u00eb caktuar n\u00eb or\u00ebn 18:00 GMT p\u00ebr kandidat\u00ebt.<\/span><\/p>\n<p style=\"text-align: justify;\"><span style=\"color: #000000;\">Truss u b\u00eb kandidatja e kat\u00ebrt p\u00ebr t\u00eb kaluar pragun, pas ish-kancelarit Rishi Sunak, Ministres s\u00eb Tregtis\u00eb Penny Mordaunt dhe Kryetarit t\u00eb Komisionit t\u00eb P\u00ebrzgjedhur t\u00eb Pun\u00ebve t\u00eb Jashtme Tom Tugendhat.<\/span><\/p>\n<p style=\"text-align: justify;\"><span style=\"color: #000000;\">Fushata e kryediplomates s\u00eb Mbret\u00ebris\u00eb s\u00eb Bashkuar u miratua nga dy prej aleat\u00ebve m\u00eb t\u00eb ngusht\u00eb t\u00eb kryeministrit Boris Johnson, Ministri i Shtetit p\u00ebr Mund\u00ebsit\u00eb e Brexit Jacob Rees-Mogg dhe Sekretarja e Kultur\u00ebs Nadine Dorries. Duke shpallur mb\u00ebshtetjen e tij, Rees-Mogg p\u00ebrsh\u00ebndeti Truss p\u00ebr t\u00eb qen\u00eb nj\u00eb &#8220;euroskeptik i fort\u00eb&#8221; dhe pretendoi se ajo &#8220;ishte gjithmon\u00eb kund\u00ebr taksave m\u00eb t\u00eb larta t\u00eb Rishit&#8221;, q\u00eb \u00ebsht\u00eb, sipas mendimit t\u00eb tij, nj\u00eb manifestim i &#8220;konservatorizmit t\u00eb duhur&#8221;.<\/span><\/p>\n<p style=\"text-align: justify;\"><span style=\"color: #000000;\">Dy shtete t\u00eb tjera t\u00eb r\u00ebnda t\u00eb qeveris\u00eb \u2013 Z\u00ebvend\u00ebskryeministri Dominic Raab dhe Sekretari i Transportit Grant Shapps \u2013 kan\u00eb njoftuar mb\u00ebshtetjen e tyre p\u00ebr Sunak.<\/span><\/p>\n<p style=\"text-align: justify;\"><span style=\"color: #000000;\">Nj\u00eb kandidate e madhe e mundshme \u2013 Sekretarja e Brendshme Priti Patel \u2013 e p\u00ebrjashtoi veten nga gara t\u00eb mart\u00ebn. Ajo nuk ka mb\u00ebshtetur asnj\u00eb kandidat deri m\u00eb tani.<\/span><\/p>\n<p style=\"text-align: justify;\"><span style=\"color: #000000;\">Deputet\u00ebt do t\u00eb hedhin vot\u00ebn e par\u00eb t\u00eb m\u00ebrkur\u00ebn, ku kandidat\u00ebt duhet t\u00eb marrin 30 vota p\u00ebr t\u00eb hyr\u00eb n\u00eb raundin e dyt\u00eb, i cili do t\u00eb zhvillohet dit\u00ebn e nes\u00ebrme. Flet\u00ebt e votimit do t\u00eb vazhdojn\u00eb derisa t\u00eb eliminohen t\u00eb gjith\u00eb kandidat\u00ebt p\u00ebrve\u00e7 dy. Fituesi i gar\u00ebs p\u00ebr lidership do t\u00eb shpallet m\u00eb 5 shtator, pas votimit mbar\u00ebkomb\u00ebtar t\u00eb an\u00ebtar\u00ebve t\u00eb partis\u00eb.<\/span><\/p>\n<p style=\"text-align: justify;\"><span style=\"color: #000000;\">Rregullat e p\u00ebrdit\u00ebsuara t\u00eb procedur\u00ebs u miratuan m\u00eb 11 korrik nga Komiteti i Mbrojt\u00ebsve t\u00eb 1922, disa dit\u00eb pas njoftimit t\u00eb Boris Johnson p\u00ebr q\u00ebllimin e tij p\u00ebr t\u00eb dh\u00ebn\u00eb dor\u00ebheqjen. Vendimit i parapriu nj\u00eb mori skandalesh dhe nj\u00eb val\u00eb dor\u00ebheqjesh t\u00eb an\u00ebtar\u00ebve t\u00eb lart\u00eb t\u00eb kabinetit. Johnson u zotua t\u00eb vazhdoj\u00eb me pun\u00ebn derisa t\u00eb zgjidhet nj\u00eb udh\u00ebheq\u00ebs i ri.<\/span><\/p>\n","protected":false,"gt_translate_keys":[{"key":"rendered","format":"html"}]},"excerpt":{"rendered":"<p>Sekretarja e Jashtme e Mbret\u00ebris\u00eb s\u00eb Bashkuar, Liz Truss, ka marr\u00eb mb\u00ebshtetjen e 20 an\u00ebtar\u00ebve t\u00eb Parlamentit, duke fituar k\u00ebshtu t\u00eb drejt\u00ebn p\u00ebr t\u00eb marr\u00eb pjes\u00eb n\u00eb gar\u00ebn e lidershipit konservator, raportuan mediat britanike t\u00eb mart\u00ebn p\u00ebrpara afatit t\u00eb caktuar n\u00eb or\u00ebn 18:00 GMT p\u00ebr kandidat\u00ebt. Truss u b\u00eb kandidatja e kat\u00ebrt p\u00ebr t\u00eb kaluar [&hellip;]<\/p>\n","protected":false,"gt_translate_keys":[{"key":"rendered","format":"html"}]},"author":32,"featured_media":535432,"comment_status":"closed","ping_status":"closed","sticky":false,"template":"","format":"standard","meta":{"footnotes":""},"categories":[6,13],"tags":[],"class_list":["post-535431","post","type-post","status-publish","format-standard","has-post-thumbnail","hentry","category-nderkombetare","category-te-fundit"],"gt_translate_keys":[{"key":"link","format":"url"}],"_links":{"self":[{"href":"https:\/\/www.hashtag.al\/index.php\/wp-json\/wp\/v2\/posts\/535431","targetHints":{"allow":["GET"]}}],"collection":[{"href":"https:\/\/www.hashtag.al\/index.php\/wp-json\/wp\/v2\/posts"}],"about":[{"href":"https:\/\/www.hashtag.al\/index.php\/wp-json\/wp\/v2\/types\/post"}],"author":[{"embeddable":true,"href":"https:\/\/www.hashtag.al\/index.php\/wp-json\/wp\/v2\/users\/32"}],"replies":[{"embeddable":true,"href":"https:\/\/www.hashtag.al\/index.php\/wp-json\/wp\/v2\/comments?post=535431"}],"version-history":[{"count":0,"href":"https:\/\/www.hashtag.al\/index.php\/wp-json\/wp\/v2\/posts\/535431\/revisions"}],"wp:featuredmedia":[{"embeddable":true,"href":"https:\/\/www.hashtag.al\/index.php\/wp-json\/wp\/v2\/media\/535432"}],"wp:attachment":[{"href":"https:\/\/www.hashtag.al\/index.php\/wp-json\/wp\/v2\/media?parent=535431"}],"wp:term":[{"taxonomy":"category","embeddable":true,"href":"https:\/\/www.hashtag.al\/index.php\/wp-json\/wp\/v2\/categories?post=535431"},{"taxonomy":"post_tag","embeddable":true,"href":"https:\/\/www.hashtag.al\/index.php\/wp-json\/wp\/v2\/tags?post=535431"}],"curies":[{"name":"wp","href":"https:\/\/api.w.org\/{rel}","templated":true}]}}