{"id":535289,"date":"2022-07-12T12:42:48","date_gmt":"2022-07-12T10:42:48","guid":{"rendered":"https:\/\/www.hashtag.al\/?p=535289"},"modified":"2022-07-12T12:48:46","modified_gmt":"2022-07-12T10:48:46","slug":"me-video-aleanca-per-mbrjotjen-e-butrintit-debat-me-shalsin-ne-zyren-e-tij-deputeti-do-e-kalojme-ligjin-pa-ndryshuar-asgje","status":"publish","type":"post","link":"https:\/\/www.hashtag.al\/index.php\/2022\/07\/12\/me-video-aleanca-per-mbrjotjen-e-butrintit-debat-me-shalsin-ne-zyren-e-tij-deputeti-do-e-kalojme-ligjin-pa-ndryshuar-asgje\/","title":{"rendered":"ME VIDEO &#8211; Aleanca p\u00ebr Mbrojtjen e Butrintit debat me Shalsin n\u00eb zyr\u00ebn e tij, deputeti: Do e kalojm\u00eb ligjin pa ndryshuar asgj\u00eb","gt_translate_keys":[{"key":"rendered","format":"text"}]},"content":{"rendered":"<div style=\"width: 848px;\" class=\"wp-video\"><video class=\"wp-video-shortcode\" id=\"video-535289-1\" width=\"848\" height=\"480\" preload=\"metadata\" controls=\"controls\"><source type=\"video\/mp4\" src=\"https:\/\/www.hashtag.al\/wp-content\/uploads\/2022\/07\/WhatsApp-Video-2022-07-12-at-12.34.44-PM.mp4?_=1\" \/><a href=\"https:\/\/www.hashtag.al\/wp-content\/uploads\/2022\/07\/WhatsApp-Video-2022-07-12-at-12.34.44-PM.mp4\">https:\/\/www.hashtag.al\/wp-content\/uploads\/2022\/07\/WhatsApp-Video-2022-07-12-at-12.34.44-PM.mp4<\/a><\/video><\/div>\n<p>&nbsp;<\/p>\n<p><span style=\"color: #000000;\">P\u00ebrfaq\u00ebsues t\u00eb Aleanc\u00ebs p\u00ebr Mbrojtjen e Butrintit nuk jan\u00eb lejuar q\u00eb t\u00eb futen sot n\u00eb mbledhjen e Komisionit t\u00eb Ekonomis\u00eb ku u shqyrtua dekreti i presidentit Meta p\u00ebr kthimin e k\u00ebtij ligji n\u00eb parlament. <\/span><\/p>\n<p><span style=\"color: #000000;\">N\u00eb nj\u00eb video t\u00eb publikuar nga nj\u00ebri prej p\u00ebrfaq\u00ebsis\u00eb, gazetari Ardit Zenelui, shfaqet debati n\u00eb zyr\u00ebn e kreut t\u00eb komisionit Shalsi. <\/span><\/p>\n<p><span style=\"color: #000000;\">Gazetari shkruan se Shalsi ka pohuar gjat\u00eb mbledhjes s\u00eb ligji do kaloj\u00eb n\u00eb parlament p\u00ebr miratim pa asnj\u00eb ndryshim pa u marr\u00eb parasysh asnj\u00eb nga k\u00ebrkesat e b\u00ebra si nga presidenti Meta ashtu edhe nga Aleanca p\u00ebr Mbrojtjen e Butrintit.<\/span><\/p>\n<p><span style=\"color: #000000;\"><em>\u201cSot nuk na lejuan t\u00eb hynim n\u00eb Komisionin e Ekonomis\u00eb, ku do shqyrtohej dekreti i Presidentit, p\u00ebr dh\u00ebnien me koncesion t\u00eb Butrintit. Kryetari i Komisionit t\u00eb Ekonomis\u00eb, Eduard Shalsi, na tha se ju nuk do d\u00ebgjoheni dhe nuk mund t\u00eb hyni n\u00eb komisionin q\u00eb ai drejton. Megjith\u00ebse jemi pal\u00eb e interesuar dhe kemi d\u00ebguar shkres\u00eb t\u00eb protokolluar, t\u00eb premten e kaluar n\u00eb Kryesin\u00eb e Kuvendit. Zoti Shalsi na pohoi se do e kalonin n\u00eb komision, se nuk do ndryshonte asgj\u00eb, madje se do t\u2019a kalonin dhe n\u00eb Parlament, si her\u00ebn e par\u00eb, pa mar\u00eb parasysh asgj\u00eb. K\u00ebto na i tha n\u00eb zyr\u00ebn e tij, pra jo n\u00eb komision. Po ashtu pohoi, se na kishte d\u00ebgjuar\u00a0 nga youtube, ne dhe disa t\u00eb tjer\u00eb. Dhe se nuk \u00ebsht\u00eb koha m\u00eb p\u00ebr d\u00ebgjesa por p\u00ebr vendimarrje.\u201d<\/em> &#8211; thot\u00eb Zeneli.<\/span><\/p>\n<p><span style=\"color: #000000;\">N\u00eb mbledhjen e Komisionit pati debate edhe mes deputet\u00ebve t\u00eb PD-s\u00eb e atyre t\u00eb PS-s\u00eb. Gjat\u00eb fjal\u00ebs s\u00eb tij, p\u00ebrfaq\u00ebsuesi i Presidenc\u00ebs Bledi Dervishaj argumentoi dekretin e Met\u00ebs p\u00ebr kthimin e ligjit. <\/span><\/p>\n<p><span style=\"color: #000000;\">Ai tha se koncesioni cenon Kushtetut\u00ebn, Konvent\u00ebn e Parisit, nuk garanton ruajtjen dhe mbrojtjen e vlerave kulturore si dhe ndalon auditimin e t\u00eb ardhurave t\u00eb fituara. <\/span><\/p>\n<p><span style=\"color: #000000;\">Po k\u00ebshtu ai tha se ka pik\u00ebpyetje mbi m\u00ebnyr\u00ebn e p\u00ebrzgjedhjes s\u00eb Fondit Shqiptaro-Amerikan t\u00eb Zhvillimit si kompania fituese e koncesionit.<\/span><\/p>\n","protected":false,"gt_translate_keys":[{"key":"rendered","format":"html"}]},"excerpt":{"rendered":"<p>&nbsp; P\u00ebrfaq\u00ebsues t\u00eb Aleanc\u00ebs p\u00ebr Mbrojtjen e Butrintit nuk jan\u00eb lejuar q\u00eb t\u00eb futen sot n\u00eb mbledhjen e Komisionit t\u00eb Ekonomis\u00eb ku u shqyrtua dekreti i presidentit Meta p\u00ebr kthimin e k\u00ebtij ligji n\u00eb parlament. N\u00eb nj\u00eb video t\u00eb publikuar nga nj\u00ebri prej p\u00ebrfaq\u00ebsis\u00eb, gazetari Ardit Zenelui, shfaqet debati n\u00eb zyr\u00ebn e kreut t\u00eb komisionit [&hellip;]<\/p>\n","protected":false,"gt_translate_keys":[{"key":"rendered","format":"html"}]},"author":51,"featured_media":535291,"comment_status":"closed","ping_status":"closed","sticky":false,"template":"","format":"standard","meta":{"footnotes":""},"categories":[65,13],"tags":[],"class_list":["post-535289","post","type-post","status-publish","format-standard","has-post-thumbnail","hentry","category-lajme","category-te-fundit"],"gt_translate_keys":[{"key":"link","format":"url"}],"_links":{"self":[{"href":"https:\/\/www.hashtag.al\/index.php\/wp-json\/wp\/v2\/posts\/535289","targetHints":{"allow":["GET"]}}],"collection":[{"href":"https:\/\/www.hashtag.al\/index.php\/wp-json\/wp\/v2\/posts"}],"about":[{"href":"https:\/\/www.hashtag.al\/index.php\/wp-json\/wp\/v2\/types\/post"}],"author":[{"embeddable":true,"href":"https:\/\/www.hashtag.al\/index.php\/wp-json\/wp\/v2\/users\/51"}],"replies":[{"embeddable":true,"href":"https:\/\/www.hashtag.al\/index.php\/wp-json\/wp\/v2\/comments?post=535289"}],"version-history":[{"count":0,"href":"https:\/\/www.hashtag.al\/index.php\/wp-json\/wp\/v2\/posts\/535289\/revisions"}],"wp:featuredmedia":[{"embeddable":true,"href":"https:\/\/www.hashtag.al\/index.php\/wp-json\/wp\/v2\/media\/535291"}],"wp:attachment":[{"href":"https:\/\/www.hashtag.al\/index.php\/wp-json\/wp\/v2\/media?parent=535289"}],"wp:term":[{"taxonomy":"category","embeddable":true,"href":"https:\/\/www.hashtag.al\/index.php\/wp-json\/wp\/v2\/categories?post=535289"},{"taxonomy":"post_tag","embeddable":true,"href":"https:\/\/www.hashtag.al\/index.php\/wp-json\/wp\/v2\/tags?post=535289"}],"curies":[{"name":"wp","href":"https:\/\/api.w.org\/{rel}","templated":true}]}}