{"id":534840,"date":"2022-07-10T11:40:25","date_gmt":"2022-07-10T09:40:25","guid":{"rendered":"https:\/\/www.hashtag.al\/?p=534840"},"modified":"2022-07-10T11:40:25","modified_gmt":"2022-07-10T09:40:25","slug":"meta-firmos-dekretin-e-protokollit-per-aderimin-e-finlandes-dhe-suedise-ne-nato","status":"publish","type":"post","link":"https:\/\/www.hashtag.al\/index.php\/2022\/07\/10\/meta-firmos-dekretin-e-protokollit-per-aderimin-e-finlandes-dhe-suedise-ne-nato\/","title":{"rendered":"Meta firmos dekretin e protokollit p\u00ebr aderimin e Finland\u00ebs dhe Suedis\u00eb n\u00eb NATO","gt_translate_keys":[{"key":"rendered","format":"text"}]},"content":{"rendered":"<p style=\"text-align: justify;\"><span style=\"color: #000000;\"><img loading=\"lazy\" decoding=\"async\" class=\"aligncenter size-full wp-image-527849\" src=\"https:\/\/www.hashtag.al\/wp-content\/uploads\/2022\/06\/ilir-meta.jpg\" alt=\"\" width=\"1280\" height=\"932\" srcset=\"https:\/\/www.hashtag.al\/wp-content\/uploads\/2022\/06\/ilir-meta.jpg 1280w, https:\/\/www.hashtag.al\/wp-content\/uploads\/2022\/06\/ilir-meta-300x218.jpg 300w, https:\/\/www.hashtag.al\/wp-content\/uploads\/2022\/06\/ilir-meta-1024x746.jpg 1024w, https:\/\/www.hashtag.al\/wp-content\/uploads\/2022\/06\/ilir-meta-768x559.jpg 768w\" sizes=\"auto, (max-width: 1280px) 100vw, 1280px\" \/><\/span><\/p>\n<p style=\"text-align: justify;\"><span style=\"color: #000000;\">Presidenti n\u00eb detyr\u00eb i Republik\u00ebs, Ilir Meta nuk ka vonuar me firmosjen e ligjeve p\u00ebr ratifikimin e protokollit p\u00ebr aderimin n\u00eb NATO t\u00eb Finland\u00ebs dhe Suedis\u00eb.<\/span><\/p>\n<p style=\"text-align: justify;\"><span style=\"color: #000000;\">Kuvendi i Republik\u00ebs i votoi protokollet m\u00eb dat\u00eb 7 korrik, nd\u00ebrsa Presidenti vet\u00ebm 4 dit\u00eb m\u00eb von\u00eb dekretoi t\u00eb dy ligjet.<\/span><\/p>\n<p style=\"text-align: justify;\"><span style=\"color: #000000;\">N\u00eb njoftimin e presidenc\u00ebs thuhet \u201c<em>an\u00ebtar\u00ebsimi i k\u00ebtyre vendeve mike patjet\u00ebr q\u00eb \u00ebsht\u00eb nj\u00eb zhvillim historik dhe ndryshim i madh strategjik, q\u00eb mb\u00ebshtetet n\u00eb \u00e7do hap nga Shqip\u00ebria<\/em>\u201d.<\/span><\/p>\n<p style=\"text-align: justify;\"><span style=\"color: #000000;\"><strong>Njoftimi i Presidenc\u00ebs:<\/strong><\/span><\/p>\n<p style=\"text-align: justify;\"><span style=\"color: #000000;\">Presidenti i Republik\u00ebs, Ilir Meta, ka dekretuar me shpallje ligjet si vijon:<\/span><\/p>\n<p style=\"text-align: justify;\"><span style=\"color: #000000;\">\u2013 Ligj nr. 56\/2022 \u201cP\u00ebr ratifikimin e protokollit t\u00eb Traktatit t\u00eb Atlantikut t\u00eb Veriut p\u00ebr aderimin e Republik\u00ebs s\u00eb Finland\u00ebs\u201d;<\/span><\/p>\n<p style=\"text-align: justify;\"><span style=\"color: #000000;\">dhe<\/span><\/p>\n<p style=\"text-align: justify;\"><span style=\"color: #000000;\">\u2013 Ligj nr. 57\/2022 \u201cP\u00ebr ratifikimin e protokollit t\u00eb Traktatit t\u00eb Atlantikut t\u00eb Veriut p\u00ebr aderimin e Mbret\u00ebris\u00eb s\u00eb Suedis\u00eb\u201d.<\/span><\/p>\n<p style=\"text-align: justify;\"><span style=\"color: #000000;\">Republika e Shqip\u00ebris\u00eb ka ndjekur me p\u00ebrpar\u00ebsi procedurat e brendshme ligjore lidhur me an\u00ebtar\u00ebsimin e Republik\u00ebs s\u00eb Finalnd\u00ebs dhe t\u00eb Mbret\u00ebris\u00eb s\u00eb Suedis\u00eb n\u00eb NATO.<\/span><\/p>\n<p style=\"text-align: justify;\"><span style=\"color: #000000;\">An\u00ebtar\u00ebsimi i k\u00ebtyre vendeve mike patjet\u00ebr q\u00eb \u00ebsht\u00eb nj\u00eb zhvillim historik dhe ndryshim i madh strategjik, q\u00eb mb\u00ebshtetet n\u00eb \u00e7do hap nga Shqip\u00ebria.<\/span><\/p>\n<p style=\"text-align: justify;\"><span style=\"color: #000000;\">Jemi t\u00eb bindur se an\u00ebtar\u00ebsia e tyre do t\u00eb ndikoj\u00eb n\u00eb forcimin e kontributit t\u00eb p\u00ebrbashk\u00ebt n\u00eb k\u00ebt\u00eb aleanc\u00eb.<\/span><\/p>\n<p style=\"text-align: justify;\"><span style=\"color: #000000;\">S\u00eb bashku q\u00ebndrojm\u00eb m\u00eb t\u00eb fort\u00eb!<\/span><\/p>\n<p style=\"text-align: justify;\">\n","protected":false,"gt_translate_keys":[{"key":"rendered","format":"html"}]},"excerpt":{"rendered":"<p>Presidenti n\u00eb detyr\u00eb i Republik\u00ebs, Ilir Meta nuk ka vonuar me firmosjen e ligjeve p\u00ebr ratifikimin e protokollit p\u00ebr aderimin n\u00eb NATO t\u00eb Finland\u00ebs dhe Suedis\u00eb. Kuvendi i Republik\u00ebs i votoi protokollet m\u00eb dat\u00eb 7 korrik, nd\u00ebrsa Presidenti vet\u00ebm 4 dit\u00eb m\u00eb von\u00eb dekretoi t\u00eb dy ligjet. N\u00eb njoftimin e presidenc\u00ebs thuhet \u201can\u00ebtar\u00ebsimi i k\u00ebtyre [&hellip;]<\/p>\n","protected":false,"gt_translate_keys":[{"key":"rendered","format":"html"}]},"author":32,"featured_media":0,"comment_status":"closed","ping_status":"closed","sticky":false,"template":"","format":"standard","meta":{"footnotes":""},"categories":[65,13],"tags":[],"class_list":["post-534840","post","type-post","status-publish","format-standard","hentry","category-lajme","category-te-fundit"],"gt_translate_keys":[{"key":"link","format":"url"}],"_links":{"self":[{"href":"https:\/\/www.hashtag.al\/index.php\/wp-json\/wp\/v2\/posts\/534840","targetHints":{"allow":["GET"]}}],"collection":[{"href":"https:\/\/www.hashtag.al\/index.php\/wp-json\/wp\/v2\/posts"}],"about":[{"href":"https:\/\/www.hashtag.al\/index.php\/wp-json\/wp\/v2\/types\/post"}],"author":[{"embeddable":true,"href":"https:\/\/www.hashtag.al\/index.php\/wp-json\/wp\/v2\/users\/32"}],"replies":[{"embeddable":true,"href":"https:\/\/www.hashtag.al\/index.php\/wp-json\/wp\/v2\/comments?post=534840"}],"version-history":[{"count":0,"href":"https:\/\/www.hashtag.al\/index.php\/wp-json\/wp\/v2\/posts\/534840\/revisions"}],"wp:attachment":[{"href":"https:\/\/www.hashtag.al\/index.php\/wp-json\/wp\/v2\/media?parent=534840"}],"wp:term":[{"taxonomy":"category","embeddable":true,"href":"https:\/\/www.hashtag.al\/index.php\/wp-json\/wp\/v2\/categories?post=534840"},{"taxonomy":"post_tag","embeddable":true,"href":"https:\/\/www.hashtag.al\/index.php\/wp-json\/wp\/v2\/tags?post=534840"}],"curies":[{"name":"wp","href":"https:\/\/api.w.org\/{rel}","templated":true}]}}