{"id":534591,"date":"2022-07-09T08:18:41","date_gmt":"2022-07-09T06:18:41","guid":{"rendered":"https:\/\/www.hashtag.al\/?p=534591"},"modified":"2022-07-08T19:26:49","modified_gmt":"2022-07-08T17:26:49","slug":"gjermania-komenton-mundesine-e-gazsjellesit-nord-stream-2","status":"publish","type":"post","link":"https:\/\/www.hashtag.al\/index.php\/2022\/07\/09\/gjermania-komenton-mundesine-e-gazsjellesit-nord-stream-2\/","title":{"rendered":"Gjermania komenton mund\u00ebsin\u00eb e gazsjell\u00ebsit Nord Stream 2","gt_translate_keys":[{"key":"rendered","format":"text"}]},"content":{"rendered":"<p><span style=\"color: #000000;\"><img loading=\"lazy\" decoding=\"async\" class=\"aligncenter size-full wp-image-534592\" src=\"https:\/\/www.hashtag.al\/wp-content\/uploads\/2022\/07\/gjermanigaz.jpg\" alt=\"\" width=\"768\" height=\"432\" srcset=\"https:\/\/www.hashtag.al\/wp-content\/uploads\/2022\/07\/gjermanigaz.jpg 768w, https:\/\/www.hashtag.al\/wp-content\/uploads\/2022\/07\/gjermanigaz-300x169.jpg 300w\" sizes=\"auto, (max-width: 768px) 100vw, 768px\" \/><\/span><\/p>\n<p><span style=\"color: #000000;\">Ministri gjerman i Ekonomis\u00eb Robert Habeck p\u00ebrjashtoi mund\u00ebsin\u00eb e v\u00ebnies n\u00eb sh\u00ebrbim t\u00eb tubacionit Nord Stream 2 (NS2) p\u00ebr t\u00eb zbutur mungesat e gazit n\u00eb BE.<\/span><\/p>\n<p><span style=\"color: #000000;\"><em>&#8220;Jo, nuk \u00ebsht\u00eb nj\u00eb mund\u00ebsi,&#8221;<\/em> tha Habeck p\u00ebr kanalin N-Tv, duke v\u00ebn\u00eb n\u00eb dukje se tubacioni nuk ka certifikim. Ai gjithashtu vuri n\u00eb dukje se NS2 \u00ebsht\u00eb n\u00ebn sanksionet e SHBA.<\/span><\/p>\n<p><span style=\"color: #000000;\">M\u00eb her\u00ebt, politikani gjerman i krahut t\u00eb majt\u00eb Klaus Ernst kishte sugjeruar q\u00eb qeveria t\u00eb konsideronte funksionimin e p\u00ebrkohsh\u00ebm t\u00eb tubacionit.<\/span><\/p>\n<p><span style=\"color: #000000;\">Rruga e sapond\u00ebrtuar e gazit rus nuk ka funksionuar kurr\u00eb sepse Gjermania ndaloi procesin e certifikimit p\u00ebr t\u00eb n\u00eb fillim t\u00eb shkurtit, para fillimit t\u00eb konfliktit n\u00eb Ukrain\u00eb.<\/span><\/p>\n<p><span style=\"color: #000000;\">NS2 shtrihet nga bregu rus n\u00ebn Detin Baltik deri n\u00eb Gjermani. Nd\u00ebrtimi p\u00ebrfundoi n\u00eb shtator 2021 dhe ishte gati p\u00ebr t&#8217;u v\u00ebn\u00eb n\u00eb sh\u00ebrbim n\u00eb dhjetor t\u00eb vitit t\u00eb kaluar. Tubacioni me dy tuba ishte projektuar p\u00ebr t\u00eb pompuar 55 miliard\u00eb metra kub gaz natyror n\u00eb vit.<\/span><\/p>\n<p><span style=\"color: #000000;\">Muajin e kaluar, media raportoi se Ministria Gjermane e Financave po studionte mund\u00ebsin\u00eb e shtet\u00ebzimit t\u00eb pjes\u00ebve t\u00eb gazsjell\u00ebsit q\u00eb p\u00ebrshkojn\u00eb vendin. Qeveria federale thuhet se planifikoi t&#8217;i shnd\u00ebrronte k\u00ebto pjes\u00eb n\u00eb nj\u00eb lidhje p\u00ebr nj\u00eb terminal LNG.<\/span><\/p>\n<p><span style=\"color: #000000;\">Raportet p\u00ebr shpron\u00ebsimin e mundsh\u00ebm erdh\u00ebn mes shqet\u00ebsimeve n\u00eb rritje n\u00eb Gjermani p\u00ebr furnizimin me gaz rus. <\/span><\/p>\n<p><span style=\"color: #000000;\">N\u00eb qershor, d\u00ebrgesat n\u00eb Evrop\u00eb nga Gazprom i Rusis\u00eb n\u00ebp\u00ebrmjet gazsjell\u00ebsit Nord Stream 1 ran\u00eb n\u00eb rreth 40% t\u00eb kapacitetit p\u00ebr shkak t\u00eb munges\u00ebs s\u00eb pjes\u00ebve t\u00eb shkaktuara nga sanksionet ndaj Mosk\u00ebs. Tubacioni do t\u00eb mbyllet plot\u00ebsisht p\u00ebr 10 dit\u00eb n\u00eb mes t\u00eb korrikut p\u00ebr mir\u00ebmbajtje t\u00eb rregullt.<\/span><\/p>\n","protected":false,"gt_translate_keys":[{"key":"rendered","format":"html"}]},"excerpt":{"rendered":"<p>Ministri gjerman i Ekonomis\u00eb Robert Habeck p\u00ebrjashtoi mund\u00ebsin\u00eb e v\u00ebnies n\u00eb sh\u00ebrbim t\u00eb tubacionit Nord Stream 2 (NS2) p\u00ebr t\u00eb zbutur mungesat e gazit n\u00eb BE. &#8220;Jo, nuk \u00ebsht\u00eb nj\u00eb mund\u00ebsi,&#8221; tha Habeck p\u00ebr kanalin N-Tv, duke v\u00ebn\u00eb n\u00eb dukje se tubacioni nuk ka certifikim. Ai gjithashtu vuri n\u00eb dukje se NS2 \u00ebsht\u00eb n\u00ebn sanksionet [&hellip;]<\/p>\n","protected":false,"gt_translate_keys":[{"key":"rendered","format":"html"}]},"author":51,"featured_media":534592,"comment_status":"closed","ping_status":"closed","sticky":false,"template":"","format":"standard","meta":{"footnotes":""},"categories":[53],"tags":[],"class_list":["post-534591","post","type-post","status-publish","format-standard","has-post-thumbnail","hentry","category-fast-foodi"],"gt_translate_keys":[{"key":"link","format":"url"}],"_links":{"self":[{"href":"https:\/\/www.hashtag.al\/index.php\/wp-json\/wp\/v2\/posts\/534591","targetHints":{"allow":["GET"]}}],"collection":[{"href":"https:\/\/www.hashtag.al\/index.php\/wp-json\/wp\/v2\/posts"}],"about":[{"href":"https:\/\/www.hashtag.al\/index.php\/wp-json\/wp\/v2\/types\/post"}],"author":[{"embeddable":true,"href":"https:\/\/www.hashtag.al\/index.php\/wp-json\/wp\/v2\/users\/51"}],"replies":[{"embeddable":true,"href":"https:\/\/www.hashtag.al\/index.php\/wp-json\/wp\/v2\/comments?post=534591"}],"version-history":[{"count":0,"href":"https:\/\/www.hashtag.al\/index.php\/wp-json\/wp\/v2\/posts\/534591\/revisions"}],"wp:featuredmedia":[{"embeddable":true,"href":"https:\/\/www.hashtag.al\/index.php\/wp-json\/wp\/v2\/media\/534592"}],"wp:attachment":[{"href":"https:\/\/www.hashtag.al\/index.php\/wp-json\/wp\/v2\/media?parent=534591"}],"wp:term":[{"taxonomy":"category","embeddable":true,"href":"https:\/\/www.hashtag.al\/index.php\/wp-json\/wp\/v2\/categories?post=534591"},{"taxonomy":"post_tag","embeddable":true,"href":"https:\/\/www.hashtag.al\/index.php\/wp-json\/wp\/v2\/tags?post=534591"}],"curies":[{"name":"wp","href":"https:\/\/api.w.org\/{rel}","templated":true}]}}