{"id":534475,"date":"2022-07-08T12:36:15","date_gmt":"2022-07-08T10:36:15","guid":{"rendered":"https:\/\/www.hashtag.al\/?p=534475"},"modified":"2022-07-08T12:36:15","modified_gmt":"2022-07-08T10:36:15","slug":"berisha-zotohet-kush-vjedh-shkon-ne-qeli-do-heqim-amnistine-per-cdo-kryeminister","status":"publish","type":"post","link":"https:\/\/www.hashtag.al\/index.php\/2022\/07\/08\/berisha-zotohet-kush-vjedh-shkon-ne-qeli-do-heqim-amnistine-per-cdo-kryeminister\/","title":{"rendered":"Berisha zotohet: Kush vjedh shkon n\u00eb qeli, do heqim amnistin\u00eb p\u00ebr \u00e7do kryeminist\u00ebr","gt_translate_keys":[{"key":"rendered","format":"text"}]},"content":{"rendered":"<p><a href=\"https:\/\/www.hashtag.al\/wp-content\/uploads\/2022\/07\/WhatsApp-Image-2022-07-08-at-12.09.52-PM.jpeg\"><img loading=\"lazy\" decoding=\"async\" class=\"aligncenter size-full wp-image-534470\" src=\"https:\/\/www.hashtag.al\/wp-content\/uploads\/2022\/07\/WhatsApp-Image-2022-07-08-at-12.09.52-PM.jpeg\" alt=\"\" width=\"1044\" height=\"696\" srcset=\"https:\/\/www.hashtag.al\/wp-content\/uploads\/2022\/07\/WhatsApp-Image-2022-07-08-at-12.09.52-PM.jpeg 1044w, https:\/\/www.hashtag.al\/wp-content\/uploads\/2022\/07\/WhatsApp-Image-2022-07-08-at-12.09.52-PM-300x200.jpeg 300w, https:\/\/www.hashtag.al\/wp-content\/uploads\/2022\/07\/WhatsApp-Image-2022-07-08-at-12.09.52-PM-1024x683.jpeg 1024w, https:\/\/www.hashtag.al\/wp-content\/uploads\/2022\/07\/WhatsApp-Image-2022-07-08-at-12.09.52-PM-768x512.jpeg 768w\" sizes=\"auto, (max-width: 1044px) 100vw, 1044px\" \/><\/a><\/p>\n<p><span style=\"color: #000000;\">Kreu i PD-s\u00eb Sali Berisha, n\u00eb nj\u00eb konferenc\u00eb me gazetar\u00ebt, u zotua se me ardhjen e tij n\u00eb pushtet nj\u00eb nga ligjet e para q\u00eb do t\u00eb votohet \u00ebsht\u00eb heqja e amnistis\u00eb p\u00ebr \u00e7do kryeminist\u00ebr dhe ministrave n\u00eb 30 vitet e fundit.<\/span><\/p>\n<p><span style=\"color: #000000;\">Ai tha se kushdo q\u00eb vjedh, duhet t\u00eb shkoj\u00eb menj\u00ebher\u00eb n\u00eb burg.<\/span><\/p>\n<p><span style=\"color: #000000;\"><em>\u201cIk ishte n\u00eb kuptimin e dor\u00ebheqjes si kryeminist\u00ebr. Nuk p\u00ebrb\u00ebn amnisti. Un\u00eb publikisht kam k\u00ebrkuar q\u00eb p\u00ebr kryeministrat t\u00eb hiqet \u00e7do form\u00eb parashkrimi. Ky ligj do hyj\u00eb n\u00eb fuqi dhe do jet\u00eb nd\u00ebr ligjet e para q\u00eb do vendos\u00eb PD kur t\u00eb vij\u00eb n\u00eb pushtet. Kur vjedh, duhet t\u00eb shkoj\u00eb n\u00eb burg. <\/em><\/span><\/p>\n<p><span style=\"color: #000000;\"><em>Nj\u00eb nga ligjet q\u00eb do vendoset \u00ebsht\u00eb pik\u00ebrisght ky. Heqja e amnistis\u00eb p\u00ebr \u00e7do kryeminist\u00ebr n\u00eb 30 vitet e fundit. Edhe p\u00ebr ministrat. Ky parashkrim shnd\u00ebrrohet n\u00eb lak n\u00eb fyt p\u00ebr qytetar\u00ebt.\u201d-<\/em> tha Berisha.<\/span><\/p>\n","protected":false,"gt_translate_keys":[{"key":"rendered","format":"html"}]},"excerpt":{"rendered":"<p>Kreu i PD-s\u00eb Sali Berisha, n\u00eb nj\u00eb konferenc\u00eb me gazetar\u00ebt, u zotua se me ardhjen e tij n\u00eb pushtet nj\u00eb nga ligjet e para q\u00eb do t\u00eb votohet \u00ebsht\u00eb heqja e amnistis\u00eb p\u00ebr \u00e7do kryeminist\u00ebr dhe ministrave n\u00eb 30 vitet e fundit. Ai tha se kushdo q\u00eb vjedh, duhet t\u00eb shkoj\u00eb menj\u00ebher\u00eb n\u00eb burg. \u201cIk [&hellip;]<\/p>\n","protected":false,"gt_translate_keys":[{"key":"rendered","format":"html"}]},"author":30,"featured_media":534470,"comment_status":"closed","ping_status":"closed","sticky":false,"template":"","format":"standard","meta":{"footnotes":""},"categories":[65,13],"tags":[],"class_list":["post-534475","post","type-post","status-publish","format-standard","has-post-thumbnail","hentry","category-lajme","category-te-fundit"],"gt_translate_keys":[{"key":"link","format":"url"}],"_links":{"self":[{"href":"https:\/\/www.hashtag.al\/index.php\/wp-json\/wp\/v2\/posts\/534475","targetHints":{"allow":["GET"]}}],"collection":[{"href":"https:\/\/www.hashtag.al\/index.php\/wp-json\/wp\/v2\/posts"}],"about":[{"href":"https:\/\/www.hashtag.al\/index.php\/wp-json\/wp\/v2\/types\/post"}],"author":[{"embeddable":true,"href":"https:\/\/www.hashtag.al\/index.php\/wp-json\/wp\/v2\/users\/30"}],"replies":[{"embeddable":true,"href":"https:\/\/www.hashtag.al\/index.php\/wp-json\/wp\/v2\/comments?post=534475"}],"version-history":[{"count":0,"href":"https:\/\/www.hashtag.al\/index.php\/wp-json\/wp\/v2\/posts\/534475\/revisions"}],"wp:featuredmedia":[{"embeddable":true,"href":"https:\/\/www.hashtag.al\/index.php\/wp-json\/wp\/v2\/media\/534470"}],"wp:attachment":[{"href":"https:\/\/www.hashtag.al\/index.php\/wp-json\/wp\/v2\/media?parent=534475"}],"wp:term":[{"taxonomy":"category","embeddable":true,"href":"https:\/\/www.hashtag.al\/index.php\/wp-json\/wp\/v2\/categories?post=534475"},{"taxonomy":"post_tag","embeddable":true,"href":"https:\/\/www.hashtag.al\/index.php\/wp-json\/wp\/v2\/tags?post=534475"}],"curies":[{"name":"wp","href":"https:\/\/api.w.org\/{rel}","templated":true}]}}