{"id":534226,"date":"2022-07-07T12:23:00","date_gmt":"2022-07-07T10:23:00","guid":{"rendered":"https:\/\/www.hashtag.al\/?p=534226"},"modified":"2022-07-07T12:23:00","modified_gmt":"2022-07-07T10:23:00","slug":"jorida-tabaku-rezoluta-e-sotme-eshte-e-manget-iu-bej-thirrje-kolegeve-socialiste-te-reflektojne","status":"publish","type":"post","link":"https:\/\/www.hashtag.al\/index.php\/2022\/07\/07\/jorida-tabaku-rezoluta-e-sotme-eshte-e-manget-iu-bej-thirrje-kolegeve-socialiste-te-reflektojne\/","title":{"rendered":"Jorida Tabaku: Rezoluta e sotme \u00ebsht\u00eb e mang\u00ebt, iu b\u00ebj thirrje koleg\u00ebve socialist\u00eb t\u00eb reflektojn\u00eb","gt_translate_keys":[{"key":"rendered","format":"text"}]},"content":{"rendered":"<p><span style=\"color: #000000;\"><a style=\"color: #000000;\" href=\"https:\/\/www.hashtag.al\/wp-content\/uploads\/2022\/07\/tabaku-1.jpg\"><img loading=\"lazy\" decoding=\"async\" class=\"aligncenter size-full wp-image-534227\" src=\"https:\/\/www.hashtag.al\/wp-content\/uploads\/2022\/07\/tabaku-1.jpg\" alt=\"\" width=\"870\" height=\"491\" srcset=\"https:\/\/www.hashtag.al\/wp-content\/uploads\/2022\/07\/tabaku-1.jpg 870w, https:\/\/www.hashtag.al\/wp-content\/uploads\/2022\/07\/tabaku-1-300x169.jpg 300w, https:\/\/www.hashtag.al\/wp-content\/uploads\/2022\/07\/tabaku-1-768x433.jpg 768w\" sizes=\"auto, (max-width: 870px) 100vw, 870px\" \/><\/a><\/span><\/p>\n<p><span style=\"color: #000000;\">Deputetja e Partis\u00eb Demokratike, Jorida Tabaku, n\u00eb nj\u00eb prononcim p\u00ebr mediet jasht\u00eb godin\u00ebs s\u00eb Parlamentit, u ka b\u00ebr\u00eb thirrje koleg\u00ebve t\u00eb maxhoranc\u00ebs q\u00eb t\u00eb reflektojn\u00eb mbi rezolut\u00ebn p\u00ebr d\u00ebnimin e genocidit n\u00eb Srebrenic\u00eb dhe t\u00eb pranojn\u00eb amendamentet e PD-s\u00eb.<\/span><\/p>\n<p><span style=\"color: #000000;\">Sipas saj, rezoluta do t\u00eb jet\u00eb e paplot\u00eb pa amendimet e opozit\u00ebs.<\/span><\/p>\n<p><span style=\"color: #000000;\"><em>\u00a0\u201cDit\u00ebn e h\u00ebn\u00eb n\u00eb konferenc\u00ebn e kryetar\u00ebve kam prezantuar nj\u00eb s\u00ebra mandamentesh me rezolut\u00ebn q\u00eb po diskutohet sot. Amandamentet lidheshin me dy element\u00eb kryesor\u00eb dhe un\u00eb kam k\u00ebtu nj\u00eb p\u00ebrmbledhje t\u00eb amendamenteve.<\/em><\/span><\/p>\n<p><span style=\"color: #000000;\"><em>E para ishte q\u00eb Partia Socialiste duhet patjet\u00ebr t\u00eb d\u00ebnoj\u00eb genocidin, t\u00eb njoh\u00eb viktimat, t\u00eb njoh\u00eb q\u00eb aty ka ndodhur nj\u00eb genocid dhe t\u00eb njoh\u00eb shkeljen e t\u00eb drejtave t\u00eb njeriut.<\/em><\/span><\/p>\n<p><span style=\"color: #000000;\"><em>Un\u00eb gjykoj q\u00eb rezoluta e sotme \u00ebsht\u00eb e mang\u00ebt dhe nuk e arrin q\u00ebllimin, megjithat\u00eb ne do ta votojm\u00eb at\u00eb.<\/em><\/span><\/p>\n<p><span style=\"color: #000000;\"><em>I b\u00ebj thirrje grupit socialist t\u00eb reflektoj\u00eb deri n\u00eb fund t\u00eb seanc\u00ebs dhe t\u00eb pranoj\u00eb amendamentet e Partis\u00eb Demokratike, p\u00ebr ta d\u00ebnuar genocidin ta njohur at\u00eb si genocid mbi parimet dhe standardet e Kombeve t\u00eb Bashkuara dhe K\u00ebshillit t\u00eb Evrop\u00ebs.\u201d-<\/em> deklaroi Tabaku.<\/span><\/p>\n","protected":false,"gt_translate_keys":[{"key":"rendered","format":"html"}]},"excerpt":{"rendered":"<p>Deputetja e Partis\u00eb Demokratike, Jorida Tabaku, n\u00eb nj\u00eb prononcim p\u00ebr mediet jasht\u00eb godin\u00ebs s\u00eb Parlamentit, u ka b\u00ebr\u00eb thirrje koleg\u00ebve t\u00eb maxhoranc\u00ebs q\u00eb t\u00eb reflektojn\u00eb mbi rezolut\u00ebn p\u00ebr d\u00ebnimin e genocidit n\u00eb Srebrenic\u00eb dhe t\u00eb pranojn\u00eb amendamentet e PD-s\u00eb. Sipas saj, rezoluta do t\u00eb jet\u00eb e paplot\u00eb pa amendimet e opozit\u00ebs. \u00a0\u201cDit\u00ebn e h\u00ebn\u00eb n\u00eb [&hellip;]<\/p>\n","protected":false,"gt_translate_keys":[{"key":"rendered","format":"html"}]},"author":30,"featured_media":534227,"comment_status":"closed","ping_status":"closed","sticky":false,"template":"","format":"standard","meta":{"footnotes":""},"categories":[65,13],"tags":[],"class_list":["post-534226","post","type-post","status-publish","format-standard","has-post-thumbnail","hentry","category-lajme","category-te-fundit"],"gt_translate_keys":[{"key":"link","format":"url"}],"_links":{"self":[{"href":"https:\/\/www.hashtag.al\/index.php\/wp-json\/wp\/v2\/posts\/534226","targetHints":{"allow":["GET"]}}],"collection":[{"href":"https:\/\/www.hashtag.al\/index.php\/wp-json\/wp\/v2\/posts"}],"about":[{"href":"https:\/\/www.hashtag.al\/index.php\/wp-json\/wp\/v2\/types\/post"}],"author":[{"embeddable":true,"href":"https:\/\/www.hashtag.al\/index.php\/wp-json\/wp\/v2\/users\/30"}],"replies":[{"embeddable":true,"href":"https:\/\/www.hashtag.al\/index.php\/wp-json\/wp\/v2\/comments?post=534226"}],"version-history":[{"count":0,"href":"https:\/\/www.hashtag.al\/index.php\/wp-json\/wp\/v2\/posts\/534226\/revisions"}],"wp:featuredmedia":[{"embeddable":true,"href":"https:\/\/www.hashtag.al\/index.php\/wp-json\/wp\/v2\/media\/534227"}],"wp:attachment":[{"href":"https:\/\/www.hashtag.al\/index.php\/wp-json\/wp\/v2\/media?parent=534226"}],"wp:term":[{"taxonomy":"category","embeddable":true,"href":"https:\/\/www.hashtag.al\/index.php\/wp-json\/wp\/v2\/categories?post=534226"},{"taxonomy":"post_tag","embeddable":true,"href":"https:\/\/www.hashtag.al\/index.php\/wp-json\/wp\/v2\/tags?post=534226"}],"curies":[{"name":"wp","href":"https:\/\/api.w.org\/{rel}","templated":true}]}}