{"id":534012,"date":"2022-07-06T12:25:35","date_gmt":"2022-07-06T10:25:35","guid":{"rendered":"https:\/\/www.hashtag.al\/?p=534012"},"modified":"2022-07-06T12:25:35","modified_gmt":"2022-07-06T10:25:35","slug":"berisha-qellimi-madhor-i-protestes-doreheqja-e-edi-rames-thirrje-policeve-neser-mos-te-provokojne-protestuesit","status":"publish","type":"post","link":"https:\/\/www.hashtag.al\/index.php\/2022\/07\/06\/berisha-qellimi-madhor-i-protestes-doreheqja-e-edi-rames-thirrje-policeve-neser-mos-te-provokojne-protestuesit\/","title":{"rendered":"Berisha: Q\u00ebllimi madhor i protest\u00ebs dor\u00ebheqja e Edi Ram\u00ebs, thirrje polic\u00ebve nes\u00ebr mos t\u00eb provokojn\u00eb protestuesit","gt_translate_keys":[{"key":"rendered","format":"text"}]},"content":{"rendered":"<p><span style=\"color: #000000;\"><a href=\"https:\/\/www.hashtag.al\/wp-content\/uploads\/2022\/07\/WhatsApp-Image-2022-07-06-at-12.05.44-PM.jpeg\"><img loading=\"lazy\" decoding=\"async\" class=\"aligncenter size-full wp-image-534013\" src=\"https:\/\/www.hashtag.al\/wp-content\/uploads\/2022\/07\/WhatsApp-Image-2022-07-06-at-12.05.44-PM.jpeg\" alt=\"\" width=\"1600\" height=\"1066\" srcset=\"https:\/\/www.hashtag.al\/wp-content\/uploads\/2022\/07\/WhatsApp-Image-2022-07-06-at-12.05.44-PM.jpeg 1600w, https:\/\/www.hashtag.al\/wp-content\/uploads\/2022\/07\/WhatsApp-Image-2022-07-06-at-12.05.44-PM-300x200.jpeg 300w, https:\/\/www.hashtag.al\/wp-content\/uploads\/2022\/07\/WhatsApp-Image-2022-07-06-at-12.05.44-PM-1024x682.jpeg 1024w, https:\/\/www.hashtag.al\/wp-content\/uploads\/2022\/07\/WhatsApp-Image-2022-07-06-at-12.05.44-PM-768x512.jpeg 768w, https:\/\/www.hashtag.al\/wp-content\/uploads\/2022\/07\/WhatsApp-Image-2022-07-06-at-12.05.44-PM-1536x1023.jpeg 1536w\" sizes=\"auto, (max-width: 1600px) 100vw, 1600px\" \/><\/a><\/span><\/p>\n<p><span style=\"color: #000000;\">N\u00eb nj\u00eb deklarat\u00eb p\u00ebr mediet pas takimit t\u00eb sot\u00ebm me shoq\u00ebrin\u00eb civile, Berisha tha se q\u00ebllimi i protest\u00ebs s\u00eb nes\u00ebrme \u00ebsht\u00eb dor\u00ebheqja e kryeministrit Edi Rama.<\/span><\/p>\n<p><em><span style=\"color: #000000;\">&#8220;Ju garantoj q\u00eb z\u00ebrat tuaj, kauzat tuaja jan\u00eb kauza t\u00eb drejta t\u00eb cilat do t\u00eb marrin p\u00ebrgjigjen m\u00eb t\u00eb merituar, me largimin e Edi Ram\u00ebs dhe t\u00eb qeveris\u00eb s\u00eb tij.<\/span><\/em><\/p>\n<p><em><span style=\"color: #000000;\">Natyrisht largimi i k\u00ebsaj qeverie \u00ebsht\u00eb hapi i par\u00eb jetik dhe i domosdosh\u00ebm p\u00ebr t\u00eb rikthyer n\u00eb Shqip\u00ebri ligjin, lirit\u00eb, dhe p\u00ebr t\u00eb zhb\u00ebr\u00eb padrejt\u00ebsit\u00eb evidente, t\u00eb qarta, ndaj qytetar\u00ebve. Ju siguroj se p\u00ebr ne, prapa \u00e7do kauze q\u00ebndron nj\u00eb liri e dhunuar, pavar\u00ebsisht grupit, apo p\u00ebrmasat e grupit q\u00eb \u00ebsht\u00eb prekur prej saj, konsiderojm\u00eb jetike banes\u00ebn, sht\u00ebpin\u00eb dhe nj\u00eb dhunim antikushtetues, antiligjor n\u00eb p\u00ebrputhje me k\u00ebt\u00eb q\u00ebndrim ne do t\u00eb mbajm\u00eb t\u00eb gjitha q\u00ebndrimet tona.<\/span><\/em><\/p>\n<p><em><span style=\"color: #000000;\">Por un\u00eb mendoj se protesta \u00ebsht\u00eb rruga, \u00ebsht\u00eb m\u00ebnyra p\u00ebr t\u2019i hapur rrug\u00eb zhb\u00ebrjes s\u00eb padrejt\u00ebsive q\u00eb kan\u00eb ndodhur.<\/span><\/em><\/p>\n<p><em><span style=\"color: #000000;\">Dhe ju e \u00e7do banor t\u00eb zonave, viktima t\u00eb arbitraritetit dhe korrupsionit, viktima t\u00eb dhimbshme, duhet t\u00eb bashkohen me ne n\u00ebs\u00ebr n\u00eb protest\u00eb. Iliri e shtroi me t\u00eb drejt\u00eb, gjith\u00eb kjo betej\u00eb \u00ebsht\u00eb nj\u00eb betej\u00eb p\u00ebr t\u00eb ardhmen. \u00cbsht\u00eb nj\u00eb betej\u00eb n\u00eb t\u00eb cil\u00ebn m\u00ebsimet e t\u00eb shkuar\u00ebs duhet t\u00eb na nxisin, t\u00eb na frym\u00ebzojn\u00eb, t\u00eb na udh\u00ebzojn\u00eb q\u00eb t\u00eb mos p\u00ebrs\u00ebriten gabime t\u00eb t\u00eb shkuar\u00ebs dhe t\u00eb p\u00ebrpiqemi t\u00eb nd\u00ebrtojm\u00eb nj\u00eb t\u00eb ardhme tjet\u00ebr p\u00ebr shqiptar\u00ebt n\u00eb k\u00ebt\u00eb vend.<\/span><\/em><\/p>\n<p><span style=\"color: #000000;\"><em>Ne zgjidhjen e k\u00ebtyre kauzave e gjejm\u00eb me largimin e qeveris\u00eb nga pushteti. Dor\u00ebheqja dhe largimi i qeveris\u00eb s\u00eb Edi Ram\u00ebs, \u00ebsht\u00eb objektivi kryesor, \u00ebsht\u00eb q\u00ebllimi m\u00eb madhor i protest\u00ebs s\u00eb 7 korrikut dhe protestave q\u00eb do t\u00eb vijn\u00eb m\u00eb pas t\u00eb popullit opozitar.&#8221;<\/em>&#8211; tha Berisha para gazetar\u00ebve.<\/span><\/p>\n<p><span style=\"color: #000000;\">Mes t\u00eb tjerash gjat\u00eb fjal\u00ebs s\u00eb tij, kreu i PD-s\u00eb paralajm\u00ebroi t\u00eb gjitha policit\u00eb, q\u00eb t\u00eb mos b\u00ebjn\u00eb presion, t\u00eb mos dhunojn\u00eb dhe t\u00eb mos provokojn\u00eb protestuesit nes\u00ebr.<\/span><\/p>\n<p><em><span style=\"color: #000000;\">\u201cNj\u00eb thirrje p\u00ebr cdo shqiptar t\u00eb bashkohet nes\u00ebr n\u00eb protest\u00ebn e 7 korrikut, p\u00ebr t\u00eb k\u00ebrkuar dor\u00ebheqjen dhe largimin e Edi Ram\u00ebs dhe qeveritar\u00ebve t\u00eb qeveris\u00eb s\u00eb tij nga pushteti. Situata \u00ebsht\u00eb jasht\u00ebzakonisht e ndezur. Pak\u00ebnaq\u00ebsi dhe urrejtja p\u00ebr k\u00ebt\u00eb qeveri ka rrokur qiellin. Pandjeshm\u00ebria e saj \u00ebsht\u00eb gjithashtu po kaq e madhe.<\/span><\/em><\/p>\n<p><span style=\"color: #000000;\"><em>Mos t\u00eb harrojm\u00eb se nj\u00eb kauz\u00eb t\u00eb drejt\u00eb asgj\u00eb nuk mund ta mposht\u00eb. Ndaj dhe shfryt\u00ebzoj k\u00ebt\u00eb rast p\u00ebr t\u00eb ftuar cdo qytetar dhe qytetare t\u00eb k\u00ebtij vendi t\u00eb kontribuoj\u00eb me pranin\u00eb e tij n\u00eb suksesin e protest\u00ebs. Paralajm\u00ebroj t\u00eb gjith\u00eb llojet e policive, se \u00e7do presion, cdo q\u00ebndrim, \u00e7do p\u00ebrpjekje p\u00ebr t\u00eb intimiduar, p\u00ebr t\u00eb dhunuar, p\u00ebr t\u00eb penguar, popullin opozitar, do t\u00eb regjistrohet dhe do t\u00eb marr\u00eb nd\u00ebshkim personal t\u00eb merituar ligjor. Paralajm\u00ebroj t\u00eb mos provokojn\u00eb protestuesit. \u00cbsht\u00eb e v\u00ebrtet\u00eb q\u00eb vapa dhe temperaturat jan\u00eb t\u00eb larta, por m\u00eb t\u00eb larta jan\u00eb temperaturat e brendshme t\u00eb njer\u00ebzve, q\u00eb vijn\u00eb t\u00eb protestojn\u00eb ndaj k\u00ebtij regjimi. Nes\u00ebr pra \u00ebsht\u00eb nj\u00eb dit\u00eb e madhe. Nes\u00ebr \u00ebsht\u00eb nj\u00eb dit\u00eb frym\u00ebzimi, nj\u00eb dit\u00eb beteje t\u00eb v\u00ebrtet\u00eb. Opozita zbret n\u00eb shesh. Edi Rama \u00ebsht\u00eb i ftuar t\u00eb mendoj\u00eb dor\u00ebheqjen e tij sa m\u00eb par\u00eb.<\/em>\u201d- theksoi ai.<\/span><\/p>\n<p>&nbsp;<\/p>\n<p><a href=\"https:\/\/www.hashtag.al\/wp-content\/uploads\/2022\/07\/WhatsApp-Image-2022-07-06-at-12.05.43-PM.jpeg\"><img loading=\"lazy\" decoding=\"async\" class=\"aligncenter size-full wp-image-534014\" src=\"https:\/\/www.hashtag.al\/wp-content\/uploads\/2022\/07\/WhatsApp-Image-2022-07-06-at-12.05.43-PM.jpeg\" alt=\"\" width=\"1600\" height=\"1066\" srcset=\"https:\/\/www.hashtag.al\/wp-content\/uploads\/2022\/07\/WhatsApp-Image-2022-07-06-at-12.05.43-PM.jpeg 1600w, https:\/\/www.hashtag.al\/wp-content\/uploads\/2022\/07\/WhatsApp-Image-2022-07-06-at-12.05.43-PM-300x200.jpeg 300w, https:\/\/www.hashtag.al\/wp-content\/uploads\/2022\/07\/WhatsApp-Image-2022-07-06-at-12.05.43-PM-1024x682.jpeg 1024w, https:\/\/www.hashtag.al\/wp-content\/uploads\/2022\/07\/WhatsApp-Image-2022-07-06-at-12.05.43-PM-768x512.jpeg 768w, https:\/\/www.hashtag.al\/wp-content\/uploads\/2022\/07\/WhatsApp-Image-2022-07-06-at-12.05.43-PM-1536x1023.jpeg 1536w\" sizes=\"auto, (max-width: 1600px) 100vw, 1600px\" \/><\/a><\/p>\n","protected":false,"gt_translate_keys":[{"key":"rendered","format":"html"}]},"excerpt":{"rendered":"<p>N\u00eb nj\u00eb deklarat\u00eb p\u00ebr mediet pas takimit t\u00eb sot\u00ebm me shoq\u00ebrin\u00eb civile, Berisha tha se q\u00ebllimi i protest\u00ebs s\u00eb nes\u00ebrme \u00ebsht\u00eb dor\u00ebheqja e kryeministrit Edi Rama. &#8220;Ju garantoj q\u00eb z\u00ebrat tuaj, kauzat tuaja jan\u00eb kauza t\u00eb drejta t\u00eb cilat do t\u00eb marrin p\u00ebrgjigjen m\u00eb t\u00eb merituar, me largimin e Edi Ram\u00ebs dhe t\u00eb qeveris\u00eb s\u00eb [&hellip;]<\/p>\n","protected":false,"gt_translate_keys":[{"key":"rendered","format":"html"}]},"author":30,"featured_media":534013,"comment_status":"closed","ping_status":"closed","sticky":false,"template":"","format":"standard","meta":{"footnotes":""},"categories":[65,13],"tags":[],"class_list":["post-534012","post","type-post","status-publish","format-standard","has-post-thumbnail","hentry","category-lajme","category-te-fundit"],"gt_translate_keys":[{"key":"link","format":"url"}],"_links":{"self":[{"href":"https:\/\/www.hashtag.al\/index.php\/wp-json\/wp\/v2\/posts\/534012","targetHints":{"allow":["GET"]}}],"collection":[{"href":"https:\/\/www.hashtag.al\/index.php\/wp-json\/wp\/v2\/posts"}],"about":[{"href":"https:\/\/www.hashtag.al\/index.php\/wp-json\/wp\/v2\/types\/post"}],"author":[{"embeddable":true,"href":"https:\/\/www.hashtag.al\/index.php\/wp-json\/wp\/v2\/users\/30"}],"replies":[{"embeddable":true,"href":"https:\/\/www.hashtag.al\/index.php\/wp-json\/wp\/v2\/comments?post=534012"}],"version-history":[{"count":0,"href":"https:\/\/www.hashtag.al\/index.php\/wp-json\/wp\/v2\/posts\/534012\/revisions"}],"wp:featuredmedia":[{"embeddable":true,"href":"https:\/\/www.hashtag.al\/index.php\/wp-json\/wp\/v2\/media\/534013"}],"wp:attachment":[{"href":"https:\/\/www.hashtag.al\/index.php\/wp-json\/wp\/v2\/media?parent=534012"}],"wp:term":[{"taxonomy":"category","embeddable":true,"href":"https:\/\/www.hashtag.al\/index.php\/wp-json\/wp\/v2\/categories?post=534012"},{"taxonomy":"post_tag","embeddable":true,"href":"https:\/\/www.hashtag.al\/index.php\/wp-json\/wp\/v2\/tags?post=534012"}],"curies":[{"name":"wp","href":"https:\/\/api.w.org\/{rel}","templated":true}]}}