{"id":534007,"date":"2022-07-06T12:18:04","date_gmt":"2022-07-06T10:18:04","guid":{"rendered":"https:\/\/www.hashtag.al\/?p=534007"},"modified":"2022-07-06T12:19:17","modified_gmt":"2022-07-06T10:19:17","slug":"akademiku-apollon-bace-ndihem-i-poshteruar-por-neser-do-te-jete-dita-qe-ne-do-te-rigjejme-dinjitetin-tone","status":"publish","type":"post","link":"https:\/\/www.hashtag.al\/index.php\/2022\/07\/06\/akademiku-apollon-bace-ndihem-i-poshteruar-por-neser-do-te-jete-dita-qe-ne-do-te-rigjejme-dinjitetin-tone\/","title":{"rendered":"Akademiku Apollon Ba\u00e7e: Ndihem i posht\u00ebruar, por nes\u00ebr do t\u00eb jet\u00eb dita q\u00eb ne do t\u00eb rigjejm\u00eb dinjitetin ton\u00eb","gt_translate_keys":[{"key":"rendered","format":"text"}]},"content":{"rendered":"<p><span style=\"color: #000000;\"><a href=\"https:\/\/www.hashtag.al\/wp-content\/uploads\/2022\/07\/bace.jpg\"><img loading=\"lazy\" decoding=\"async\" class=\"aligncenter size-full wp-image-534008\" src=\"https:\/\/www.hashtag.al\/wp-content\/uploads\/2022\/07\/bace.jpg\" alt=\"\" width=\"830\" height=\"414\" srcset=\"https:\/\/www.hashtag.al\/wp-content\/uploads\/2022\/07\/bace.jpg 830w, https:\/\/www.hashtag.al\/wp-content\/uploads\/2022\/07\/bace-300x150.jpg 300w, https:\/\/www.hashtag.al\/wp-content\/uploads\/2022\/07\/bace-768x383.jpg 768w\" sizes=\"auto, (max-width: 830px) 100vw, 830px\" \/><\/a><\/span><\/p>\n<p><span style=\"color: #000000;\">N\u00eb takimin e sot\u00ebm me Shoq\u00ebrin\u00eb Civile dhe ish-kryeministrin Sali Berisha, akademiku Apollon Ba\u00e7e tha se dita e nes\u00ebrme do t\u00eb jet\u00eb dita q\u00eb shqiptar\u00ebt do t\u00eb rigjejn\u00eb dinjitetin si njer\u00ebz t\u00eb lir\u00eb.<\/span><\/p>\n<p><span style=\"color: #000000;\">Gjat\u00eb fjal\u00ebs s\u00eb tij, Ba\u00e7e tha se ndihet i posht\u00ebruar pasi populli sipas tij jo vet\u00ebm q\u00eb po vidhet, por edhe po p\u00ebrbuzet nga qeveria.<\/span><\/p>\n<p><em><span style=\"color: #000000;\">\u201cN\u00eb Rom\u00ebn e lasht\u00eb zonjat aristokrate dilnin lakuriq para skllev\u00ebrve, kjo pasi skllavi quhej veg\u00ebl dhe jo person.<\/span><\/em><\/p>\n<p><span style=\"color: #000000;\"><em>M\u00ebnyra se si po vidhet sot, vidhet n\u00eb nj\u00eb m\u00ebnyr\u00eb kaq trashanike dhe kaq t\u00eb sh\u00ebmtuar sa q\u00eb duket q\u00eb e kan\u00eb hequr komplet mask\u00ebn. E kan\u00eb hequr mask\u00ebn dhe un\u00eb e ndiej veten t\u00eb posht\u00ebruar dhe t\u00eb ofenduar q\u00eb nuk mjafton q\u00eb i pi gjakun k\u00ebtij populli, por nj\u00ebkoh\u00ebsisht edhe e tallin dhe e p\u00ebrbuzin. <\/em><\/span><\/p>\n<p><span style=\"color: #000000;\"><em>Un\u00eb besoj q\u00eb dita e nes\u00ebrme\u2026kaluam nj\u00eb kalvar tep\u00ebr t\u00eb gjat\u00eb dhe nj\u00eb koh\u00eb q\u00eb nuk duhet falur, do t\u00eb jet\u00eb dita q\u00eb ne do t\u00eb rigjejm\u00eb dinjitetin ton\u00eb si njer\u00ebz t\u00eb lir\u00eb t\u00eb k\u00ebtij vendi.\u201d-<\/em> tha Ba\u00e7e.<\/span><\/p>\n","protected":false,"gt_translate_keys":[{"key":"rendered","format":"html"}]},"excerpt":{"rendered":"<p>N\u00eb takimin e sot\u00ebm me Shoq\u00ebrin\u00eb Civile dhe ish-kryeministrin Sali Berisha, akademiku Apollon Ba\u00e7e tha se dita e nes\u00ebrme do t\u00eb jet\u00eb dita q\u00eb shqiptar\u00ebt do t\u00eb rigjejn\u00eb dinjitetin si njer\u00ebz t\u00eb lir\u00eb. Gjat\u00eb fjal\u00ebs s\u00eb tij, Ba\u00e7e tha se ndihet i posht\u00ebruar pasi populli sipas tij jo vet\u00ebm q\u00eb po vidhet, por edhe po [&hellip;]<\/p>\n","protected":false,"gt_translate_keys":[{"key":"rendered","format":"html"}]},"author":30,"featured_media":534008,"comment_status":"closed","ping_status":"closed","sticky":false,"template":"","format":"standard","meta":{"footnotes":""},"categories":[65,13],"tags":[],"class_list":["post-534007","post","type-post","status-publish","format-standard","has-post-thumbnail","hentry","category-lajme","category-te-fundit"],"gt_translate_keys":[{"key":"link","format":"url"}],"_links":{"self":[{"href":"https:\/\/www.hashtag.al\/index.php\/wp-json\/wp\/v2\/posts\/534007","targetHints":{"allow":["GET"]}}],"collection":[{"href":"https:\/\/www.hashtag.al\/index.php\/wp-json\/wp\/v2\/posts"}],"about":[{"href":"https:\/\/www.hashtag.al\/index.php\/wp-json\/wp\/v2\/types\/post"}],"author":[{"embeddable":true,"href":"https:\/\/www.hashtag.al\/index.php\/wp-json\/wp\/v2\/users\/30"}],"replies":[{"embeddable":true,"href":"https:\/\/www.hashtag.al\/index.php\/wp-json\/wp\/v2\/comments?post=534007"}],"version-history":[{"count":0,"href":"https:\/\/www.hashtag.al\/index.php\/wp-json\/wp\/v2\/posts\/534007\/revisions"}],"wp:featuredmedia":[{"embeddable":true,"href":"https:\/\/www.hashtag.al\/index.php\/wp-json\/wp\/v2\/media\/534008"}],"wp:attachment":[{"href":"https:\/\/www.hashtag.al\/index.php\/wp-json\/wp\/v2\/media?parent=534007"}],"wp:term":[{"taxonomy":"category","embeddable":true,"href":"https:\/\/www.hashtag.al\/index.php\/wp-json\/wp\/v2\/categories?post=534007"},{"taxonomy":"post_tag","embeddable":true,"href":"https:\/\/www.hashtag.al\/index.php\/wp-json\/wp\/v2\/tags?post=534007"}],"curies":[{"name":"wp","href":"https:\/\/api.w.org\/{rel}","templated":true}]}}