{"id":533897,"date":"2022-07-05T17:28:13","date_gmt":"2022-07-05T15:28:13","guid":{"rendered":"https:\/\/www.hashtag.al\/?p=533897"},"modified":"2022-07-05T17:28:13","modified_gmt":"2022-07-05T15:28:13","slug":"meta-me-presidentin-slloven-pahor-sllovenia-partnere-e-rendesishme-dhe-avokate-e-integrimit-te-ballkanit-ne-be","status":"publish","type":"post","link":"https:\/\/www.hashtag.al\/index.php\/2022\/07\/05\/meta-me-presidentin-slloven-pahor-sllovenia-partnere-e-rendesishme-dhe-avokate-e-integrimit-te-ballkanit-ne-be\/","title":{"rendered":"Meta me presidentin slloven Pahor: Sllovenia partnere e r\u00ebnd\u00ebsishme dhe avokate e integrimit t\u00eb Ballkanit n\u00eb BE","gt_translate_keys":[{"key":"rendered","format":"text"}]},"content":{"rendered":"<p><span style=\"color: #000000;\"><a href=\"https:\/\/www.hashtag.al\/wp-content\/uploads\/2022\/07\/54ff81c0-cfa1-4056-a27d-e0216bca89f9-674x450-1.jpg\"><img loading=\"lazy\" decoding=\"async\" class=\"aligncenter size-full wp-image-533899\" src=\"https:\/\/www.hashtag.al\/wp-content\/uploads\/2022\/07\/54ff81c0-cfa1-4056-a27d-e0216bca89f9-674x450-1.jpg\" alt=\"\" width=\"674\" height=\"450\" srcset=\"https:\/\/www.hashtag.al\/wp-content\/uploads\/2022\/07\/54ff81c0-cfa1-4056-a27d-e0216bca89f9-674x450-1.jpg 674w, https:\/\/www.hashtag.al\/wp-content\/uploads\/2022\/07\/54ff81c0-cfa1-4056-a27d-e0216bca89f9-674x450-1-300x200.jpg 300w\" sizes=\"auto, (max-width: 674px) 100vw, 674px\" \/><\/a><\/span><\/p>\n<p><span style=\"color: #000000;\">Presidenti Ilir Meta i cili ndodhet n\u00eb Ljubjan\u00eb, \u00ebsht\u00eb pritur sot n\u00eb nj\u00eb takim nga Presidenti i Sllovenis\u00eb, Borut Pahor.<\/span><\/p>\n<p><span style=\"color: #000000;\">Gjat\u00eb k\u00ebtij takimi, Meta vler\u00ebsoi marr\u00ebdh\u00ebniet e shk\u00eblqyera mes dy vendeve dhe shprehu mir\u00ebnjohjen p\u00ebr mb\u00ebshtetjen e gjithanshme dhe t\u00eb vendosur q\u00eb Presidenti Pahor dhe Sllovenia i kan\u00eb dh\u00ebn\u00eb Shqip\u00ebris\u00eb n\u00eb kuadrin e procesit t\u00eb integrimit europian.<\/span><\/p>\n<p><em><span style=\"color: #000000;\">\u201cD\u00ebshiroja ta fal\u00ebnderoj Presidentin Pahor p\u00ebr mb\u00ebshtetjen e tij t\u00eb madhe, si dhe t\u00eb Sllovenis\u00eb po ashtu, ndaj hapjes s\u00eb negociatave t\u00eb an\u00ebtar\u00ebsimit t\u00eb Shqip\u00ebris\u00eb me Bashkimin Europian dhe jo vet\u00ebm p\u00ebr Shqip\u00ebrin\u00eb, por edhe p\u00ebr p\u00ebrpjekjet e tij e t\u00eb Sllovenis\u00eb p\u00ebr t\u00eb zgjeruar integrimin e Ballkanit Per\u00ebndimor!<\/span><\/em><\/p>\n<p><span style=\"color: #000000;\"><em>Ne ram\u00eb dakord plot\u00ebsisht se duhet t\u00eb vazhdojm\u00eb t\u00eb b\u00ebjm\u00eb m\u00eb t\u00eb mir\u00ebn. T\u00eb vazhdojm\u00eb me kryerjen e reformave tona t\u00eb brendshme, t\u00eb tregojm\u00eb m\u00eb tep\u00ebr rezultate, t\u00eb japim m\u00eb shum\u00eb. Shpreh\u00ebm gjithashtu bindjen se edhe Bashkimi Europian do ta kuptoj\u00eb m\u00eb mir\u00eb r\u00ebnd\u00ebsin\u00eb gjeo-politike t\u00eb Ballkanit Per\u00ebndimor p\u00ebr BE-n\u00eb dhe Europ\u00ebn, n\u00eb ve\u00e7anti n\u00eb dit\u00ebt e sotme.\u201d-<\/em> tha Meta.<\/span><\/p>\n<p><span style=\"color: #000000;\">Ai e konsideroi Sllovenin\u00eb nj\u00eb partnere t\u00eb r\u00ebnd\u00ebsishme rajonale dhe avokate t\u00eb paepur t\u00eb integrimit t\u00eb plot\u00eb t\u00eb vendeve t\u00eb Ballkanit Per\u00ebndimor n\u00eb Bashkimin Europian.<\/span><\/p>\n<p><strong><span style=\"color: #000000;\"><a href=\"https:\/\/www.hashtag.al\/wp-content\/uploads\/2022\/07\/ad6ff099-d132-4fb0-b4ef-e889d29cdc28-525x350-1.jpg\"><img loading=\"lazy\" decoding=\"async\" class=\"aligncenter size-full wp-image-533900\" src=\"https:\/\/www.hashtag.al\/wp-content\/uploads\/2022\/07\/ad6ff099-d132-4fb0-b4ef-e889d29cdc28-525x350-1.jpg\" alt=\"\" width=\"525\" height=\"350\" srcset=\"https:\/\/www.hashtag.al\/wp-content\/uploads\/2022\/07\/ad6ff099-d132-4fb0-b4ef-e889d29cdc28-525x350-1.jpg 525w, https:\/\/www.hashtag.al\/wp-content\/uploads\/2022\/07\/ad6ff099-d132-4fb0-b4ef-e889d29cdc28-525x350-1-300x200.jpg 300w\" sizes=\"auto, (max-width: 525px) 100vw, 525px\" \/><\/a><a href=\"https:\/\/www.hashtag.al\/wp-content\/uploads\/2022\/07\/2e5fa1f1-3ef3-42fb-8a91-73c40a97942d-525x350-1.jpg\"><img loading=\"lazy\" decoding=\"async\" class=\"aligncenter size-full wp-image-533898\" src=\"https:\/\/www.hashtag.al\/wp-content\/uploads\/2022\/07\/2e5fa1f1-3ef3-42fb-8a91-73c40a97942d-525x350-1.jpg\" alt=\"\" width=\"525\" height=\"350\" srcset=\"https:\/\/www.hashtag.al\/wp-content\/uploads\/2022\/07\/2e5fa1f1-3ef3-42fb-8a91-73c40a97942d-525x350-1.jpg 525w, https:\/\/www.hashtag.al\/wp-content\/uploads\/2022\/07\/2e5fa1f1-3ef3-42fb-8a91-73c40a97942d-525x350-1-300x200.jpg 300w\" sizes=\"auto, (max-width: 525px) 100vw, 525px\" \/><\/a><\/span><\/strong><\/p>\n<p><iframe loading=\"lazy\" style=\"border: none; overflow: hidden;\" src=\"https:\/\/www.facebook.com\/plugins\/video.php?height=308&amp;href=https%3A%2F%2Fwww.facebook.com%2Filirmetazyrtar%2Fvideos%2F763886151297413%2F&amp;show_text=false&amp;width=560&amp;t=0\" width=\"560\" height=\"308\" frameborder=\"0\" scrolling=\"no\" allowfullscreen=\"allowfullscreen\"><\/iframe><\/p>\n<p><strong><span style=\"color: #000000;\">\u00c7far\u00eb tha Meta:<\/span><\/strong><\/p>\n<p><span style=\"color: #000000;\">Ju faleminderit shum\u00eb Zoti President! Ishte nj\u00eb k\u00ebnaq\u00ebsi e madhe p\u00ebr mua q\u00eb t\u00eb isha sot n\u00eb Ljubljan\u00eb, i mikpritur nga Presidenti i Sllovenis\u00eb, miku im shum\u00eb i mir\u00eb, Barut Pahor n\u00eb k\u00ebt\u00eb takim lamtumire p\u00ebrpara p\u00ebrmbylljes s\u00eb mandatit tim si President i Shqip\u00ebris\u00eb n\u00eb fund t\u00eb k\u00ebtij muaji!<\/span><\/p>\n<p><span style=\"color: #000000;\">D\u00ebshiroja ta fal\u00ebnderoj Presidentin Pahor p\u00ebr mb\u00ebshtetjen e tij t\u00eb madhe, si dhe t\u00eb Sllovenis\u00eb po ashtu, ndaj hapjes s\u00eb negociatave t\u00eb an\u00ebtar\u00ebsimit t\u00eb Shqip\u00ebris\u00eb me Bashkimin Europian dhe jo vet\u00ebm p\u00ebr Shqip\u00ebrin\u00eb, por edhe p\u00ebr p\u00ebrpjekjet e tij e t\u00eb Sllovenis\u00eb p\u00ebr t\u00eb zgjeruar integrimin e Ballkanit Per\u00ebndimor!<\/span><\/p>\n<p><span style=\"color: #000000;\">Ne ram\u00eb dakord plot\u00ebsisht se duhet t\u00eb vazhdojm\u00eb t\u00eb b\u00ebjm\u00eb m\u00eb t\u00eb mir\u00ebn. T\u00eb vazhdojm\u00eb me kryerjen e reformave tona t\u00eb brendshme, t\u00eb tregojm\u00eb m\u00eb tep\u00ebr rezultate, t\u00eb japim m\u00eb shum\u00eb. Shpreh\u00ebm gjithashtu bindjen se edhe Bashkimi Europian do ta kuptoj\u00eb m\u00eb mir\u00eb r\u00ebnd\u00ebsin\u00eb gjeo-politike t\u00eb Ballkanit Per\u00ebndimor p\u00ebr BE-n\u00eb dhe Europ\u00ebn, n\u00eb ve\u00e7anti n\u00eb dit\u00ebt e sotme.<\/span><\/p>\n<p><span style=\"color: #000000;\">Kjo \u00ebsht\u00eb arsyeja p\u00ebrse zgjerimi duhet t\u00eb vazhdoj\u00eb.<\/span><\/p>\n<p><span style=\"color: #000000;\">Kjo \u00ebsht\u00eb arsyeja p\u00ebrse kjo duhet t\u00eb konkretizohet.<\/span><\/p>\n<p><span style=\"color: #000000;\">Kjo \u00ebsht\u00eb arsyeja p\u00ebrse Presidenti Pahor dhe Sllovenia p\u00ebrkrahin fort hapjen e negociatave t\u00eb antar\u00ebsimit me Shqip\u00ebrin\u00eb dhe Maqedonin\u00eb e Veriut, dh\u00ebnien e statusit t\u00eb vendit kandidat Bosnj\u00ebs dhe Hercegovin\u00ebs, liberalizimin e regjimit t\u00eb vizave p\u00ebr Kosov\u00ebn.<\/span><\/p>\n<p><span style=\"color: #000000;\">Po ashtu, kjo \u00ebsht\u00eb arsyeja p\u00ebrse ne e vler\u00ebsuam vendimin e fundit t\u00eb BE-s\u00eb p\u00ebr t\u2019i dh\u00ebn\u00eb statusin e vendit kandidat Ukrain\u00ebs dhe Moldavis\u00eb, sepse \u00ebsht\u00eb thelb\u00ebsore q\u00eb t\u2019i tregohet mbar\u00eb bot\u00ebs dhe n\u00eb ve\u00e7anti t\u00eb gjitha vendeve t\u00eb kontinentit ton\u00eb se zgjerimi po vazhdon, se zgjerimi po p\u00ebrparon dhe se k\u00ebto reforma q\u00eb po nd\u00ebrmarrim me q\u00ebllim p\u00ebrafrimin ndaj Bashkimit Europian, do t\u00eb vazhdojn\u00eb t\u00eb luajn\u00eb rolin e forc\u00ebs shtyt\u00ebse p\u00ebr shoq\u00ebrit\u00eb tona, t\u00eb cilat jo vet\u00ebm do t\u00eb ndihmojn\u00eb vendet tona q\u00eb t\u00eb p\u00ebrmir\u00ebsojn\u00eb standardet e demokracis\u00eb, sundimit t\u00eb shtetit t\u00eb s\u00eb drejt\u00ebs, t\u00eb ekonomis\u00eb si dhe standardet shoq\u00ebrore, por q\u00eb gjithashtu t\u00eb p\u00ebrforcojn\u00eb q\u00ebndrueshm\u00ebrin\u00eb dhe paqen n\u00eb rajonin ton\u00eb dhe n\u00eb kontinentin ton\u00eb.<\/span><\/p>\n<p><span style=\"color: #000000;\">Mb\u00ebshtetemi shum\u00eb te Sllovenia edhe n\u00eb t\u00eb ardhmen dhe shpresoj e uroj q\u00eb Samiti i ardhsh\u00ebm i Brdo-Brijunit q\u00eb do t\u00eb mbahet k\u00ebtu, do t\u2019i jap\u00eb nj\u00eb shtys\u00eb t\u00eb re zgjerimit t\u00eb Bashkimit Europian dhe aspiratave t\u00eb vendeve tona p\u00ebr nj\u00eb t\u00eb ardhme europiane!<\/span><\/p>\n","protected":false,"gt_translate_keys":[{"key":"rendered","format":"html"}]},"excerpt":{"rendered":"<p>Presidenti Ilir Meta i cili ndodhet n\u00eb Ljubjan\u00eb, \u00ebsht\u00eb pritur sot n\u00eb nj\u00eb takim nga Presidenti i Sllovenis\u00eb, Borut Pahor. Gjat\u00eb k\u00ebtij takimi, Meta vler\u00ebsoi marr\u00ebdh\u00ebniet e shk\u00eblqyera mes dy vendeve dhe shprehu mir\u00ebnjohjen p\u00ebr mb\u00ebshtetjen e gjithanshme dhe t\u00eb vendosur q\u00eb Presidenti Pahor dhe Sllovenia i kan\u00eb dh\u00ebn\u00eb Shqip\u00ebris\u00eb n\u00eb kuadrin e procesit t\u00eb [&hellip;]<\/p>\n","protected":false,"gt_translate_keys":[{"key":"rendered","format":"html"}]},"author":30,"featured_media":533899,"comment_status":"closed","ping_status":"closed","sticky":false,"template":"","format":"standard","meta":{"footnotes":""},"categories":[65,13],"tags":[],"class_list":["post-533897","post","type-post","status-publish","format-standard","has-post-thumbnail","hentry","category-lajme","category-te-fundit"],"gt_translate_keys":[{"key":"link","format":"url"}],"_links":{"self":[{"href":"https:\/\/www.hashtag.al\/index.php\/wp-json\/wp\/v2\/posts\/533897","targetHints":{"allow":["GET"]}}],"collection":[{"href":"https:\/\/www.hashtag.al\/index.php\/wp-json\/wp\/v2\/posts"}],"about":[{"href":"https:\/\/www.hashtag.al\/index.php\/wp-json\/wp\/v2\/types\/post"}],"author":[{"embeddable":true,"href":"https:\/\/www.hashtag.al\/index.php\/wp-json\/wp\/v2\/users\/30"}],"replies":[{"embeddable":true,"href":"https:\/\/www.hashtag.al\/index.php\/wp-json\/wp\/v2\/comments?post=533897"}],"version-history":[{"count":0,"href":"https:\/\/www.hashtag.al\/index.php\/wp-json\/wp\/v2\/posts\/533897\/revisions"}],"wp:featuredmedia":[{"embeddable":true,"href":"https:\/\/www.hashtag.al\/index.php\/wp-json\/wp\/v2\/media\/533899"}],"wp:attachment":[{"href":"https:\/\/www.hashtag.al\/index.php\/wp-json\/wp\/v2\/media?parent=533897"}],"wp:term":[{"taxonomy":"category","embeddable":true,"href":"https:\/\/www.hashtag.al\/index.php\/wp-json\/wp\/v2\/categories?post=533897"},{"taxonomy":"post_tag","embeddable":true,"href":"https:\/\/www.hashtag.al\/index.php\/wp-json\/wp\/v2\/tags?post=533897"}],"curies":[{"name":"wp","href":"https:\/\/api.w.org\/{rel}","templated":true}]}}