{"id":533728,"date":"2022-07-04T22:11:01","date_gmt":"2022-07-04T20:11:01","guid":{"rendered":"https:\/\/www.hashtag.al\/?p=533728"},"modified":"2022-07-04T22:11:01","modified_gmt":"2022-07-04T20:11:01","slug":"ilir-meta-niset-naten-me-tren-drejt-sllovenise-mbreselenes-udhetimi-video","status":"publish","type":"post","link":"https:\/\/www.hashtag.al\/index.php\/2022\/07\/04\/ilir-meta-niset-naten-me-tren-drejt-sllovenise-mbreselenes-udhetimi-video\/","title":{"rendered":"Ilir Meta niset nat\u00ebn me tren drejt Sllovenis\u00eb: Mbres\u00ebl\u00ebn\u00ebs udh\u00ebtimi (VIDEO)","gt_translate_keys":[{"key":"rendered","format":"text"}]},"content":{"rendered":"<p><span style=\"color: #000000;\"><a href=\"https:\/\/www.hashtag.al\/wp-content\/uploads\/2022\/07\/Meta.jpg\"><img loading=\"lazy\" decoding=\"async\" class=\"aligncenter size-full wp-image-533729\" src=\"https:\/\/www.hashtag.al\/wp-content\/uploads\/2022\/07\/Meta.jpg\" alt=\"\" width=\"885\" height=\"484\" srcset=\"https:\/\/www.hashtag.al\/wp-content\/uploads\/2022\/07\/Meta.jpg 885w, https:\/\/www.hashtag.al\/wp-content\/uploads\/2022\/07\/Meta-300x164.jpg 300w, https:\/\/www.hashtag.al\/wp-content\/uploads\/2022\/07\/Meta-768x420.jpg 768w\" sizes=\"auto, (max-width: 885px) 100vw, 885px\" \/><\/a><\/span><\/p>\n<p><span style=\"color: #000000;\">Presidenti i vendit Ilir Meta \u00ebsht\u00eb nisur sot p\u00ebr nj\u00eb vizit\u00eb zyrtare drejt Sllovenis\u00eb. Sikurse b\u00ebn me dije p\u00ebrmes nj\u00eb postimi n\u00eb rrjetet sociale, ai pritet t\u00eb takohet me homologun slloven Borut Pahor nes\u00ebr n\u00eb Ljubjan\u00eb.<\/span><\/p>\n<p><span style=\"color: #000000;\"><em>\u00a0\u201cMbres\u00ebl\u00ebn\u00ebs udh\u00ebtimi n\u00eb mbr\u00ebmje me tren drejt Ljubljan\u00ebs, ku nes\u00ebr do t\u00eb takohem me Presidentin e Sllovenis\u00eb, Borut Pahor!\u201d<\/em>&#8211; shkruan presidenti Meta nd\u00ebrsa shp\u00ebrndan nj\u00eb video, ku shihet duke u nisur me tren drejt Sllovenis\u00eb.<\/span><\/p>\n<p><iframe loading=\"lazy\" style=\"border: none; overflow: hidden;\" src=\"https:\/\/www.facebook.com\/plugins\/video.php?height=308&amp;href=https%3A%2F%2Fwww.facebook.com%2Filirmetazyrtar%2Fvideos%2F1561119807641260%2F&amp;show_text=false&amp;width=560&amp;t=0\" width=\"560\" height=\"308\" frameborder=\"0\" scrolling=\"no\" allowfullscreen=\"allowfullscreen\"><\/iframe><\/p>\n","protected":false,"gt_translate_keys":[{"key":"rendered","format":"html"}]},"excerpt":{"rendered":"<p>Presidenti i vendit Ilir Meta \u00ebsht\u00eb nisur sot p\u00ebr nj\u00eb vizit\u00eb zyrtare drejt Sllovenis\u00eb. Sikurse b\u00ebn me dije p\u00ebrmes nj\u00eb postimi n\u00eb rrjetet sociale, ai pritet t\u00eb takohet me homologun slloven Borut Pahor nes\u00ebr n\u00eb Ljubjan\u00eb. \u00a0\u201cMbres\u00ebl\u00ebn\u00ebs udh\u00ebtimi n\u00eb mbr\u00ebmje me tren drejt Ljubljan\u00ebs, ku nes\u00ebr do t\u00eb takohem me Presidentin e Sllovenis\u00eb, Borut Pahor!\u201d&#8211; [&hellip;]<\/p>\n","protected":false,"gt_translate_keys":[{"key":"rendered","format":"html"}]},"author":30,"featured_media":533729,"comment_status":"closed","ping_status":"closed","sticky":false,"template":"","format":"standard","meta":{"footnotes":""},"categories":[65,13],"tags":[],"class_list":["post-533728","post","type-post","status-publish","format-standard","has-post-thumbnail","hentry","category-lajme","category-te-fundit"],"gt_translate_keys":[{"key":"link","format":"url"}],"_links":{"self":[{"href":"https:\/\/www.hashtag.al\/index.php\/wp-json\/wp\/v2\/posts\/533728","targetHints":{"allow":["GET"]}}],"collection":[{"href":"https:\/\/www.hashtag.al\/index.php\/wp-json\/wp\/v2\/posts"}],"about":[{"href":"https:\/\/www.hashtag.al\/index.php\/wp-json\/wp\/v2\/types\/post"}],"author":[{"embeddable":true,"href":"https:\/\/www.hashtag.al\/index.php\/wp-json\/wp\/v2\/users\/30"}],"replies":[{"embeddable":true,"href":"https:\/\/www.hashtag.al\/index.php\/wp-json\/wp\/v2\/comments?post=533728"}],"version-history":[{"count":0,"href":"https:\/\/www.hashtag.al\/index.php\/wp-json\/wp\/v2\/posts\/533728\/revisions"}],"wp:featuredmedia":[{"embeddable":true,"href":"https:\/\/www.hashtag.al\/index.php\/wp-json\/wp\/v2\/media\/533729"}],"wp:attachment":[{"href":"https:\/\/www.hashtag.al\/index.php\/wp-json\/wp\/v2\/media?parent=533728"}],"wp:term":[{"taxonomy":"category","embeddable":true,"href":"https:\/\/www.hashtag.al\/index.php\/wp-json\/wp\/v2\/categories?post=533728"},{"taxonomy":"post_tag","embeddable":true,"href":"https:\/\/www.hashtag.al\/index.php\/wp-json\/wp\/v2\/tags?post=533728"}],"curies":[{"name":"wp","href":"https:\/\/api.w.org\/{rel}","templated":true}]}}