{"id":533724,"date":"2022-07-04T21:56:02","date_gmt":"2022-07-04T19:56:02","guid":{"rendered":"https:\/\/www.hashtag.al\/?p=533724"},"modified":"2022-07-04T21:56:02","modified_gmt":"2022-07-04T19:56:02","slug":"e-moshuara-qe-figuron-pronare-e-kompanise-se-inceneratoreve-i-kam-shkruar-leter-edi-rames-por-sme-ka-kthyer-pergjigje","status":"publish","type":"post","link":"https:\/\/www.hashtag.al\/index.php\/2022\/07\/04\/e-moshuara-qe-figuron-pronare-e-kompanise-se-inceneratoreve-i-kam-shkruar-leter-edi-rames-por-sme-ka-kthyer-pergjigje\/","title":{"rendered":"E moshuara q\u00eb figuron &#8220;pronare&#8221; e kompanis\u00eb s\u00eb incenerator\u00ebve: I kam shkruar let\u00ebr Edi Ram\u00ebs, por s&#8217;m\u00eb ka kthyer p\u00ebrgjigje","gt_translate_keys":[{"key":"rendered","format":"text"}]},"content":{"rendered":"<p><span style=\"color: #000000;\"><a href=\"https:\/\/www.hashtag.al\/wp-content\/uploads\/2022\/07\/zonja.jpg\"><img loading=\"lazy\" decoding=\"async\" class=\"aligncenter size-full wp-image-533726\" src=\"https:\/\/www.hashtag.al\/wp-content\/uploads\/2022\/07\/zonja.jpg\" alt=\"\" width=\"758\" height=\"376\" srcset=\"https:\/\/www.hashtag.al\/wp-content\/uploads\/2022\/07\/zonja.jpg 758w, https:\/\/www.hashtag.al\/wp-content\/uploads\/2022\/07\/zonja-300x149.jpg 300w\" sizes=\"auto, (max-width: 758px) 100vw, 758px\" \/><\/a><\/span><\/p>\n<p><span style=\"color: #000000;\">E moshuara Haxhire Gurakuqi, e cila figuron t\u00eb jet\u00eb pronare e nj\u00eb kompanie me vler\u00eb 30 milion\u00eb euro thot\u00eb se i ka shkruar nj\u00eb let\u00ebr kryeministrit Edi Rama p\u00ebr historin\u00eb e saj, por nuk ka marr\u00eb asnj\u00eb p\u00ebrgjigje.<\/span><\/p>\n<p><span style=\"color: #000000;\">N\u00eb nj\u00eb intervist\u00eb p\u00ebr nj\u00eb tjet\u00ebr televizion, k\u00ebt\u00eb radh\u00eb p\u00ebr \u201cNews 24\u201d, Gurakuqi k\u00ebmb\u00ebnguli se ka r\u00ebn\u00eb pre e nj\u00eb mashtrimi nga dy persona, t\u00eb cil\u00ebt i ishin paraqitur si punonj\u00ebs t\u00eb prokuroris\u00eb dhe i kishin k\u00ebrkuar q\u00eb t\u00eb firmoste nj\u00eb let\u00ebr.<\/span><\/p>\n<p><span style=\"color: #000000;\">Ajo u b\u00ebri thirrje qytetar\u00ebve q\u00eb t\u00eb ken\u00eb kujdes me pasaportat dhe mjetet e tyre t\u00eb identifikimit, pasi me to mund t\u00eb b\u00ebhen abuzime.<\/span><\/p>\n<p><span style=\"color: #000000;\"><em>\u201cJam viktim\u00eb. Erdh\u00ebn dy persona dhe firmosa nj\u00eb let\u00ebr t\u00eb bardh\u00eb. Se dija kush ishin, m\u00eb than\u00eb jemi nga prokuroria. Kur ika te Tatimet, te 9-Katshet m\u00eb than\u00eb; je viktim\u00eb! Kush e di se sa veta kan\u00eb mashtruar si puna ime. I kam shkruar dhe Edi Ram\u00ebs. \u00c7far\u00eb p\u00ebrgjigje mi n\u00ebn\u00eb. Po ia \u00e7ova me post\u00eb. I shkrova edhe atij t\u00eb Tatimeve: Qe s&#8217;kam biznese, e ke marr\u00eb gabim.<\/em><\/span><\/p>\n<p><span style=\"color: #000000;\"><em>T\u00eb nj\u00ebjt\u00ebn gj\u00eb b\u00ebri edhe drejtori i Tatimeve. I b\u00ebj thirrje t\u00eb gjith\u00ebve q\u00eb t\u00eb ken\u00eb kujdes me pasaportat se do ta p\u00ebsojn\u00eb si puna ime.\u201d-<\/em> u shpreh e moshuara, e cila sot \u00ebsht\u00eb kthyer n\u00eb lajmin e dit\u00ebs, pas zbulimit t\u00eb historis\u00eb s\u00eb saj.<\/span><\/p>\n<p><iframe loading=\"lazy\" title=\"E moshuara q\u00eb rezulton &quot;milionere&quot; nga skema e evazionit fiskal me incenerator\u00ebt flet p\u00ebr News24\" width=\"1170\" height=\"658\" src=\"https:\/\/www.youtube.com\/embed\/TUcp946N8tw?feature=oembed\" frameborder=\"0\" allow=\"accelerometer; autoplay; clipboard-write; encrypted-media; gyroscope; picture-in-picture\" allowfullscreen title=\"E moshuara q\u00eb rezulton \"milionere\" nga skema e evazionit fiskal me incenerator\u00ebt flet p\u00ebr News24\"><\/iframe><\/p>\n","protected":false,"gt_translate_keys":[{"key":"rendered","format":"html"}]},"excerpt":{"rendered":"<p>E moshuara Haxhire Gurakuqi, e cila figuron t\u00eb jet\u00eb pronare e nj\u00eb kompanie me vler\u00eb 30 milion\u00eb euro thot\u00eb se i ka shkruar nj\u00eb let\u00ebr kryeministrit Edi Rama p\u00ebr historin\u00eb e saj, por nuk ka marr\u00eb asnj\u00eb p\u00ebrgjigje. N\u00eb nj\u00eb intervist\u00eb p\u00ebr nj\u00eb tjet\u00ebr televizion, k\u00ebt\u00eb radh\u00eb p\u00ebr \u201cNews 24\u201d, Gurakuqi k\u00ebmb\u00ebnguli se ka r\u00ebn\u00eb [&hellip;]<\/p>\n","protected":false,"gt_translate_keys":[{"key":"rendered","format":"html"}]},"author":30,"featured_media":533726,"comment_status":"closed","ping_status":"closed","sticky":false,"template":"","format":"standard","meta":{"footnotes":""},"categories":[65,13],"tags":[],"class_list":["post-533724","post","type-post","status-publish","format-standard","has-post-thumbnail","hentry","category-lajme","category-te-fundit"],"gt_translate_keys":[{"key":"link","format":"url"}],"_links":{"self":[{"href":"https:\/\/www.hashtag.al\/index.php\/wp-json\/wp\/v2\/posts\/533724","targetHints":{"allow":["GET"]}}],"collection":[{"href":"https:\/\/www.hashtag.al\/index.php\/wp-json\/wp\/v2\/posts"}],"about":[{"href":"https:\/\/www.hashtag.al\/index.php\/wp-json\/wp\/v2\/types\/post"}],"author":[{"embeddable":true,"href":"https:\/\/www.hashtag.al\/index.php\/wp-json\/wp\/v2\/users\/30"}],"replies":[{"embeddable":true,"href":"https:\/\/www.hashtag.al\/index.php\/wp-json\/wp\/v2\/comments?post=533724"}],"version-history":[{"count":0,"href":"https:\/\/www.hashtag.al\/index.php\/wp-json\/wp\/v2\/posts\/533724\/revisions"}],"wp:featuredmedia":[{"embeddable":true,"href":"https:\/\/www.hashtag.al\/index.php\/wp-json\/wp\/v2\/media\/533726"}],"wp:attachment":[{"href":"https:\/\/www.hashtag.al\/index.php\/wp-json\/wp\/v2\/media?parent=533724"}],"wp:term":[{"taxonomy":"category","embeddable":true,"href":"https:\/\/www.hashtag.al\/index.php\/wp-json\/wp\/v2\/categories?post=533724"},{"taxonomy":"post_tag","embeddable":true,"href":"https:\/\/www.hashtag.al\/index.php\/wp-json\/wp\/v2\/tags?post=533724"}],"curies":[{"name":"wp","href":"https:\/\/api.w.org\/{rel}","templated":true}]}}