{"id":533684,"date":"2022-07-04T20:01:05","date_gmt":"2022-07-04T18:01:05","guid":{"rendered":"https:\/\/www.hashtag.al\/?p=533684"},"modified":"2022-07-04T20:01:05","modified_gmt":"2022-07-04T18:01:05","slug":"gati-u-kapem-fizikisht-me-ramen-ne-sofje-mark-rutte","status":"publish","type":"post","link":"https:\/\/www.hashtag.al\/index.php\/2022\/07\/04\/gati-u-kapem-fizikisht-me-ramen-ne-sofje-mark-rutte\/","title":{"rendered":"\u201cGati u kap\u00ebm fizikisht me Ram\u00ebn n\u00eb Sofje\u201d- Mark Rutte","gt_translate_keys":[{"key":"rendered","format":"text"}]},"content":{"rendered":"<p><span style=\"color: #000000;\"><a href=\"https:\/\/www.hashtag.al\/wp-content\/uploads\/2022\/07\/rutte.jpg\"><img loading=\"lazy\" decoding=\"async\" class=\"aligncenter size-full wp-image-533682\" src=\"https:\/\/www.hashtag.al\/wp-content\/uploads\/2022\/07\/rutte.jpg\" alt=\"\" width=\"822\" height=\"459\" srcset=\"https:\/\/www.hashtag.al\/wp-content\/uploads\/2022\/07\/rutte.jpg 822w, https:\/\/www.hashtag.al\/wp-content\/uploads\/2022\/07\/rutte-300x168.jpg 300w, https:\/\/www.hashtag.al\/wp-content\/uploads\/2022\/07\/rutte-768x429.jpg 768w\" sizes=\"auto, (max-width: 822px) 100vw, 822px\" \/><\/a><\/span><\/p>\n<p><span style=\"color: #000000;\">Kryeministri holandez, Mark Rutte n\u00eb konferenc\u00ebn e sotme t\u00eb p\u00ebrbashk\u00ebt me kryeministrin Edi Rama, tregoi nj\u00eb episod kur t\u00eb dy gati sa nuk ishin kapur fizikisht me nj\u00ebri-tjetrin.<\/span><\/p>\n<p><span style=\"color: #000000;\">Rutte foli p\u00ebr vakancat n\u00eb gjyq\u00ebsor, q\u00eb jan\u00eb nj\u00eb nga problemet kryesore sipas tij n\u00eb Shqip\u00ebri.<\/span><\/p>\n<p><span style=\"color: #000000;\"><em>\u201cM\u00eb kujtohet samiti i Ballkanit Per\u00ebndimor n\u00eb Sofje, ku gati u kap\u00ebm fizikisht me nj\u00ebri-tjetrin. Por ende asokohe mbanim pas \u00e7\u00ebshtjet e an\u00ebtar\u00ebsis\u00eb. Megjithat\u00eb, Shqip\u00ebria ka punuar p\u00ebr k\u00ebto \u00e7\u00ebshtje. Kemi pasur bashk\u00ebpunim. Ka nj\u00eb problem t\u00eb vendeve t\u00eb lira p\u00ebr gjyqtar\u00eb n\u00eb Shqip\u00ebri, pasi \u00ebsht\u00eb pastruar sistemi, por nd\u00ebrkoh\u00eb duhet t\u00eb plot\u00ebsohen k\u00ebto vende bosh. Njer\u00ebzit duhet t\u00eb shkollohen. Nuk jemi arritur maksimum por dhe n\u00eb Holand\u00eb nuk jan\u00eb t\u00eb p\u00ebrsosur.\u201d- <\/em>tha Rutte.<\/span><\/p>\n","protected":false,"gt_translate_keys":[{"key":"rendered","format":"html"}]},"excerpt":{"rendered":"<p>Kryeministri holandez, Mark Rutte n\u00eb konferenc\u00ebn e sotme t\u00eb p\u00ebrbashk\u00ebt me kryeministrin Edi Rama, tregoi nj\u00eb episod kur t\u00eb dy gati sa nuk ishin kapur fizikisht me nj\u00ebri-tjetrin. Rutte foli p\u00ebr vakancat n\u00eb gjyq\u00ebsor, q\u00eb jan\u00eb nj\u00eb nga problemet kryesore sipas tij n\u00eb Shqip\u00ebri. \u201cM\u00eb kujtohet samiti i Ballkanit Per\u00ebndimor n\u00eb Sofje, ku gati u [&hellip;]<\/p>\n","protected":false,"gt_translate_keys":[{"key":"rendered","format":"html"}]},"author":30,"featured_media":533682,"comment_status":"closed","ping_status":"closed","sticky":false,"template":"","format":"standard","meta":{"footnotes":""},"categories":[65,13],"tags":[],"class_list":["post-533684","post","type-post","status-publish","format-standard","has-post-thumbnail","hentry","category-lajme","category-te-fundit"],"gt_translate_keys":[{"key":"link","format":"url"}],"_links":{"self":[{"href":"https:\/\/www.hashtag.al\/index.php\/wp-json\/wp\/v2\/posts\/533684","targetHints":{"allow":["GET"]}}],"collection":[{"href":"https:\/\/www.hashtag.al\/index.php\/wp-json\/wp\/v2\/posts"}],"about":[{"href":"https:\/\/www.hashtag.al\/index.php\/wp-json\/wp\/v2\/types\/post"}],"author":[{"embeddable":true,"href":"https:\/\/www.hashtag.al\/index.php\/wp-json\/wp\/v2\/users\/30"}],"replies":[{"embeddable":true,"href":"https:\/\/www.hashtag.al\/index.php\/wp-json\/wp\/v2\/comments?post=533684"}],"version-history":[{"count":0,"href":"https:\/\/www.hashtag.al\/index.php\/wp-json\/wp\/v2\/posts\/533684\/revisions"}],"wp:featuredmedia":[{"embeddable":true,"href":"https:\/\/www.hashtag.al\/index.php\/wp-json\/wp\/v2\/media\/533682"}],"wp:attachment":[{"href":"https:\/\/www.hashtag.al\/index.php\/wp-json\/wp\/v2\/media?parent=533684"}],"wp:term":[{"taxonomy":"category","embeddable":true,"href":"https:\/\/www.hashtag.al\/index.php\/wp-json\/wp\/v2\/categories?post=533684"},{"taxonomy":"post_tag","embeddable":true,"href":"https:\/\/www.hashtag.al\/index.php\/wp-json\/wp\/v2\/tags?post=533684"}],"curies":[{"name":"wp","href":"https:\/\/api.w.org\/{rel}","templated":true}]}}