{"id":533603,"date":"2022-07-04T15:01:43","date_gmt":"2022-07-04T13:01:43","guid":{"rendered":"https:\/\/www.hashtag.al\/?p=533603"},"modified":"2022-07-04T15:02:28","modified_gmt":"2022-07-04T13:02:28","slug":"salianji-fatmir-xhafaj-kishte-ndikim-te-gjykata-e-shkalles-se-pare-ceshtja-babale-do-shkoje-ne-te-gjitha-instancat","status":"publish","type":"post","link":"https:\/\/www.hashtag.al\/index.php\/2022\/07\/04\/salianji-fatmir-xhafaj-kishte-ndikim-te-gjykata-e-shkalles-se-pare-ceshtja-babale-do-shkoje-ne-te-gjitha-instancat\/","title":{"rendered":"Salianji: Fatmir Xhafaj kishte ndikim te Gjykata e Shkall\u00ebs s\u00eb par\u00eb, \u00e7\u00ebshtja \u201cBabale\u201d do shkoj\u00eb n\u00eb t\u00eb gjitha instancat","gt_translate_keys":[{"key":"rendered","format":"text"}]},"content":{"rendered":"<p style=\"text-align: justify;\"><span style=\"color: #000000;\"><img loading=\"lazy\" decoding=\"async\" class=\"aligncenter size-full wp-image-533604\" src=\"https:\/\/www.hashtag.al\/wp-content\/uploads\/2022\/07\/salianji-apeli-gjykata.jpeg\" alt=\"\" width=\"768\" height=\"543\" srcset=\"https:\/\/www.hashtag.al\/wp-content\/uploads\/2022\/07\/salianji-apeli-gjykata.jpeg 768w, https:\/\/www.hashtag.al\/wp-content\/uploads\/2022\/07\/salianji-apeli-gjykata-300x212.jpeg 300w\" sizes=\"auto, (max-width: 768px) 100vw, 768px\" \/><\/span><\/p>\n<p style=\"text-align: justify;\"><span style=\"color: #000000;\">Deputeti Ervin Salianji pas shtyrjes s\u00eb seanc\u00ebs gjyq\u00ebsore n\u00eb Gjykat\u00ebn e Apelit p\u00ebr shkak t\u00eb munges\u00ebs s\u00eb nj\u00eb gjyqtareje ka folur mbi \u00e7\u00ebshtjen \u201cBabale\u201d duke u shprehur i bindur n\u00eb pafaj\u00ebsi.<\/span><\/p>\n<p style=\"text-align: justify;\"><span style=\"color: #000000;\">Salianji tha se prokuror\u00ebt q\u00eb u morr\u00ebn me \u00e7\u00ebshtjen dhe gjyqtari i shkall\u00ebs s\u00eb par\u00eb jan\u00eb larguar nga vettingu ose kan\u00eb dh\u00ebn\u00eb dor\u00ebheqjen.<\/span><\/p>\n<p style=\"text-align: justify;\"><span style=\"color: #000000;\">Deputeti i PD-s\u00eb akuzoi se ish-ministri i Brendsh\u00ebm, Fatmir Xhafaj ka pasur ndikim te gjyqtari i shkall\u00ebs s\u00eb par\u00eb p\u00ebr t\u00eb dh\u00ebn\u00eb nj\u00eb vendimmarrje t\u00eb caktuar.<\/span><\/p>\n<p style=\"text-align: justify;\"><span style=\"color: #000000;\">\u201c<em>Nuk \u00ebsht\u00eb vet\u00ebm ky d\u00ebshmitar i rrem\u00eb. \u00cbsht\u00eb dhe nj\u00eb personazh tjet\u00ebr, nj\u00eb person i njohur si Agron Hyseni q\u00eb policia dhe Prokuroria tentuan ta fusnin, si Agron p\u00ebr Agron. Z\u00ebri \u00ebsht\u00eb i ngjash\u00ebm sipas ekspertiz\u00ebs britanike, me at\u00eb t\u00eb personit t\u00eb denoncuar. Prokuroria dhe organet nuk b\u00ebn\u00eb at\u00eb q\u00eb duhet t\u00eb b\u00ebnin, duke u marr\u00eb me denoncuesit.<\/em><\/span><\/p>\n<p style=\"text-align: justify;\"><span style=\"color: #000000;\"><em>Jo vet\u00ebm q\u00eb i q\u00ebndrojm\u00eb, por fakti i hetimeve nga prokuroria faktoi plot\u00ebsisht ato q\u00eb denonconim dhe u p\u00ebrfshi akoma m\u00eb shum\u00eb struktura, p\u00ebr t\u00eb mbrojtur trafikun shtet\u00ebror t\u00eb drog\u00ebs t\u00eb kryer n\u00ebn mbrojtjen e ish-ministrit t\u00eb Brendsh\u00ebm, aktualisht deputet i PS. Nuk ka hetim pasuror p\u00ebr Fatmir Xhaf\u00ebn, si v\u00ebllai i nj\u00eb subjekti t\u00eb OFL-s\u00eb.<\/em><\/span><\/p>\n<p style=\"text-align: justify;\"><span style=\"color: #000000;\"><em>\u00c7far\u00eb do b\u00ebj, do hidhem p\u00ebrpjet\u00eb. \u00c7do vendim i gjykat\u00ebs do zbatohet un\u00eb po them me fakte e prova q\u00eb s\u2019ka gjykat\u00eb q\u00eb nuk e merr parasysh.<\/em><\/span><\/p>\n<p style=\"text-align: justify;\"><span style=\"color: #000000;\"><em>Fakti tjet\u00ebr q\u00eb prokuror\u00ebt t\u00eb gjith\u00eb por dhe gjyqtari q\u00eb \u00ebsht\u00eb marr\u00eb me \u00e7\u00ebshtjen jan\u00eb larguar q\u00eb t\u00eb gjith\u00eb nga vettingu ose kan\u00eb dh\u00ebn\u00eb dor\u00ebheqjen jan\u00eb t\u00eb gjith\u00eb m\u00eb at\u00eb moment t\u00eb caktuar p\u00ebr shkak se njihej si babai i reform\u00ebs n\u00eb drejt\u00ebsi personi i p\u00ebrfshir\u00eb dhe njeri me pushtet politik ka pasur ndikimin e vet p\u00ebr t\u00eb dh\u00ebn\u00eb nj\u00eb vendimmarrje t\u00eb caktuar.<\/em><\/span><\/p>\n<p style=\"text-align: justify;\"><span style=\"color: #000000;\"><em>Sot ata s\u2019jan\u00eb n\u00eb sistemin gjyq\u00ebsor \u00e7ka i b\u00ebn dhe t\u00eb paragjykuar. Kjo \u00e7\u00ebshtje do shkoj\u00eb n\u00eb gjith\u00eb instancat gjyq\u00ebsore.<\/em><\/span><\/p>\n<p style=\"text-align: justify;\"><span style=\"color: #000000;\"><em>Jam i bindur q\u00eb do ket\u00eb vendimmarrje p\u00ebr pafaj\u00ebsi se s\u2019mund t\u00eb ket\u00eb d\u00ebnim p\u00ebr denoncim publik<\/em>\u201d-deklaroi Salianji.<\/span><\/p>\n<p style=\"text-align: justify;\">\n","protected":false,"gt_translate_keys":[{"key":"rendered","format":"html"}]},"excerpt":{"rendered":"<p>Deputeti Ervin Salianji pas shtyrjes s\u00eb seanc\u00ebs gjyq\u00ebsore n\u00eb Gjykat\u00ebn e Apelit p\u00ebr shkak t\u00eb munges\u00ebs s\u00eb nj\u00eb gjyqtareje ka folur mbi \u00e7\u00ebshtjen \u201cBabale\u201d duke u shprehur i bindur n\u00eb pafaj\u00ebsi. Salianji tha se prokuror\u00ebt q\u00eb u morr\u00ebn me \u00e7\u00ebshtjen dhe gjyqtari i shkall\u00ebs s\u00eb par\u00eb jan\u00eb larguar nga vettingu ose kan\u00eb dh\u00ebn\u00eb dor\u00ebheqjen. Deputeti [&hellip;]<\/p>\n","protected":false,"gt_translate_keys":[{"key":"rendered","format":"html"}]},"author":32,"featured_media":533604,"comment_status":"closed","ping_status":"closed","sticky":false,"template":"","format":"standard","meta":{"footnotes":""},"categories":[65,13],"tags":[],"class_list":["post-533603","post","type-post","status-publish","format-standard","has-post-thumbnail","hentry","category-lajme","category-te-fundit"],"gt_translate_keys":[{"key":"link","format":"url"}],"_links":{"self":[{"href":"https:\/\/www.hashtag.al\/index.php\/wp-json\/wp\/v2\/posts\/533603","targetHints":{"allow":["GET"]}}],"collection":[{"href":"https:\/\/www.hashtag.al\/index.php\/wp-json\/wp\/v2\/posts"}],"about":[{"href":"https:\/\/www.hashtag.al\/index.php\/wp-json\/wp\/v2\/types\/post"}],"author":[{"embeddable":true,"href":"https:\/\/www.hashtag.al\/index.php\/wp-json\/wp\/v2\/users\/32"}],"replies":[{"embeddable":true,"href":"https:\/\/www.hashtag.al\/index.php\/wp-json\/wp\/v2\/comments?post=533603"}],"version-history":[{"count":0,"href":"https:\/\/www.hashtag.al\/index.php\/wp-json\/wp\/v2\/posts\/533603\/revisions"}],"wp:featuredmedia":[{"embeddable":true,"href":"https:\/\/www.hashtag.al\/index.php\/wp-json\/wp\/v2\/media\/533604"}],"wp:attachment":[{"href":"https:\/\/www.hashtag.al\/index.php\/wp-json\/wp\/v2\/media?parent=533603"}],"wp:term":[{"taxonomy":"category","embeddable":true,"href":"https:\/\/www.hashtag.al\/index.php\/wp-json\/wp\/v2\/categories?post=533603"},{"taxonomy":"post_tag","embeddable":true,"href":"https:\/\/www.hashtag.al\/index.php\/wp-json\/wp\/v2\/tags?post=533603"}],"curies":[{"name":"wp","href":"https:\/\/api.w.org\/{rel}","templated":true}]}}