{"id":533528,"date":"2022-07-04T10:36:10","date_gmt":"2022-07-04T08:36:10","guid":{"rendered":"https:\/\/www.hashtag.al\/?p=533528"},"modified":"2022-07-04T10:36:10","modified_gmt":"2022-07-04T08:36:10","slug":"nis-regjistrimi-i-femijeve-ne-klasat-e-para-e-te-dhjeta-do-behet-ne-e-albania","status":"publish","type":"post","link":"https:\/\/www.hashtag.al\/index.php\/2022\/07\/04\/nis-regjistrimi-i-femijeve-ne-klasat-e-para-e-te-dhjeta-do-behet-ne-e-albania\/","title":{"rendered":"Nis regjistrimi i f\u00ebmij\u00ebve n\u00eb klasat e para e t\u00eb dhjeta, do b\u00ebhet n\u00eb e-Albania","gt_translate_keys":[{"key":"rendered","format":"text"}]},"content":{"rendered":"<p><span style=\"color: #000000;\"><img loading=\"lazy\" decoding=\"async\" class=\"aligncenter size-full wp-image-469054\" src=\"https:\/\/www.hashtag.al\/wp-content\/uploads\/2021\/08\/shkolla.png\" alt=\"\" width=\"863\" height=\"573\" srcset=\"https:\/\/www.hashtag.al\/wp-content\/uploads\/2021\/08\/shkolla.png 863w, https:\/\/www.hashtag.al\/wp-content\/uploads\/2021\/08\/shkolla-300x199.png 300w, https:\/\/www.hashtag.al\/wp-content\/uploads\/2021\/08\/shkolla-768x510.png 768w\" sizes=\"auto, (max-width: 863px) 100vw, 863px\" \/><\/span><\/p>\n<p><span style=\"color: #000000;\">Nis sot regjistrimi i f\u00ebmij\u00ebve n\u00eb klasat e para e t\u00eb dhjeta q\u00eb do b\u00ebhet p\u00ebr her\u00eb t\u00eb par\u00eb nga platforma e-Albania p\u00ebr t\u00eb gjitha shkollat. <\/span><\/p>\n<p><span style=\"color: #000000;\">Vitin e shkuar kjom\u00ebnyr\u00eb regjistrimi u p\u00ebrdor n\u00eb 182 shkolla n\u00eb vend. P\u00ebr klasat e para datat e regjistrimit do jen\u00eb 4-17 korrik nd\u00ebrsa p\u00ebr klasat e dhjeta datat e regjistrimit jan\u00eb 12-24 korrik.<\/span><\/p>\n<p><span style=\"color: #000000;\">Regjistrimi do b\u00ebhet nga \u00e7do prind apo kujdestar ligjor i f\u00ebmij\u00ebve t\u00eb cil\u00ebt pasi do futen n\u00eb llogarin\u00eb e tyre n\u00eb portal do duhet t\u00eb plot\u00ebsojn\u00eb formularin e aplikimit, t\u00eb p\u00ebrzgjedh\u00eb m\u00eb sakt\u00ebsi nj\u00ebsin\u00eb administrative ku b\u00ebn pjes\u00eb, rrug\u00ebn e shkoll\u00ebn q\u00eb shfaqet n\u00eb sistem.<\/span><\/p>\n","protected":false,"gt_translate_keys":[{"key":"rendered","format":"html"}]},"excerpt":{"rendered":"<p>Nis sot regjistrimi i f\u00ebmij\u00ebve n\u00eb klasat e para e t\u00eb dhjeta q\u00eb do b\u00ebhet p\u00ebr her\u00eb t\u00eb par\u00eb nga platforma e-Albania p\u00ebr t\u00eb gjitha shkollat. Vitin e shkuar kjom\u00ebnyr\u00eb regjistrimi u p\u00ebrdor n\u00eb 182 shkolla n\u00eb vend. P\u00ebr klasat e para datat e regjistrimit do jen\u00eb 4-17 korrik nd\u00ebrsa p\u00ebr klasat e dhjeta datat [&hellip;]<\/p>\n","protected":false,"gt_translate_keys":[{"key":"rendered","format":"html"}]},"author":51,"featured_media":469054,"comment_status":"closed","ping_status":"closed","sticky":false,"template":"","format":"standard","meta":{"footnotes":""},"categories":[65,13,1],"tags":[],"class_list":["post-533528","post","type-post","status-publish","format-standard","has-post-thumbnail","hentry","category-lajme","category-te-fundit","category-uncategorized"],"gt_translate_keys":[{"key":"link","format":"url"}],"_links":{"self":[{"href":"https:\/\/www.hashtag.al\/index.php\/wp-json\/wp\/v2\/posts\/533528","targetHints":{"allow":["GET"]}}],"collection":[{"href":"https:\/\/www.hashtag.al\/index.php\/wp-json\/wp\/v2\/posts"}],"about":[{"href":"https:\/\/www.hashtag.al\/index.php\/wp-json\/wp\/v2\/types\/post"}],"author":[{"embeddable":true,"href":"https:\/\/www.hashtag.al\/index.php\/wp-json\/wp\/v2\/users\/51"}],"replies":[{"embeddable":true,"href":"https:\/\/www.hashtag.al\/index.php\/wp-json\/wp\/v2\/comments?post=533528"}],"version-history":[{"count":0,"href":"https:\/\/www.hashtag.al\/index.php\/wp-json\/wp\/v2\/posts\/533528\/revisions"}],"wp:featuredmedia":[{"embeddable":true,"href":"https:\/\/www.hashtag.al\/index.php\/wp-json\/wp\/v2\/media\/469054"}],"wp:attachment":[{"href":"https:\/\/www.hashtag.al\/index.php\/wp-json\/wp\/v2\/media?parent=533528"}],"wp:term":[{"taxonomy":"category","embeddable":true,"href":"https:\/\/www.hashtag.al\/index.php\/wp-json\/wp\/v2\/categories?post=533528"},{"taxonomy":"post_tag","embeddable":true,"href":"https:\/\/www.hashtag.al\/index.php\/wp-json\/wp\/v2\/tags?post=533528"}],"curies":[{"name":"wp","href":"https:\/\/api.w.org\/{rel}","templated":true}]}}